{"id":520,"date":"2022-04-01T02:54:00","date_gmt":"2022-04-01T00:54:00","guid":{"rendered":"https:\/\/lavoiedessansvoix.fr\/lavoie\/2022\/04\/01\/archive-encore-macron-no\/"},"modified":"2026-04-26T20:43:45","modified_gmt":"2026-04-26T18:43:45","slug":"archive-encore-macron-no","status":"publish","type":"post","link":"https:\/\/lavoiedessansvoix.fr\/lavoie\/2022\/04\/01\/archive-encore-macron-no\/","title":{"rendered":"ENCORE \u201cMACRON NO!\u201d"},"content":{"rendered":"<p>ENCORE \u201cMACRON NO!\u201dVous allez dire que je me r\u00e9p\u00e8te. Mon article, \u201cMacron no !\u201d, du 17 mars 2022 a eu un franc succ\u00e8s. Mais ce n\u2019\u00e9tait en v\u00e9rit\u00e9 pas le premier. J\u2019avais publi\u00e9 dans un pass\u00e9 r\u00e9cent, le 20 avril 2017, un pr\u00e9c\u00e9dent article sous le m\u00eame titre. J\u2019en publie ici le lien &#8211; https:\/\/lavoiedessansvoix.fr\/forum\/content.php\/1049-MACRON-NO-%21-%284-BONNES-RAISONS-DE-NE-PAS-VOTER-MACRON%29 &#8211; afin que chacun puisse en v\u00e9rifier l\u2019authenticit\u00e9, et \u00e0 la suite le texte int\u00e9gral que je r\u00e9\u00e9dite.Vous en conviendrez, il s\u2019agit la d\u2019une belle performance de perspicacit\u00e9 politique qui m\u2019autorise \u00e0 le reredire : \u00ab Macron no ! \u00bbP.S., le 1er avril 2022.MACRON NO! (4 BONNES RAISONS DE NE PAS VOTER MACRON) Et ce sont toutes, comme nous l\u2019allons voir, du point de vue des travailleurs, des salari\u00e9s, des classes populaires, des raisons r\u00e9dhibitoires, c\u2019est-\u00e0-dire \u00ab des obstacles radicaux \u00bb. Une seule raison de cette nature suffirait donc \u00e0 justifier le refus de voter pour la cr\u00e9ature du fric, or nous en avons identifi\u00e9es quatre. Cela fait beaucoup. Les trois premi\u00e8res nous les avions d\u00e9j\u00e0 expos\u00e9es le 24 mars dans notre article \u00ab JE SUIS UN MOUTON JE VOTE MACRON \u00bb. Qu\u2019il nous soit permis de nous limiter \u00e0 les reproduire ici. \u00ab 1) Le traitement du ch\u00f4mage. Macrons veut supprimer les cotisations patronales et salariales qui constituent le socle du financement des allocations. Ce qui bien entendu, pour ceux qui ne pensent qu\u2019\u00e0 eux et se foutent du reste du monde peut dans un premier temps paraitre une mesure s\u00e9duisante. Mais il faut bien les financer tout de m\u00eame, alors Macron propose de le faire par l\u2019imp\u00f4t. Ce qui revient \u00e0 all\u00e9ger partiellement les charges des entreprises pour en reporter le poids sur les contribuables et comme ce sont les classes moyennes et les salari\u00e9s qui payent le plus d\u2019imp\u00f4ts, \u00e0 faire basculer \u00ab sur les m\u00e9nages \u00bb les salari\u00e9s et couche laborieuses une partie du financement du ch\u00f4mage qui incombait aux entreprises. Il s\u2019agit de \u00ab fiscalisation du ch\u00f4mage, comme autrefois Rocard inventa la CSG pour \u00ab fiscaliser les revenus de la SS. qui \u00e9chappait ainsi \u00e0 sa vocation paritaire. Cette mesure consiste en raccourci \u00e0 faire payer le ch\u00f4mage encore plus par les salari\u00e9s eux-m\u00eames, qui en sont pourtant les victimes \u00e0 plusieurs titres. 2) Le r\u00e9gime des retraites. Manuel Macron promet \u00ab une r\u00e9forme d\u2019une ampleur qui n\u2019a jamais \u00e9t\u00e9 faites. Veut-t -l nous dire par l\u00e0 qu\u2019il a l\u2019intention d\u2019aller plus loin que Jupp\u00e9 en 1995. L\u2019intention, car comme chacun sait Jupp\u00e9 fut stopp\u00e9 dans son \u00e9lan. Il veut r\u00e9aliser la remise \u00e0 plat de tous les r\u00e9gimes particuliers. Son cr\u00e9do c\u2019est que les avantages acquis par les travailleurs de tel ou tel m\u00e9tier branche ou corps de l\u2019\u00e9tat, serait une injustice intol\u00e9rable \u00e0 l\u2019\u00e9gard de ceux qui n\u2019ont pas les m\u00eames avantages. Soit, pourquoi ne  pas dire les choses ainsi s\u2019il s\u2019agit de faire b\u00e9n\u00e9ficier tous les travailleurs du meilleurs r\u00e9gime. Mais ce n\u2019est bien s\u00fbr pas l\u2019id\u00e9e de Macron, sa vision de la justice pour les travailleurs est mis\u00e9rabiliste, c\u2019est l\u2019arasement des r\u00e9gimes particuliers et l\u2019alignement par le bas. Il propose aussi la liquidation du r\u00e9gime par r\u00e9partition qui est pourtant un des piliers du mod\u00e8le social Fran\u00e7ais auquel il dit par ailleurs ne pas vouloir s\u2019attaquer, et son remplacement par un syst\u00e8me de retraite par points \u00ab un point, un euros \u00bb c\u2019est son slogan \u00bb, ce qui veut dire que les travailleurs mieux pay\u00e9s, pourront acqu\u00e9rir d\u2019avantages de points et donc une meilleure retraite. Mais l\u00e0 nous ne sommes plus dans la justice niveleuse par laquelle il a justifi\u00e9 sa charge contre les r\u00e9gimes particuliers. 3) La suppression de 120 000 fonctionnaires. Il est gentil Macron, Fillon lui dit \u00ab moins cinq cent mille \u00bb, et Jupp\u00e9 disait \u00ab moins cent mille \u00bb La v\u00e9rit\u00e9 c\u2019est que ce chiffrage n\u2019a aucune esp\u00e8ce d\u2019importance. Ce que feraient r\u00e9ellement dans ce domaine les uns et les autres d\u00e9pend d\u2019un trop grand nombre de facteurs. C\u2019est \u00e0 la fin du quinquennat de l\u2019\u00e9lu que l\u2019on chiffrera vraiment le nombre des emplois d\u00e9truits dans les fonctions publiques. Non, la seule chose qu\u2019il faut retenir c\u2019est que les uns et les autres veulent ouvrir en grand \u00ab ce chantier \u00bb de la r\u00e9duction massive du nombre de fonctionnaires. Mais attention, supprimer des emplois de fonctionnaires cela ne veut pas n\u00e9cessairement dire supprimer autant d\u2019emplois r\u00e9els. Cela peut vouloir dire surtout supprimer des emplois au statut pour les remplacer par des emplois d\u2019intervenants ext\u00e9rieurs, de sous-traitants, des CDD et des emplois pr\u00e9caires. Ne garder sous statuts que les emplois des grands commis de l\u2019Etat dont il faut s\u2019assurer la fid\u00e9lit\u00e9, et en sortir tous les petits emplois techniques ou de \u00ab chatouilles ordinateurs \u00bb (version r\u00e9actualis\u00e9e du gratte-papier). C\u2019est donc surtout, dans un cas comme dans l\u2019autre, d\u2019une attaque massive contre les statuts des fonctions publiques dont il est question ici. Toutes ces mesures ont un point commun, elles visent \u00e0 diminuer la part des revenus distribu\u00e9s aux classes laborieuses et populaires et \u00e0 augmenter ainsi la part du revenu du syst\u00e8me financier, des Banques, de la Bourses, des dividendes distribu\u00e9s aux actionnaires. On le voit d\u00e9j\u00e0 \u00e0 ces trois raisons, du point de vue des classes laborieuses, le programme de monsieur Macron est une calamit\u00e9 qui n\u2019a rien \u00e0 envier \u00e0 celui de monsieur Fillon. Il n\u2019est pas mieux et surtout pas plus \u00e0 gauche. Non ! C\u2019est un programme de droite de la pire esp\u00e8ce m\u00eame plus radical que celui de monsieur Fillon. Or, il y a une quatri\u00e8me raison de ne pas voter pour cet individu, horrifiante celle-l\u00e0, peu mise en lumi\u00e8re et pour cause, c\u2019est \u00ab la guerre \u00bb o\u00f9 il nous conduirait. Ceux qui veulent voter \u00e0 droite (voter Macron c&rsquo;est voter \u00e0 droite) doivent se faire cette r\u00e9flexion, Fran\u00e7ois Fillon poss\u00e8de un avantage sur Macron, lui au moins pr\u00eache pour la d\u00e9tente des relations internationales, la diplomatie, la recherche de solutions n\u00e9goci\u00e9es, le r\u00e9\u00e9quilibrage de la politique internationale de la France \u00e0 l\u2019\u00e9gard de la Russie. Alors que Macron, l\u2019avatar de Fran\u00e7ois Hollande, s\u2019aligne totalement sur la politique internationale belliqueuse de son Mentor, voulant coute que coute, fusse au prix encore des centaines de milliers de morts, d\u00e9truire l\u2019Etat syrien, et qui fait du rattachement de la Crim\u00e9e \u00e0 la Russie un \u00ab casus-belli \u00bb, qui conduit l\u2019humanit\u00e9 droit dans le mur d\u2019une guerre mondiale d\u00e9sastreuse et peut-\u00eatre m\u00eame nucl\u00e9aire. Macron No ! Patrick Seignon. \u00ab lavoiedessansvoix.fr \u00bb. Jeudi 20 avril 2017.<\/p>\n","protected":false},"excerpt":{"rendered":"<p>ENCORE \u201cMACRON NO!\u201dVous allez dire que je me r\u00e9p\u00e8te. Mon article, \u201cMacron no !\u201d, du 17 mars 2022 a eu [&hellip;]<\/p>\n","protected":false},"author":1,"featured_media":4102,"comment_status":"open","ping_status":"open","sticky":false,"template":"","format":"standard","meta":{"sfsi_plus_gutenberg_text_before_share":"","sfsi_plus_gutenberg_show_text_before_share":"","sfsi_plus_gutenberg_icon_type":"","sfsi_plus_gutenberg_icon_alignemt":"","sfsi_plus_gutenburg_max_per_row":"","site-sidebar-layout":"default","site-content-layout":"","ast-site-content-layout":"default","site-content-style":"default","site-sidebar-style":"default","ast-global-header-display":"","ast-banner-title-visibility":"","ast-main-header-display":"","ast-hfb-above-header-display":"","ast-hfb-below-header-display":"","ast-hfb-mobile-header-display":"","site-post-title":"","ast-breadcrumbs-content":"","ast-featured-img":"","footer-sml-layout":"","ast-disable-related-posts":"","theme-transparent-header-meta":"","adv-header-id-meta":"","stick-header-meta":"","header-above-stick-meta":"","header-main-stick-meta":"","header-below-stick-meta":"","astra-migrate-meta-layouts":"default","ast-page-background-enabled":"default","ast-page-background-meta":{"desktop":{"background-color":"var(--ast-global-color-4)","background-image":"","background-repeat":"repeat","background-position":"center center","background-size":"auto","background-attachment":"scroll","background-type":"","background-media":"","overlay-type":"","overlay-color":"","overlay-opacity":"","overlay-gradient":""},"tablet":{"background-color":"","background-image":"","background-repeat":"repeat","background-position":"center center","background-size":"auto","background-attachment":"scroll","background-type":"","background-media":"","overlay-type":"","overlay-color":"","overlay-opacity":"","overlay-gradient":""},"mobile":{"background-color":"","background-image":"","background-repeat":"repeat","background-position":"center center","background-size":"auto","background-attachment":"scroll","background-type":"","background-media":"","overlay-type":"","overlay-color":"","overlay-opacity":"","overlay-gradient":""}},"ast-content-background-meta":{"desktop":{"background-color":"var(--ast-global-color-5)","background-image":"","background-repeat":"repeat","background-position":"center center","background-size":"auto","background-attachment":"scroll","background-type":"","background-media":"","overlay-type":"","overlay-color":"","overlay-opacity":"","overlay-gradient":""},"tablet":{"background-color":"var(--ast-global-color-5)","background-image":"","background-repeat":"repeat","background-position":"center center","background-size":"auto","background-attachment":"scroll","background-type":"","background-media":"","overlay-type":"","overlay-color":"","overlay-opacity":"","overlay-gradient":""},"mobile":{"background-color":"var(--ast-global-color-5)","background-image":"","background-repeat":"repeat","background-position":"center center","background-size":"auto","background-attachment":"scroll","background-type":"","background-media":"","overlay-type":"","overlay-color":"","overlay-opacity":"","overlay-gradient":""}},"footnotes":""},"categories":[16],"tags":[],"class_list":["post-520","post","type-post","status-publish","format-standard","has-post-thumbnail","hentry","category-archives-cms"],"_links":{"self":[{"href":"https:\/\/lavoiedessansvoix.fr\/lavoie\/wp-json\/wp\/v2\/posts\/520","targetHints":{"allow":["GET"]}}],"collection":[{"href":"https:\/\/lavoiedessansvoix.fr\/lavoie\/wp-json\/wp\/v2\/posts"}],"about":[{"href":"https:\/\/lavoiedessansvoix.fr\/lavoie\/wp-json\/wp\/v2\/types\/post"}],"author":[{"embeddable":true,"href":"https:\/\/lavoiedessansvoix.fr\/lavoie\/wp-json\/wp\/v2\/users\/1"}],"replies":[{"embeddable":true,"href":"https:\/\/lavoiedessansvoix.fr\/lavoie\/wp-json\/wp\/v2\/comments?post=520"}],"version-history":[{"count":1,"href":"https:\/\/lavoiedessansvoix.fr\/lavoie\/wp-json\/wp\/v2\/posts\/520\/revisions"}],"predecessor-version":[{"id":3059,"href":"https:\/\/lavoiedessansvoix.fr\/lavoie\/wp-json\/wp\/v2\/posts\/520\/revisions\/3059"}],"wp:featuredmedia":[{"embeddable":true,"href":"https:\/\/lavoiedessansvoix.fr\/lavoie\/wp-json\/wp\/v2\/media\/4102"}],"wp:attachment":[{"href":"https:\/\/lavoiedessansvoix.fr\/lavoie\/wp-json\/wp\/v2\/media?parent=520"}],"wp:term":[{"taxonomy":"category","embeddable":true,"href":"https:\/\/lavoiedessansvoix.fr\/lavoie\/wp-json\/wp\/v2\/categories?post=520"},{"taxonomy":"post_tag","embeddable":true,"href":"https:\/\/lavoiedessansvoix.fr\/lavoie\/wp-json\/wp\/v2\/tags?post=520"}],"curies":[{"name":"wp","href":"https:\/\/api.w.org\/{rel}","templated":true}]}}