{"id":519,"date":"2022-04-05T06:26:00","date_gmt":"2022-04-05T04:26:00","guid":{"rendered":"https:\/\/lavoiedessansvoix.fr\/lavoie\/2022\/04\/05\/archive-lettre-a-gaelle-transition-climatique-ou-transition-politique-et-sociale\/"},"modified":"2026-04-26T20:43:37","modified_gmt":"2026-04-26T18:43:37","slug":"archive-lettre-a-gaelle-transition-climatique-ou-transition-politique-et-sociale","status":"publish","type":"post","link":"https:\/\/lavoiedessansvoix.fr\/lavoie\/2022\/04\/05\/archive-lettre-a-gaelle-transition-climatique-ou-transition-politique-et-sociale\/","title":{"rendered":"LETTRE A GA\u00cbLLE Transition climatique ou transition politique et sociale ?"},"content":{"rendered":"<p>LETTRE A GA\u00cbLLETransition climatique ou  transition politique et sociale ?J\u2019ai vu aujourd\u2019hui ta publication sur \u00ab Facebook \u00bb : J&rsquo;dis \u00e7a j&rsquo;dis rien\u00ab Baisser le chauffage, ne pas prendre de bain, \u00e9teindre la box la nuit\u2026Ben tiens.Faire des coupes du monde dans des stades climatis\u00e9s, faire traverser les oc\u00e9ans \u00e0 des I.phone, saturer l&rsquo;espace a\u00e9rien d&rsquo;avions, \u00e7a par contre \u00e7a passe. \u00bbIl y a longtemps que j\u2019attendais cette occasion, un point d\u2019accroche \u00bb si je puis dire, pour enfin m\u2019exprimer sans fard sur la question climatique. Vider mon sac, aller droit au but. Merci Ga\u00eblle de m\u2019en donner l\u2019occasion.Bon, je sais que c\u2019est risqu\u00e9, par ces temps de r\u00e8gne du \u00ab minist\u00e8re de la v\u00e9rit\u00e9 \u00bb. Tu t\u2019opposes \u00e0 une th\u00e9rapie g\u00e9nie inutile pour soigner une maladie b\u00e9nigne, et te voil\u00e0 \u00ab Antivax \u00bb, voire m\u00eame \u00ab confusionniste ou \u00ab d\u2019extr\u00eame droite \u00bb. Tu conteste le bien-fond\u00e9 d\u2019une mobilisation populaire contre le \u00ab d\u00e9r\u00e8glement climatique \u00bb et te voil\u00e0 peut-\u00eatre \u00ab climatosceptique \u00bb si ce n\u2019est \u00ab trumpiste \u00bb. Bon, tu as constat\u00e9 Ga\u00eblle, les mensonges, les avanies, les insultes, rien ne peut m\u2019emp\u00eacher de d\u00e9fendre ma part de v\u00e9rit\u00e9. Il en ira du climat comme des vaccins anti-covid. Si d\u2019aventure j\u2019\u00e9tais v\u00e9ritablement confondu, convaincu, de \u00ab trumpisme \u00bb je r\u00e9torquerais tout de suite qu\u2019\u00e0 choisir je pr\u00e9f\u00e8re \u00eatre \u00ab trumpiste \u00bb que trompeur, et m\u00eame \u00ab trumpiste \u00bb que tromp\u00e9.Qu\u2019il y est un probl\u00e8me d\u2019impact des activit\u00e9s humaines sur la \u00ab sant\u00e9 de la plan\u00e8te \u00bb, je n\u2019entends pas le nier : la d\u00e9forestation, la disparition des espaces naturels, la surexploitation des gisements fossiles, le gaspillage \u00e9nerg\u00e9tique, l\u2019accumulation pl\u00e9thorique des d\u00e9chets, la pollution des sols des eaux et des mers, etc. Oui, le capitalisme lib\u00e9ral est \u00ab plan\u00e9tovore. \u00bb Il pille, il saccage, il d\u00e9truit.Mais quand on manifeste \u00ab pour le climat \u00bb, quand on demande d\u2019appliquer \u00ab des solutions \u00bb \u00e0 ceux-l\u00e0 m\u00eames qui sont les fauteurs de probl\u00e8mes, on contribue \u00e0 tromper la jeunesse et les foules, \u00e0 user leurs \u00e9nergies \u00e0 ne rien faire, ou pire, \u00e0 donner pr\u00e9texte aux \u00ab maitres \u00bb d\u2019appliquer des politiques malthusiennes, antipopulaires ; A prendre raison de nos propres angoisses pour nous pressurer davantage. \u00ab La \u00ab transition climatique \u00bb est de cette esp\u00e8ce. Il s\u2019agit, comme le dit si bien ton post de rendre tout un chacun responsable de probl\u00e9matiques qui nous \u00e9chappent totalement car elles sont le fait des puissances \u00e9conomiques dominatrices. Il s\u2019agit pour celles-ci, de s\u2019emparer du pr\u00e9texte climatique pour faire accepter aux peuples, voire m\u00eame leur faire revendiquer eux-m\u00eames leur propre paup\u00e9risation et leur propre marginalisation.Quand on veut d\u00e9fendre la paix il faut se mobiliser contre l\u2019imp\u00e9rialisme \u00ab qui porte la guerre en lui comme la nu\u00e9e porte l\u2019orage \u00bb. Quand on veut d\u00e9fendre la plan\u00e8te et stopper \u00ab le d\u00e9r\u00e8glement climatique, il faut se mobiliser contre le capitalisme lib\u00e9ral \u00ab plan\u00e9tovore \u00bb. Les manifestations d\u2019aujourd\u2019hui pour le climat sont de la m\u00eame veine inoffensive que celles \u00ab Peace and love \u00bb des hippies d\u2019autre fois. Ce sont des tromperies con\u00e7ues pour embrigader la jeunesse, des leurres faits pour d\u00e9voyer ses col\u00e8res. Il n\u2019y a qu\u2019un seul et vrai combat, qui cumule, concentre et r\u00e9sume tous les autres, c\u2019est le combat pour \u00ab la transition sociale et politique \u00bb contre le capitalisme lib\u00e9ral, guerrier, liberticide et \u00ab plan\u00e9tovore \u00bb.Ce combat passe par la prise du pouvoir politique du peuple par le peuple pour le peuple, pour la fondation d\u2019une R\u00e9publique populaire vraiment d\u00e9mocratique qui \u00e0 la place de la valeur \u00ab argent \u00bb et du profit \u00bb remettra l\u2019humanit\u00e9, et donc sa \u00ab Terre nourrici\u00e8re \u00bb, au centre des pr\u00e9occupations humaines. Ne vous dispersez pas, ne vous \u00e9parpillez pas, ne vous divisez pas. Que d\u00e9valant des pentes des indignations l\u00e9gitimes toutes les contestations viennent grossir le m\u00eame torrent de la col\u00e8re et de la cr\u00e9ativit\u00e9 des peuples. Qu\u2019elles contribuent toutes, dans un effort collectif prom\u00e9th\u00e9en \u00e0 porter le combat indispensable de la transformation sociale et politique.Patrick Seignon. \u00ab lavoiedessansvoix.fr \u00bb. Mardi 5 avril 2022.<\/p>\n","protected":false},"excerpt":{"rendered":"<p>LETTRE A GA\u00cbLLETransition climatique ou transition politique et sociale ?J\u2019ai vu aujourd\u2019hui ta publication sur \u00ab Facebook \u00bb : J&rsquo;dis [&hellip;]<\/p>\n","protected":false},"author":1,"featured_media":4101,"comment_status":"open","ping_status":"open","sticky":false,"template":"","format":"standard","meta":{"sfsi_plus_gutenberg_text_before_share":"","sfsi_plus_gutenberg_show_text_before_share":"","sfsi_plus_gutenberg_icon_type":"","sfsi_plus_gutenberg_icon_alignemt":"","sfsi_plus_gutenburg_max_per_row":"","site-sidebar-layout":"default","site-content-layout":"","ast-site-content-layout":"default","site-content-style":"default","site-sidebar-style":"default","ast-global-header-display":"","ast-banner-title-visibility":"","ast-main-header-display":"","ast-hfb-above-header-display":"","ast-hfb-below-header-display":"","ast-hfb-mobile-header-display":"","site-post-title":"","ast-breadcrumbs-content":"","ast-featured-img":"","footer-sml-layout":"","ast-disable-related-posts":"","theme-transparent-header-meta":"","adv-header-id-meta":"","stick-header-meta":"","header-above-stick-meta":"","header-main-stick-meta":"","header-below-stick-meta":"","astra-migrate-meta-layouts":"default","ast-page-background-enabled":"default","ast-page-background-meta":{"desktop":{"background-color":"var(--ast-global-color-4)","background-image":"","background-repeat":"repeat","background-position":"center center","background-size":"auto","background-attachment":"scroll","background-type":"","background-media":"","overlay-type":"","overlay-color":"","overlay-opacity":"","overlay-gradient":""},"tablet":{"background-color":"","background-image":"","background-repeat":"repeat","background-position":"center center","background-size":"auto","background-attachment":"scroll","background-type":"","background-media":"","overlay-type":"","overlay-color":"","overlay-opacity":"","overlay-gradient":""},"mobile":{"background-color":"","background-image":"","background-repeat":"repeat","background-position":"center center","background-size":"auto","background-attachment":"scroll","background-type":"","background-media":"","overlay-type":"","overlay-color":"","overlay-opacity":"","overlay-gradient":""}},"ast-content-background-meta":{"desktop":{"background-color":"var(--ast-global-color-5)","background-image":"","background-repeat":"repeat","background-position":"center center","background-size":"auto","background-attachment":"scroll","background-type":"","background-media":"","overlay-type":"","overlay-color":"","overlay-opacity":"","overlay-gradient":""},"tablet":{"background-color":"var(--ast-global-color-5)","background-image":"","background-repeat":"repeat","background-position":"center center","background-size":"auto","background-attachment":"scroll","background-type":"","background-media":"","overlay-type":"","overlay-color":"","overlay-opacity":"","overlay-gradient":""},"mobile":{"background-color":"var(--ast-global-color-5)","background-image":"","background-repeat":"repeat","background-position":"center center","background-size":"auto","background-attachment":"scroll","background-type":"","background-media":"","overlay-type":"","overlay-color":"","overlay-opacity":"","overlay-gradient":""}},"footnotes":""},"categories":[16],"tags":[],"class_list":["post-519","post","type-post","status-publish","format-standard","has-post-thumbnail","hentry","category-archives-cms"],"_links":{"self":[{"href":"https:\/\/lavoiedessansvoix.fr\/lavoie\/wp-json\/wp\/v2\/posts\/519","targetHints":{"allow":["GET"]}}],"collection":[{"href":"https:\/\/lavoiedessansvoix.fr\/lavoie\/wp-json\/wp\/v2\/posts"}],"about":[{"href":"https:\/\/lavoiedessansvoix.fr\/lavoie\/wp-json\/wp\/v2\/types\/post"}],"author":[{"embeddable":true,"href":"https:\/\/lavoiedessansvoix.fr\/lavoie\/wp-json\/wp\/v2\/users\/1"}],"replies":[{"embeddable":true,"href":"https:\/\/lavoiedessansvoix.fr\/lavoie\/wp-json\/wp\/v2\/comments?post=519"}],"version-history":[{"count":1,"href":"https:\/\/lavoiedessansvoix.fr\/lavoie\/wp-json\/wp\/v2\/posts\/519\/revisions"}],"predecessor-version":[{"id":3057,"href":"https:\/\/lavoiedessansvoix.fr\/lavoie\/wp-json\/wp\/v2\/posts\/519\/revisions\/3057"}],"wp:featuredmedia":[{"embeddable":true,"href":"https:\/\/lavoiedessansvoix.fr\/lavoie\/wp-json\/wp\/v2\/media\/4101"}],"wp:attachment":[{"href":"https:\/\/lavoiedessansvoix.fr\/lavoie\/wp-json\/wp\/v2\/media?parent=519"}],"wp:term":[{"taxonomy":"category","embeddable":true,"href":"https:\/\/lavoiedessansvoix.fr\/lavoie\/wp-json\/wp\/v2\/categories?post=519"},{"taxonomy":"post_tag","embeddable":true,"href":"https:\/\/lavoiedessansvoix.fr\/lavoie\/wp-json\/wp\/v2\/tags?post=519"}],"curies":[{"name":"wp","href":"https:\/\/api.w.org\/{rel}","templated":true}]}}