{"id":518,"date":"2022-04-05T16:57:00","date_gmt":"2022-04-05T14:57:00","guid":{"rendered":"https:\/\/lavoiedessansvoix.fr\/lavoie\/2022\/04\/05\/archive-gare-a-l-intox-la-memoire-est-un-des-piliers-de-l-intelligence\/"},"modified":"2026-04-26T20:43:26","modified_gmt":"2026-04-26T18:43:26","slug":"archive-gare-a-l-intox-la-memoire-est-un-des-piliers-de-l-intelligence","status":"publish","type":"post","link":"https:\/\/lavoiedessansvoix.fr\/lavoie\/2022\/04\/05\/archive-gare-a-l-intox-la-memoire-est-un-des-piliers-de-l-intelligence\/","title":{"rendered":"GARE A L\u2019INTOX\u2026\u2026 (La m\u00e9moire est un des piliers de l\u2019intelligence)"},"content":{"rendered":"<p>GARE A L\u2019INTOX\u2026\u2026(La m\u00e9moire est un des piliers de l\u2019intelligence)\u00ab Affaire des charniers de Timi\u0219oaraL&rsquo;affaire des charniers de Timisoara est l&rsquo;histoire de fausses informations diffus\u00e9es sur les victimes de la r\u00e9pression du r\u00e9gime communiste de Roumanie dirig\u00e9 par Nicolae Ceeau\u00e7escu en d\u00e9cembre 1989, au d\u00e9but de la r\u00e9volution roumaine de 1989. Une vingtaine de corps de personnes mortes avant le d\u00e9but des \u00e9v\u00e9nements ont \u00e9t\u00e9 photographi\u00e9es et film\u00e9es par les m\u00e9dias internationaux, et sur la base de fausses informations propag\u00e9es notamment par l&rsquo;agence de presse yougoslave Tanjug, donn\u00e9es comme des victimes des forces de s\u00e9curit\u00e9. Une fois la v\u00e9rit\u00e9 r\u00e9tablie, cet \u00e9pisode a d\u00e9clench\u00e9 une vive pol\u00e9mique sur l&rsquo;incapacit\u00e9 de la presse \u00e0 enqu\u00eater de fa\u00e7on professionnelle sur les \u00e9v\u00e9nements. En France, cet incident a \u00e9t\u00e9 interpr\u00e9t\u00e9 comme le r\u00e9sultat d&rsquo;une campagne de d\u00e9sinformation et de manipulation des m\u00e9dias, m\u00eame si aucun \u00e9l\u00e9ment mat\u00e9riel n&rsquo;a jamais permis d&rsquo;\u00e9tablir que l&rsquo;exhumation de ce charnier ne soit autre chose que le produit du d\u00e9sordre g\u00e9n\u00e9r\u00e9 par l&rsquo;insurrection dans la ville. \u00bb (Extrait de la page Wikip\u00e9dia rapportant ces faits.)Pas d\u2019emballement mes amis, les ennemis de la Russie ne sont pas nos amis. Ce sont nos maitres imp\u00e9rialistes, les m\u00eames qui veulent nous vacciner comme du b\u00e9tail.Patrick Seignon.<\/p>\n","protected":false},"excerpt":{"rendered":"<p>GARE A L\u2019INTOX\u2026\u2026(La m\u00e9moire est un des piliers de l\u2019intelligence)\u00ab Affaire des charniers de Timi\u0219oaraL&rsquo;affaire des charniers de Timisoara est [&hellip;]<\/p>\n","protected":false},"author":1,"featured_media":4099,"comment_status":"open","ping_status":"open","sticky":false,"template":"","format":"standard","meta":{"sfsi_plus_gutenberg_text_before_share":"","sfsi_plus_gutenberg_show_text_before_share":"","sfsi_plus_gutenberg_icon_type":"","sfsi_plus_gutenberg_icon_alignemt":"","sfsi_plus_gutenburg_max_per_row":"","site-sidebar-layout":"default","site-content-layout":"","ast-site-content-layout":"default","site-content-style":"default","site-sidebar-style":"default","ast-global-header-display":"","ast-banner-title-visibility":"","ast-main-header-display":"","ast-hfb-above-header-display":"","ast-hfb-below-header-display":"","ast-hfb-mobile-header-display":"","site-post-title":"","ast-breadcrumbs-content":"","ast-featured-img":"","footer-sml-layout":"","ast-disable-related-posts":"","theme-transparent-header-meta":"","adv-header-id-meta":"","stick-header-meta":"","header-above-stick-meta":"","header-main-stick-meta":"","header-below-stick-meta":"","astra-migrate-meta-layouts":"default","ast-page-background-enabled":"default","ast-page-background-meta":{"desktop":{"background-color":"var(--ast-global-color-4)","background-image":"","background-repeat":"repeat","background-position":"center center","background-size":"auto","background-attachment":"scroll","background-type":"","background-media":"","overlay-type":"","overlay-color":"","overlay-opacity":"","overlay-gradient":""},"tablet":{"background-color":"","background-image":"","background-repeat":"repeat","background-position":"center center","background-size":"auto","background-attachment":"scroll","background-type":"","background-media":"","overlay-type":"","overlay-color":"","overlay-opacity":"","overlay-gradient":""},"mobile":{"background-color":"","background-image":"","background-repeat":"repeat","background-position":"center center","background-size":"auto","background-attachment":"scroll","background-type":"","background-media":"","overlay-type":"","overlay-color":"","overlay-opacity":"","overlay-gradient":""}},"ast-content-background-meta":{"desktop":{"background-color":"var(--ast-global-color-5)","background-image":"","background-repeat":"repeat","background-position":"center center","background-size":"auto","background-attachment":"scroll","background-type":"","background-media":"","overlay-type":"","overlay-color":"","overlay-opacity":"","overlay-gradient":""},"tablet":{"background-color":"var(--ast-global-color-5)","background-image":"","background-repeat":"repeat","background-position":"center center","background-size":"auto","background-attachment":"scroll","background-type":"","background-media":"","overlay-type":"","overlay-color":"","overlay-opacity":"","overlay-gradient":""},"mobile":{"background-color":"var(--ast-global-color-5)","background-image":"","background-repeat":"repeat","background-position":"center center","background-size":"auto","background-attachment":"scroll","background-type":"","background-media":"","overlay-type":"","overlay-color":"","overlay-opacity":"","overlay-gradient":""}},"footnotes":""},"categories":[16],"tags":[],"class_list":["post-518","post","type-post","status-publish","format-standard","has-post-thumbnail","hentry","category-archives-cms"],"_links":{"self":[{"href":"https:\/\/lavoiedessansvoix.fr\/lavoie\/wp-json\/wp\/v2\/posts\/518","targetHints":{"allow":["GET"]}}],"collection":[{"href":"https:\/\/lavoiedessansvoix.fr\/lavoie\/wp-json\/wp\/v2\/posts"}],"about":[{"href":"https:\/\/lavoiedessansvoix.fr\/lavoie\/wp-json\/wp\/v2\/types\/post"}],"author":[{"embeddable":true,"href":"https:\/\/lavoiedessansvoix.fr\/lavoie\/wp-json\/wp\/v2\/users\/1"}],"replies":[{"embeddable":true,"href":"https:\/\/lavoiedessansvoix.fr\/lavoie\/wp-json\/wp\/v2\/comments?post=518"}],"version-history":[{"count":2,"href":"https:\/\/lavoiedessansvoix.fr\/lavoie\/wp-json\/wp\/v2\/posts\/518\/revisions"}],"predecessor-version":[{"id":4100,"href":"https:\/\/lavoiedessansvoix.fr\/lavoie\/wp-json\/wp\/v2\/posts\/518\/revisions\/4100"}],"wp:featuredmedia":[{"embeddable":true,"href":"https:\/\/lavoiedessansvoix.fr\/lavoie\/wp-json\/wp\/v2\/media\/4099"}],"wp:attachment":[{"href":"https:\/\/lavoiedessansvoix.fr\/lavoie\/wp-json\/wp\/v2\/media?parent=518"}],"wp:term":[{"taxonomy":"category","embeddable":true,"href":"https:\/\/lavoiedessansvoix.fr\/lavoie\/wp-json\/wp\/v2\/categories?post=518"},{"taxonomy":"post_tag","embeddable":true,"href":"https:\/\/lavoiedessansvoix.fr\/lavoie\/wp-json\/wp\/v2\/tags?post=518"}],"curies":[{"name":"wp","href":"https:\/\/api.w.org\/{rel}","templated":true}]}}