{"id":515,"date":"2022-04-13T10:39:00","date_gmt":"2022-04-13T08:39:00","guid":{"rendered":"https:\/\/lavoiedessansvoix.fr\/lavoie\/2022\/04\/13\/archive-ici-et-maintenant\/"},"modified":"2026-04-26T20:43:00","modified_gmt":"2026-04-26T18:43:00","slug":"archive-ici-et-maintenant","status":"publish","type":"post","link":"https:\/\/lavoiedessansvoix.fr\/lavoie\/2022\/04\/13\/archive-ici-et-maintenant\/","title":{"rendered":"\u00ab ICI ET MAINTENANT \u00bb"},"content":{"rendered":"<p>\u00ab ICI ET MAINTENANT \u00bbMacron, c\u2019est le commis des Banques et de la haute finance. C\u2019est le grand pr\u00eatre du veau d\u2019or, c\u2019est le N\u00e9ron de la France, C\u2019est un despote et un tyran. 5 ans d\u00e9j\u00e0 que le peuple souffre et g\u00e9mit sous son joug. Cinq ans qu\u2019il vend \u00e0 l\u2019encan nos biens nationaux, dilapide le patrimoine public, humilie la France et les fran\u00e7ais, paup\u00e9rise le peuple, engraisse \u00e0 l\u2019or les coffres gloutons des milliardaires, d\u00e9r\u00e9glemente les m\u00e9tiers, d\u00e9tricotes les services publics, les acquis sociaux de 36 et du CNR, injurie et insulte et en un mot qu\u2019on lui emprunte \u00ab emmerde \u00bb les fran\u00e7ais.Cinq ans d\u00e9j\u00e0, matraquages, gaz, brutalit\u00e9s, mutilations, Gilets-jaunes, retraites, soignants, avocats et magistrats, m\u00e9decins et avocats, qu\u2019il accumule les inimiti\u00e9s et les haines. Et \u00e0 l\u2019heure des comptes faudrait-il que le peuple \u00ab bon enfant \u00bb oublie toutes ses ranc\u0153urs et sa soif de revanche pour \u00e9viter un \u00ab danger \u00bb soi-disant pire ? Mais que peut-il y avoir de pire que Macron ? Le Fascisme ? Mais c\u2019est quoi le fascisme ? Le fascisme est une politique anti ouvri\u00e8re et contre r\u00e9volutionnaire  brutale conduite par le grand capital en s\u2019appuyant sur les classes moyennes. Qu\u2019est-ce le Macronisme ? La pire, la plus brutale des politiques anti populaire que la France ait connu depuis Louis XVIII en prenant appuis sur la classe des cols blancs de la D\u00e9fense. N\u2019est-ce pas d\u00e9j\u00e0 une forme de Fascisme ?Les trahisons successives depuis quarante ans, des partis traditionnels de droite comme de gauche, ont nourrit la mont\u00e9e en force du \u00ab Front National \u00bb (actuel R.N.). Le peuple a souffert de ces trahisons. Et c\u2019est parce qu\u2019il a souffert du pi\u00e8ge de l\u2019alternance Droite\/Gauche qu\u2019il s\u2019est tourn\u00e9 vers le RN qui promettait seul la sortie de ce pi\u00e8ge. Alors quand le RN est devenu puissant au point de faire chanceler le pouvoir, celui-ci a d\u00e9cid\u00e9 de l\u2019instrumentaliser, de le transformer en un pi\u00e8ge pour le peuple plus terrible encore que l\u2019alternance : \u00ab Le chantage au danger de l\u2019extr\u00eame droite \u00bb.2002, 2007, 2012, 2017, voil\u00e0 4 scrutins pr\u00e9sidentiels d\u00e9j\u00e0 et vingt ans de vie presque le temps d\u2019une g\u00e9n\u00e9ration, que les pouvoirs r\u00e9els prennent le peuple \u00e0 ce pi\u00e8ge. En \u00e9chappera-t-on jamais ? Quand en \u00e9chappera-t-on et comment ? Ceux qui invitent le peuple \u00e0 renouveler chaque fois cette b\u00e9vue, sont en v\u00e9rit\u00e9 les alli\u00e9s de la tyrannie. Plut\u00f4t que d\u2019appeler \u00e0 la r\u00e9volte ils appellent \u00e0 la subordination. Fabien Roussel n\u2019a de communiste que le nom, il a rev\u00eatue la livr\u00e9e des valets..Quand et comment sortira-t-on de ce pi\u00e8ge ?Ici et maintenant ! On tente de nous faire peur \u00ab attention l\u2019extr\u00eame droite arrive \u00bb ; Mais l\u2019extr\u00eame droite elle est d\u00e9j\u00e0 l\u00e0 depuis cinq ans. Macron ou Le Pen c\u2019est qui v\u00e9ritablement l\u2019extr\u00eame droite ? Macron c\u2019est l\u2019extr\u00eame droite au service du capitalisme mondialiste, Le Pen ce serait plut\u00f4t l\u2019extr\u00eame droite au service du capitalisme national. Il n\u2019est de plus grand danger des peuples que le capitalisme mondialiste et le totalitarisme plan\u00e9taire qu\u2019il nous concocte.On peut encore faire sauter Macron, ne nous en privons pas. Nous le r\u00e9p\u00e9tons : \u00ab pas une seule voix pour Macron ! \u00bbQuant aux dangers, Macron ou Le Pen, nous continuerons \u00e0 nous mobiliser et \u00e0 nous battre tout pareil, et m\u00eame mieux peut-\u00eatre si Le Pen, car les traitres qui s\u2019acoquinent avec Manu ne s\u2019acoquineront peut-\u00eatre pas avec Marine. (Quoique l\u2019on puisse tout attendre de la nature des traitres)Patrick Seignon. \u00ab Lavoixdessansvoie.fr \u00bb Mercredi 13 avril 2022.<\/p>\n","protected":false},"excerpt":{"rendered":"<p>\u00ab ICI ET MAINTENANT \u00bbMacron, c\u2019est le commis des Banques et de la haute finance. C\u2019est le grand pr\u00eatre du [&hellip;]<\/p>\n","protected":false},"author":1,"featured_media":4096,"comment_status":"open","ping_status":"open","sticky":false,"template":"","format":"standard","meta":{"sfsi_plus_gutenberg_text_before_share":"","sfsi_plus_gutenberg_show_text_before_share":"","sfsi_plus_gutenberg_icon_type":"","sfsi_plus_gutenberg_icon_alignemt":"","sfsi_plus_gutenburg_max_per_row":"","site-sidebar-layout":"default","site-content-layout":"","ast-site-content-layout":"default","site-content-style":"default","site-sidebar-style":"default","ast-global-header-display":"","ast-banner-title-visibility":"","ast-main-header-display":"","ast-hfb-above-header-display":"","ast-hfb-below-header-display":"","ast-hfb-mobile-header-display":"","site-post-title":"","ast-breadcrumbs-content":"","ast-featured-img":"","footer-sml-layout":"","ast-disable-related-posts":"","theme-transparent-header-meta":"","adv-header-id-meta":"","stick-header-meta":"","header-above-stick-meta":"","header-main-stick-meta":"","header-below-stick-meta":"","astra-migrate-meta-layouts":"default","ast-page-background-enabled":"default","ast-page-background-meta":{"desktop":{"background-color":"var(--ast-global-color-4)","background-image":"","background-repeat":"repeat","background-position":"center center","background-size":"auto","background-attachment":"scroll","background-type":"","background-media":"","overlay-type":"","overlay-color":"","overlay-opacity":"","overlay-gradient":""},"tablet":{"background-color":"","background-image":"","background-repeat":"repeat","background-position":"center center","background-size":"auto","background-attachment":"scroll","background-type":"","background-media":"","overlay-type":"","overlay-color":"","overlay-opacity":"","overlay-gradient":""},"mobile":{"background-color":"","background-image":"","background-repeat":"repeat","background-position":"center center","background-size":"auto","background-attachment":"scroll","background-type":"","background-media":"","overlay-type":"","overlay-color":"","overlay-opacity":"","overlay-gradient":""}},"ast-content-background-meta":{"desktop":{"background-color":"var(--ast-global-color-5)","background-image":"","background-repeat":"repeat","background-position":"center center","background-size":"auto","background-attachment":"scroll","background-type":"","background-media":"","overlay-type":"","overlay-color":"","overlay-opacity":"","overlay-gradient":""},"tablet":{"background-color":"var(--ast-global-color-5)","background-image":"","background-repeat":"repeat","background-position":"center center","background-size":"auto","background-attachment":"scroll","background-type":"","background-media":"","overlay-type":"","overlay-color":"","overlay-opacity":"","overlay-gradient":""},"mobile":{"background-color":"var(--ast-global-color-5)","background-image":"","background-repeat":"repeat","background-position":"center center","background-size":"auto","background-attachment":"scroll","background-type":"","background-media":"","overlay-type":"","overlay-color":"","overlay-opacity":"","overlay-gradient":""}},"footnotes":""},"categories":[16],"tags":[],"class_list":["post-515","post","type-post","status-publish","format-standard","has-post-thumbnail","hentry","category-archives-cms"],"_links":{"self":[{"href":"https:\/\/lavoiedessansvoix.fr\/lavoie\/wp-json\/wp\/v2\/posts\/515","targetHints":{"allow":["GET"]}}],"collection":[{"href":"https:\/\/lavoiedessansvoix.fr\/lavoie\/wp-json\/wp\/v2\/posts"}],"about":[{"href":"https:\/\/lavoiedessansvoix.fr\/lavoie\/wp-json\/wp\/v2\/types\/post"}],"author":[{"embeddable":true,"href":"https:\/\/lavoiedessansvoix.fr\/lavoie\/wp-json\/wp\/v2\/users\/1"}],"replies":[{"embeddable":true,"href":"https:\/\/lavoiedessansvoix.fr\/lavoie\/wp-json\/wp\/v2\/comments?post=515"}],"version-history":[{"count":1,"href":"https:\/\/lavoiedessansvoix.fr\/lavoie\/wp-json\/wp\/v2\/posts\/515\/revisions"}],"predecessor-version":[{"id":3049,"href":"https:\/\/lavoiedessansvoix.fr\/lavoie\/wp-json\/wp\/v2\/posts\/515\/revisions\/3049"}],"wp:featuredmedia":[{"embeddable":true,"href":"https:\/\/lavoiedessansvoix.fr\/lavoie\/wp-json\/wp\/v2\/media\/4096"}],"wp:attachment":[{"href":"https:\/\/lavoiedessansvoix.fr\/lavoie\/wp-json\/wp\/v2\/media?parent=515"}],"wp:term":[{"taxonomy":"category","embeddable":true,"href":"https:\/\/lavoiedessansvoix.fr\/lavoie\/wp-json\/wp\/v2\/categories?post=515"},{"taxonomy":"post_tag","embeddable":true,"href":"https:\/\/lavoiedessansvoix.fr\/lavoie\/wp-json\/wp\/v2\/tags?post=515"}],"curies":[{"name":"wp","href":"https:\/\/api.w.org\/{rel}","templated":true}]}}