{"id":514,"date":"2022-04-16T05:31:00","date_gmt":"2022-04-16T03:31:00","guid":{"rendered":"https:\/\/lavoiedessansvoix.fr\/lavoie\/2022\/04\/16\/archive-le-courage-de-la-verite\/"},"modified":"2026-04-26T20:42:51","modified_gmt":"2026-04-26T18:42:51","slug":"archive-le-courage-de-la-verite","status":"publish","type":"post","link":"https:\/\/lavoiedessansvoix.fr\/lavoie\/2022\/04\/16\/archive-le-courage-de-la-verite\/","title":{"rendered":"LE COURAGE DE LA V\u00c9RIT\u00c9"},"content":{"rendered":"<p>LE COURAGE DE LA V\u00c9RIT\u00c9J\u2019\u00e9tais, je l\u2019ai dit, \u00ab communiste \u00e0 16 ans. Certes un communiste mal \u00e9difi\u00e9 encore. Mais je me suis engag\u00e9 toujours, j\u2019ai caus\u00e9, \u00e9chang\u00e9, lu, appris, explor\u00e9, lutt\u00e9, et je suis devenu un communiste, ou plus exactement un marxiste r\u00e9volutionnaire avis\u00e9. J\u2019ai soixante-quinze ans \u00e0 pr\u00e9sent, je n\u2019ai jamais d\u00e9rog\u00e9. Fid\u00e8le \u00e0 mes id\u00e9es quand tant d\u2019autres les ont reni\u00e9es. Alors, je peux le dire sans crainte, ceux qui s\u2019inqui\u00e8tent de mon int\u00e9grit\u00e9 politique ont infiniment tort.Je remercie ceux qui m\u2019ont soutenu au temps o\u00f9 des ostrogots hyst\u00e9riques voulaient \u00ab m\u2019\u00e9tiqueter Fasciste \u00bb. Mais je le leur dit tout net : \u00ab Votre soutien ne saurait-\u00eatre une entrave \u00e0 ma libre expression. Vos signatures ne sauraient \u00eatre les chaines de mon libre arbitre. \u00bbIl y a ceux, les \u00ab traitres francs du collier \u00bb car ils sont carr\u00e9ment pass\u00e9s dans l\u2019autre camp, qui appellent tous net \u00e0 voter Macron. Et puis il y a les autres, tous les autres , dont je suis, dont les uns appellent \u00e0 ne pas donner une voix \u00e0 madame le Pen et les autres \u00e0 ne pas en donner une seule \u00e0 Macron. Ceux qui ne veulent pas donner de voix \u00e0 madame Le Pen veulent en v\u00e9rit\u00e9, m\u00eame s\u2019ils rechignent \u00e0 se l\u2019avouer \u00e0 eux-m\u00eames, faire r\u00e9\u00e9lire Macron. Ceux qui ne veulent pas donner une voix \u00e0 Macron veulent en v\u00e9rit\u00e9, m\u00eame s\u2019ils rechignent \u00e0 l\u2019avouer, faire \u00e9lire Madame Le Pen.Qui osera vilipender ma \u00ab malhonn\u00eatet\u00e9, d\u2019utiliser cette formule tordue \u00ab pas une seule voix pour Macron \u00bb plut\u00f4t qu\u2019appeler clairement \u00e0 voter Le Pen ?En tout cas, pas ceux, je l\u2019esp\u00e8re, qui utilisent cette m\u00eame formule tordue : \u00ab pas une seule voix pour Madame Le Pen \u00bb, plut\u00f4t qu\u2019appeler clairement \u00e0 voter Macron ? Pour \u00e9viter Le Pen il faut faire \u00e9lire Macron. Pour \u00e9viter Macron il faut faire \u00e9lire Le Pen. Rien ne sert de tourner autour du pot. Alors \u00ab camarades \u00bb d\u00e9cidez-vous, o\u00f9 est-ce que vous avez mal au ventre.\u00ab Pas une voix pour Madame Le Pen, ni Macron ni Le Pen ! \u00bb ajoutent d\u2019autres qui croient \u00eatre ainsi venus \u00e0 bout du dilemme. Mais ils ne sont sortis de rien du tout. Ils se sont juste cr\u00e9\u00e9 un \u00e9cran de plus pour ne pas assumer leur v\u00e9rit\u00e9. Ce qu\u2019ils ne veulent pas non plus c\u2019est d\u2019une victoire \u00e9lectorale de Marine Le Pen, alors pourquoi ne pas avouer clairement que, pour conjurer ce risque, ils ont opt\u00e9 pour la victoire \u00ab pr\u00e9f\u00e9rable \u00e0 leur sens \u00bb de Monsieur Macron ? Serait-ce trop dur, trop douloureux de reconnaitre que l\u2019on s\u2019appr\u00eate \u00e0 avaler son dentier ?Je vous l\u2019accorde, il s\u2019agit l\u00e0 d\u2019une grossesse qui s\u2019annonce mal. Les jumeaux se pr\u00e9sentent ensemble et par le s\u00e9ant. Il va falloir en sacrifier un, il va falloir faire une c\u00e9sarienne. Il est des situations o\u00f9 l\u2019obst\u00e9tricien de service de l\u2019histoire ne doit pas balancer trop longtemps.Nous voil\u00e0 rendu \u00e0 l\u2019heure sonnante. Que chacun ait le courage de sa v\u00e9rit\u00e9. J\u2019ai le courage de la mienne. Osez dire la v\u00f4tre, que vous voulez renouveler Macron. Alors la mienne vous paraitra moins terrible, que pour virer Macron j\u2019accepte l\u2019id\u00e9e d\u2019une \u00e9lection de Marine Le Pen. Patrick Seignon. \u00ab lavoiedessansvoix.fr \u00bb Samedi 16 avril 2022.<\/p>\n","protected":false},"excerpt":{"rendered":"<p>LE COURAGE DE LA V\u00c9RIT\u00c9J\u2019\u00e9tais, je l\u2019ai dit, \u00ab communiste \u00e0 16 ans. Certes un communiste mal \u00e9difi\u00e9 encore. Mais [&hellip;]<\/p>\n","protected":false},"author":1,"featured_media":4095,"comment_status":"open","ping_status":"open","sticky":false,"template":"","format":"standard","meta":{"sfsi_plus_gutenberg_text_before_share":"","sfsi_plus_gutenberg_show_text_before_share":"","sfsi_plus_gutenberg_icon_type":"","sfsi_plus_gutenberg_icon_alignemt":"","sfsi_plus_gutenburg_max_per_row":"","site-sidebar-layout":"default","site-content-layout":"","ast-site-content-layout":"default","site-content-style":"default","site-sidebar-style":"default","ast-global-header-display":"","ast-banner-title-visibility":"","ast-main-header-display":"","ast-hfb-above-header-display":"","ast-hfb-below-header-display":"","ast-hfb-mobile-header-display":"","site-post-title":"","ast-breadcrumbs-content":"","ast-featured-img":"","footer-sml-layout":"","ast-disable-related-posts":"","theme-transparent-header-meta":"","adv-header-id-meta":"","stick-header-meta":"","header-above-stick-meta":"","header-main-stick-meta":"","header-below-stick-meta":"","astra-migrate-meta-layouts":"default","ast-page-background-enabled":"default","ast-page-background-meta":{"desktop":{"background-color":"var(--ast-global-color-4)","background-image":"","background-repeat":"repeat","background-position":"center center","background-size":"auto","background-attachment":"scroll","background-type":"","background-media":"","overlay-type":"","overlay-color":"","overlay-opacity":"","overlay-gradient":""},"tablet":{"background-color":"","background-image":"","background-repeat":"repeat","background-position":"center center","background-size":"auto","background-attachment":"scroll","background-type":"","background-media":"","overlay-type":"","overlay-color":"","overlay-opacity":"","overlay-gradient":""},"mobile":{"background-color":"","background-image":"","background-repeat":"repeat","background-position":"center center","background-size":"auto","background-attachment":"scroll","background-type":"","background-media":"","overlay-type":"","overlay-color":"","overlay-opacity":"","overlay-gradient":""}},"ast-content-background-meta":{"desktop":{"background-color":"var(--ast-global-color-5)","background-image":"","background-repeat":"repeat","background-position":"center center","background-size":"auto","background-attachment":"scroll","background-type":"","background-media":"","overlay-type":"","overlay-color":"","overlay-opacity":"","overlay-gradient":""},"tablet":{"background-color":"var(--ast-global-color-5)","background-image":"","background-repeat":"repeat","background-position":"center center","background-size":"auto","background-attachment":"scroll","background-type":"","background-media":"","overlay-type":"","overlay-color":"","overlay-opacity":"","overlay-gradient":""},"mobile":{"background-color":"var(--ast-global-color-5)","background-image":"","background-repeat":"repeat","background-position":"center center","background-size":"auto","background-attachment":"scroll","background-type":"","background-media":"","overlay-type":"","overlay-color":"","overlay-opacity":"","overlay-gradient":""}},"footnotes":""},"categories":[16],"tags":[],"class_list":["post-514","post","type-post","status-publish","format-standard","has-post-thumbnail","hentry","category-archives-cms"],"_links":{"self":[{"href":"https:\/\/lavoiedessansvoix.fr\/lavoie\/wp-json\/wp\/v2\/posts\/514","targetHints":{"allow":["GET"]}}],"collection":[{"href":"https:\/\/lavoiedessansvoix.fr\/lavoie\/wp-json\/wp\/v2\/posts"}],"about":[{"href":"https:\/\/lavoiedessansvoix.fr\/lavoie\/wp-json\/wp\/v2\/types\/post"}],"author":[{"embeddable":true,"href":"https:\/\/lavoiedessansvoix.fr\/lavoie\/wp-json\/wp\/v2\/users\/1"}],"replies":[{"embeddable":true,"href":"https:\/\/lavoiedessansvoix.fr\/lavoie\/wp-json\/wp\/v2\/comments?post=514"}],"version-history":[{"count":1,"href":"https:\/\/lavoiedessansvoix.fr\/lavoie\/wp-json\/wp\/v2\/posts\/514\/revisions"}],"predecessor-version":[{"id":3047,"href":"https:\/\/lavoiedessansvoix.fr\/lavoie\/wp-json\/wp\/v2\/posts\/514\/revisions\/3047"}],"wp:featuredmedia":[{"embeddable":true,"href":"https:\/\/lavoiedessansvoix.fr\/lavoie\/wp-json\/wp\/v2\/media\/4095"}],"wp:attachment":[{"href":"https:\/\/lavoiedessansvoix.fr\/lavoie\/wp-json\/wp\/v2\/media?parent=514"}],"wp:term":[{"taxonomy":"category","embeddable":true,"href":"https:\/\/lavoiedessansvoix.fr\/lavoie\/wp-json\/wp\/v2\/categories?post=514"},{"taxonomy":"post_tag","embeddable":true,"href":"https:\/\/lavoiedessansvoix.fr\/lavoie\/wp-json\/wp\/v2\/tags?post=514"}],"curies":[{"name":"wp","href":"https:\/\/api.w.org\/{rel}","templated":true}]}}