{"id":513,"date":"2022-04-17T10:33:00","date_gmt":"2022-04-17T08:33:00","guid":{"rendered":"https:\/\/lavoiedessansvoix.fr\/lavoie\/2022\/04\/17\/archive-grand-guignol\/"},"modified":"2026-04-26T20:42:43","modified_gmt":"2026-04-26T18:42:43","slug":"archive-grand-guignol","status":"publish","type":"post","link":"https:\/\/lavoiedessansvoix.fr\/lavoie\/2022\/04\/17\/archive-grand-guignol\/","title":{"rendered":"Grand guignol"},"content":{"rendered":"<p>Grand guignolLes marionnettes du chapeauCe samedi 16 avril plusieurs manifestations antifascistes ont sillonn\u00e9 une trentaine de villes de France. Elles \u00e9taient appel\u00e9es par une myriade d\u2019organisations et associations sorties du chapeau de Macron. Magicien Macron ? M\u00eame pas ! Marionnettiste plut\u00f4t. Seuls n\u2019ont pas vu les grosses ficelles ceux qui ne voulaient pas les voir.Pourquoi, diantre, des manifestations antifascistes ce 16 avril 2022 entre les deux tours des \u00e9lections pr\u00e9sidentielles ? Vous l\u2019avez compris, il s\u2019agit d\u2019une op\u00e9ration de campagne \u00e9lectorale. Emmanuel Macron veut nous rejouer la partition de la \u00ab diabolisation de Marine Le Pen \u00bb comme en 2017. Toutes ces organisations, associations, syndicats ou partis qui ont donn\u00e9 leur caution \u00e0 cette initiative, m\u00eame lorsqu\u2019ils ou elles pr\u00e9tendent le contraire, \u00ab \u00e9taient en marche \u00bb pour la r\u00e9\u00e9lection de Macron.H\u00e9risse poilsSur un tract des organisateurs que j\u2019ai re\u00e7u par voie \u00e9lectronique, j\u2019ai d\u00e9nombr\u00e9 une liste de 72 \u00ab premiers signataires \u00bb, il y en aurait 350 si j\u2019ai bien compris. Trois cent cinquante organisations signataires,150 personnes, 200 peut-\u00eatre au plus fort, avaient r\u00e9pondu \u00e0 cet appel. Ce qui fait au mieux 0, 6 \u00e0 O,8 manifestant par collectif. Ce qui en dit long sur la repr\u00e9sentativit\u00e9 r\u00e9elle de \u00ab ces sigles \u00bb, la plupart vide. Du vent, de l\u2019esbrouffe, rien !Nombreux sont les animaux \u00e0 fourrure ou \u00e0 piquants, comme le porc \u00e9pic qui h\u00e9rissent leurs poils ou leurs dards, pour se faire plus gros, plus impressionnants face \u00e0 leurs adversaires. Cet \u00e9talement de sigle rel\u00e8ve de la m\u00eame m\u00e9thode. Il s\u2019agit d\u2019impressionner le commun des mortels avec un d\u00e9ferlement d\u2019organisations qui ne repr\u00e9sentent rien ou pas grand-chose. Nous voyons la r\u00e9alit\u00e9. Nous ne sommes pas impressionn\u00e9s du tout.La r\u00e9alit\u00e9 ? Un bide donc en v\u00e9rit\u00e9 que ces manifestations antifascistes. Pas \u00e9tonnant d\u2019ailleurs car il n\u2019est pas ais\u00e9 de mobiliser les gens contre un danger fantasm\u00e9. Seuls des fous, des hyst\u00e9riques, des sectaires, des parano\u00efaques, anim\u00e9s par leurs \u00ab visions \u00bb plus que par l\u2019observation des r\u00e9alit\u00e9s, peuvent se croire concern\u00e9s.Manifestation Antifascistes, vraiment ?La manifestation antifasciste de Tours \u00e9tait convoqu\u00e9e place Jean-Jaur\u00e8s o\u00f9 se r\u00e9unit chaque samedi depuis le17 juillet la manifestation pour les libert\u00e9s contre la dictature sanitaire. La biens\u00e9ance, le respect des autres auraient d\u00fb l\u2019inviter \u00e0 se regrouper partout ailleurs, il ne manque pas \u00e0 Tours de points de RDV potentiels. Mais de toute \u00e9vidence la biens\u00e9ance et le respect d\u2019autrui ne comptent pas au nombre des valeurs de \u00ab ces d\u00e9fenseurs journaliers \u00bb pr\u00e9tendus d\u2019une \u00ab R\u00e9publique d\u00e9mocratique sociale et solidaire \u00bb.  Il fallait, car ce sont toujours les m\u00eames en v\u00e9rit\u00e9, qu\u2019ils tentent de perturber le \u00ab rassemblement des \u00ab antipasse \u00bb. Il fallait, car ces \u00ab antifas \u00bb qui ont adopt\u00e9 les m\u00e9thodes brutales de leurs adversaires d\u00e9clar\u00e9s, agressent nos militants pacifistes, d\u00e9chirent leurs pancartes et d\u00e9truisent leurs tracts.Mobilisation contre le danger fasciste ? Oui, mais lequel ?Mais il est o\u00f9 le danger fasciste ? Marine Le Pen ? Ils le disent pourquoi pas ? Mais n\u2019existe-t-il pas pour l\u2019heure un danger plus imminent et oh combien plus grand pour les classes populaires de ce pays qui en ont d\u00e9j\u00e0 souffert depuis cinq ans. Le fascisme mondialiste de Macron d\u00e9j\u00e0 \u00e0 l\u2019\u0153uvre n\u2019a rien \u00e0 envier au \u00ab fascisme nationaliste \u00bb suppos\u00e9 de Marine Le Pen.LA R\u00c9ALIT\u00c9 : des \u00ab anarchistes \u00bb, des \u00ab Anticapitalistes \u00bb, des \u00ab Antifascistes \u00bb et quelques G.J \u00e9gar\u00e9s, qui volent au secours de Macron.Le danger fasciste \u00e0 leur sens c\u2019est la possible victoire de Madame le Pen ce 24 avril au soir du deuxi\u00e8me tour des \u00e9lections Pr\u00e9sidentielles. Et c\u2019est celui-ci qu\u2019ils veulent conjurer. Mais comment \u00ab conjurer le danger le penniste aux \u00e9lections Pr\u00e9sidentielles ? Cela peut-il signifier autre chose qu\u2019imposer une d\u00e9faite \u00e0 Marine le Pen ? Bien s\u00fbr que non. Or, imposer la d\u00e9faite \u00e0 Marine Le Pen c\u2019est favoriser la victoire d\u2019Emmanuel Macron.Mais ces antifascistes en \u00e9quipement de \u00ab baston \u00bb (Cagoules, gants, prot\u00e8ges dents, etc..) qui n\u2019ont rien dans la culotte, sont trop pusillanimes, ont trop honte d\u2019avouer leur avanie. Ils n\u2019ont pas le courage de dire tout net, \u00e0 ceux qu\u2019ils influencent ou souhaitent influencer qu\u2019ils militent pour la victoire de Macron.Alors ils ont trouv\u00e9 cette formule \u00ab faux-cul \u00bb, ni oui ni non : \u00ab Ni Macron, ni Le Pen \u00bb. Or, chacun le sait bien, au soir du 24 avril ce ne sera pas \u00ab ni ni \u00bb, \u00ab ni un ni l\u2019autre \u00bb, ce sera bien UN ou l\u2019AUTRE, ce sera Macron ou Le Pen, Le Pen ou Macron.Ceux-l\u00e0 se sont d\u00e9dits ? ont aval\u00e9 leur dentier. Rendus \u00e0 l\u2019heure des comptes ils ont fait all\u00e9geance \u00e0 leur ennemi qui les a mutil\u00e9s et paup\u00e9ris\u00e9s, humili\u00e9s hier, et, promis les pires calamit\u00e9s demain. Ils votent pour l\u2019esclavage. Ceux qui ont \u00e9t\u00e9 tromp\u00e9s par eux les maudiront demain quand ils se r\u00e9veilleront.Nous :Les v\u00e9ritables \u00ab d\u00e9ters \u00bb, feront tout pour en finir avec Macron. Nous voterons, pour la libert\u00e9, m\u00eame quand elle emprunte un chemin paradoxal. Nous avons un outil, un seul pour tenter de nous d\u00e9barrasser du Tyran. Nous ne ferons pas les \u00ab fines bouches \u00bb, nous l\u2019utiliserons sans m\u00e9nagement.Patrick Seignon. \u00ab lavoiedessansvoix.fr \u00bb. Dimanche 17 avril 2022.<\/p>\n","protected":false},"excerpt":{"rendered":"<p>Grand guignolLes marionnettes du chapeauCe samedi 16 avril plusieurs manifestations antifascistes ont sillonn\u00e9 une trentaine de villes de France. Elles [&hellip;]<\/p>\n","protected":false},"author":1,"featured_media":4094,"comment_status":"open","ping_status":"open","sticky":false,"template":"","format":"standard","meta":{"sfsi_plus_gutenberg_text_before_share":"","sfsi_plus_gutenberg_show_text_before_share":"","sfsi_plus_gutenberg_icon_type":"","sfsi_plus_gutenberg_icon_alignemt":"","sfsi_plus_gutenburg_max_per_row":"","site-sidebar-layout":"default","site-content-layout":"","ast-site-content-layout":"default","site-content-style":"default","site-sidebar-style":"default","ast-global-header-display":"","ast-banner-title-visibility":"","ast-main-header-display":"","ast-hfb-above-header-display":"","ast-hfb-below-header-display":"","ast-hfb-mobile-header-display":"","site-post-title":"","ast-breadcrumbs-content":"","ast-featured-img":"","footer-sml-layout":"","ast-disable-related-posts":"","theme-transparent-header-meta":"","adv-header-id-meta":"","stick-header-meta":"","header-above-stick-meta":"","header-main-stick-meta":"","header-below-stick-meta":"","astra-migrate-meta-layouts":"default","ast-page-background-enabled":"default","ast-page-background-meta":{"desktop":{"background-color":"var(--ast-global-color-4)","background-image":"","background-repeat":"repeat","background-position":"center center","background-size":"auto","background-attachment":"scroll","background-type":"","background-media":"","overlay-type":"","overlay-color":"","overlay-opacity":"","overlay-gradient":""},"tablet":{"background-color":"","background-image":"","background-repeat":"repeat","background-position":"center center","background-size":"auto","background-attachment":"scroll","background-type":"","background-media":"","overlay-type":"","overlay-color":"","overlay-opacity":"","overlay-gradient":""},"mobile":{"background-color":"","background-image":"","background-repeat":"repeat","background-position":"center center","background-size":"auto","background-attachment":"scroll","background-type":"","background-media":"","overlay-type":"","overlay-color":"","overlay-opacity":"","overlay-gradient":""}},"ast-content-background-meta":{"desktop":{"background-color":"var(--ast-global-color-5)","background-image":"","background-repeat":"repeat","background-position":"center center","background-size":"auto","background-attachment":"scroll","background-type":"","background-media":"","overlay-type":"","overlay-color":"","overlay-opacity":"","overlay-gradient":""},"tablet":{"background-color":"var(--ast-global-color-5)","background-image":"","background-repeat":"repeat","background-position":"center center","background-size":"auto","background-attachment":"scroll","background-type":"","background-media":"","overlay-type":"","overlay-color":"","overlay-opacity":"","overlay-gradient":""},"mobile":{"background-color":"var(--ast-global-color-5)","background-image":"","background-repeat":"repeat","background-position":"center center","background-size":"auto","background-attachment":"scroll","background-type":"","background-media":"","overlay-type":"","overlay-color":"","overlay-opacity":"","overlay-gradient":""}},"footnotes":""},"categories":[16],"tags":[],"class_list":["post-513","post","type-post","status-publish","format-standard","has-post-thumbnail","hentry","category-archives-cms"],"_links":{"self":[{"href":"https:\/\/lavoiedessansvoix.fr\/lavoie\/wp-json\/wp\/v2\/posts\/513","targetHints":{"allow":["GET"]}}],"collection":[{"href":"https:\/\/lavoiedessansvoix.fr\/lavoie\/wp-json\/wp\/v2\/posts"}],"about":[{"href":"https:\/\/lavoiedessansvoix.fr\/lavoie\/wp-json\/wp\/v2\/types\/post"}],"author":[{"embeddable":true,"href":"https:\/\/lavoiedessansvoix.fr\/lavoie\/wp-json\/wp\/v2\/users\/1"}],"replies":[{"embeddable":true,"href":"https:\/\/lavoiedessansvoix.fr\/lavoie\/wp-json\/wp\/v2\/comments?post=513"}],"version-history":[{"count":1,"href":"https:\/\/lavoiedessansvoix.fr\/lavoie\/wp-json\/wp\/v2\/posts\/513\/revisions"}],"predecessor-version":[{"id":3045,"href":"https:\/\/lavoiedessansvoix.fr\/lavoie\/wp-json\/wp\/v2\/posts\/513\/revisions\/3045"}],"wp:featuredmedia":[{"embeddable":true,"href":"https:\/\/lavoiedessansvoix.fr\/lavoie\/wp-json\/wp\/v2\/media\/4094"}],"wp:attachment":[{"href":"https:\/\/lavoiedessansvoix.fr\/lavoie\/wp-json\/wp\/v2\/media?parent=513"}],"wp:term":[{"taxonomy":"category","embeddable":true,"href":"https:\/\/lavoiedessansvoix.fr\/lavoie\/wp-json\/wp\/v2\/categories?post=513"},{"taxonomy":"post_tag","embeddable":true,"href":"https:\/\/lavoiedessansvoix.fr\/lavoie\/wp-json\/wp\/v2\/tags?post=513"}],"curies":[{"name":"wp","href":"https:\/\/api.w.org\/{rel}","templated":true}]}}