{"id":512,"date":"2022-04-18T04:24:00","date_gmt":"2022-04-18T02:24:00","guid":{"rendered":"https:\/\/lavoiedessansvoix.fr\/lavoie\/2022\/04\/18\/archive-la-verite-sur-les-manifestations-antifacistes-du-16-avril\/"},"modified":"2026-04-26T20:42:35","modified_gmt":"2026-04-26T18:42:35","slug":"archive-la-verite-sur-les-manifestations-antifacistes-du-16-avril","status":"publish","type":"post","link":"https:\/\/lavoiedessansvoix.fr\/lavoie\/2022\/04\/18\/archive-la-verite-sur-les-manifestations-antifacistes-du-16-avril\/","title":{"rendered":"LA V\u00c9RIT\u00c9 SUR LES MANIFESTATIONS ANTIFACISTES DU 16 AVRIL"},"content":{"rendered":"<p>LA V\u00c9RIT\u00c9 SUR LES MANIFESTATIONS ANTIFACISTES DU 16 AVRILLors de la manifestation intitul\u00e9e \u00ab antifasciste \u00bb du samedi 16 avril \u00e0 Tours dont je vous ai entretenu hier (\u00ab Grand guignol \u00bb), nos interlocuteurs agressifs ont pr\u00e9tendu manifester tout autant contre Macron que Le Pen. \u00ab Ni Macron ni Le Pen \u00bb \u00e9tait leur mot d\u2019ordre. Ainsi pensaient-ils se pr\u00e9server de l\u2019accusation de \u00ab rouler \u00bb pour Macron.Nous avons expliqu\u00e9 dans ce pr\u00e9c\u00e9dent article pourquoi le \u00ab ni ni \u00bb \u00e9tait une fadaise et qu\u2019il s\u2019agissait en v\u00e9rit\u00e9 de faire campagne pour Macron. Nous n\u2019y reviendrons pas.Un manifeste commun a \u00e9t\u00e9 \u00e9dit\u00e9 pour appeler \u00e0 ces dites \u00ab manifestations antifascistes \u00bb, contresign\u00e9 par 350 groupes associations et organisations, c\u2019est lui qui fait foi du sens r\u00e9el qu\u2019avaient ces manifestations. (Nous le publions en annexe avec les 72 premi\u00e8res signatures.). Penchons-nous un peu sur ce texte : Il y est \u00e9crit, \u00ab L\u2019extr\u00eame droite est \u00e0 nouveau pr\u00e9sente au second tour de l\u2019\u00e9lection pr\u00e9sidentielle, forte d\u2019un niveau de voix jamais atteint. Nous refusons de la voir acc\u00e9der au pouvoir. \u00bbLes choses ici sont bien claires et ne pr\u00eatent \u00e0 aucune confusion. Il s\u2019agit bien du refus de l\u2019accession au pouvoir de la seule Marine le Pen et pas d\u2019un quelconque \u00ab ni Macron NI Le Pen. \u00bbLes auteurs de ce texte justifient ensuite leur prise de position :\u00ab Les causes en sont diverses et anciennes, elles ont \u00e9t\u00e9 analys\u00e9es et sont connues. Les responsabilit\u00e9s sont \u00e0 chercher du c\u00f4t\u00e9 des politiques ultralib\u00e9rales men\u00e9es depuis des ann\u00e9es qui ont exacerb\u00e9 les injustices et les in\u00e9galit\u00e9s sociales, \u00bb etc. Or, il s\u2019agit l\u00e0 d\u2019une vision bien tronqu\u00e9e de l\u2019Histoire. Cette fa\u00e7on de dire les choses est une mani\u00e8re, par trop tendancieuse d\u2019absoudre \u00ab la gauche \u00bb (les partis socialistes, communistes et les organisations syndicales), de ses responsabilit\u00e9s, elle qui a contribu\u00e9 \u00e0 faire avaler au peuple toutes les couleuvres ultralib\u00e9rales lorsqu\u2019elle ne les a pas servies elle-m\u00eame.  \u00ab Nos organisations les ont combattues, comme elles ont d\u00e9nonc\u00e9 les attaques port\u00e9es contre les libert\u00e9s. \u00bb Pr\u00e9tendent les auteurs. Elles les ont d\u00e9fendues certes, mais bien mollement diront nous. Parfois m\u00eame les strat\u00e9gies de d\u00e9fense mises en place avaient d\u2019avantage l\u2019allure de plans d\u2019organisation de la d\u00e9faite que celle d\u2019une volont\u00e9 offensive. \u00ab Elles les d\u00e9nonceront encore demain, sans d\u00e9semparer face \u00e0 l\u2019adversit\u00e9. \u00bb insistent-ils. Mais permettez-nous d\u2019en douter. Le pass\u00e9 r\u00e9cent en pr\u00e9sage mal. Ceux qui se sont couch\u00e9s devant les lois liberticides, qui ont accept\u00e9 de se museler eux-m\u00eames, qui n\u2019ont pas d\u00e9fendu les libert\u00e9s fondamentales, comment pourrions-nous croire qu\u2019ils se mobiliserons demain. D\u2019ailleurs ils ne le promettent m\u00eame pas. Ce qu\u2019il promette s\u2019est de \u00ab d\u00e9noncer \u00bb pas de se battre contre. Et de poursuivre : \u00ab L\u2019urgence, aujourd\u2019hui, c\u2019est d\u2019affirmer collectivement la force des id\u00e9es et des valeurs qui nous rassemblent. Elles sont constitutives de la d\u00e9mocratie et totalement incompatibles avec la haine, la x\u00e9nophobie, la d\u00e9magogie nationaliste et la mise en opposition de tous contre tous que portent les mouvements d\u2019extr\u00eame droite. \u00bb Or, c\u2019est exactement l\u2019inverse que font d\u00e9j\u00e0 certaines des organisations signataires de cet appel, qui lancent des exclusives contre les manifestations anti passe et pour la d\u00e9fense des libert\u00e9s. Non, la d\u00e9mocratie ce n\u2019est pas \u00ab la forces des id\u00e9es et des valeurs qui VOUS rassemblent \u00bb, ce doit \u00eatre \u00ab la force des id\u00e9es et des valeurs qui nous rassemble tous, citoyens d\u2019un m\u00eame pays \u00bb. Mais surtout ce doit \u00eatre le respect du droit des minorit\u00e9s, et dans ce domaine vous \u00eates plut\u00f4t mal engag\u00e9.\u00ab En rejetant Marine Le Pen, \u00bb Encore une fois on est pas l\u00e0 dans le \u00ab NiNi \u00bb, \u00ab  Ni l\u2019un Ni l\u2019autre \u00bb, mais dans l\u2019ostracisme clairement cibl\u00e9. Et la phrase se poursuit ainsi : \u00abil s\u2019agit d\u2019emp\u00eacher l\u2019av\u00e8nement d\u2019un projet de soci\u00e9t\u00e9 destructeur de l\u2019\u00c9tat de droit, de la r\u00e9publique d\u00e9mocratique sociale et solidaire que nous d\u00e9fendons chaque jour.\u00bb Or, cette phrase est d\u2019une construction particuli\u00e8rement abjecte. Elle entretient sciemment la confusion entre la soci\u00e9t\u00e9 \u00ab pr\u00e9sente \u00bb et la soci\u00e9t\u00e9 \u00ab r\u00eav\u00e9e \u00bb, entre la r\u00e9alit\u00e9 et les id\u00e9aux. \u00ab Il s\u2019agit d\u2019emp\u00eacher, \u00e9crivent-ils, l\u2019av\u00e8nement d\u2019un projet destructeur \u00bb. Mais que faisiez-vos camarades aux temps chauds ? Vous dormiez ? J\u2019en suis fort aise, r\u00e9veillez-vous \u00e8 pr\u00e9sent. Le projet destructeur de vos valeurs affich\u00e9es, il y a longtemps qu\u2019il est \u00e0 l\u2019\u0153uvre et a d\u00e9j\u00e0 fait bien des ravages. La r\u00e9publique d\u00e9mocratique sociale et solidaire que vous d\u00e9fendez \u00bb N\u2019a jamais encore exist\u00e9, comment le projet Le Peniste pourrait-il \u00eatre destructeur d\u2019une chose qui n\u2019existe pas ? Quant \u00e0 d\u00e9truire le peu de garanties d\u00e9mocratiques de nos soci\u00e9t\u00e9s occidentales, \u00e7a y est, c\u2019est d\u00e9j\u00e0 fait, Macron s\u2019est charg\u00e9 du boulot et vous avez ferm\u00e9 les yeux. Enfin ce texte atteint \u00e0 l\u2019obsc\u00e8ne. \u00ab Il s\u2019agit de d\u00e9noncer son programme trompeur qui frapperait durement les plus faibles, les plus d\u00e9munis, les femmes, les personnes LGBTI ou \u00e9trang\u00e8res. \u00bb  C\u2019est du programme de Marine Le Pen que vous parlez ainsi. L\u2019obsc\u00e9nit\u00e9 consiste en ceci que, ce constat s\u2019applique, sans en rien retirer, et m\u00eame plut\u00f4t en en ajoutant, \u00e0 l\u2019action et au programme d\u2019Emmanuel Macron que vous voulez pourtant faire r\u00e9\u00e9lire en barrant la route \u00e0 Marine Le Pen.   Ensemble, \u00e9crivent-ils encore, \u00ab nous voulons r\u00e9affirmer que la devise \u00ab Libert\u00e9, Egalite, Fraternit\u00e9 \u00bb doit, plus que jamais, rester \u00e0 l\u2019ordre du jour, pour toutes et tous, sans exclusive ni distinction. Dans la diversit\u00e9 de nos approches et formes d\u2019actions, nous voulons construire un destin commun de justice sociale et environnementale autour de l\u2019\u00e9galit\u00e9 des droits, par le d\u00e9bat d\u00e9mocratique \u00bb. Voil\u00e0 une profession de foi bien aguichante, mais bien creuse comme nous l\u2019allons voir, C\u2019est en effet probablement pourquoi avant-hier, place Jean-Jaur\u00e8s \u00e0 Tours, des \u00ab nervis antifascistes \u00bb sommaient notre amie Marie \u00bb de dire qu\u2019elle ne voterait \u00ab ni Macron ni Le Pen, \u00bb \u00e0 d\u00e9faut de quoi il d\u00e9chir\u00e8rent notre pancarte \u00ab Pas une seule voix pour Macron \u00bb et jet\u00e8rent nos tracts dans une poubelle publique ? Les pratiques en mettent \u00ab un sacr\u00e9 coup \u00bb \u00e0 vos professions de foi d\u00e9mocratique..Et \u00e0 la mauvaise foi aussi : \u00ab un dialogue social et civil renforc\u00e9, un \u00c9tat de droit qui garantisse pleinement nos libert\u00e9s, une R\u00e9publique la\u00efque et solidaire, protectrice de l\u2019arbitraire, riche de services publics confort\u00e9s, reconnus, b\u00e9n\u00e9ficiant des moyens de leur pleine efficacit\u00e9. \u00bb Toutes choses que Macron s\u2019est employ\u00e9 \u00e0 d\u00e9truire cinq ann\u00e9es durant, et duquel vous voulez pourtant assurer la r\u00e9\u00e9lection en acculant Marine Le Pen \u00e0 la d\u00e9faite.\u00ab Cette ambition commune serait gravement mise en cause avec l\u2019arriv\u00e9e au pouvoir de l\u2019extr\u00eame droite. \u00bb Ne vous parait-il pas qu\u2019elle l\u2019est d\u00e9j\u00e0 apr\u00e8s cinq ann\u00e9es de pouvoir de Macron, et qu\u2019elle le sera, pire encore, en cas de renouvellement de son mandat ?  Et puis la chute. \u00ab C\u2019est pourquoi, ensemble, nous invitons chacune et chacun \u00e0 participer \u00e0 de larges rassemblements populaires dans toutes les communes de France et \u00e0 Paris, le samedi 16 avril 2022 autour d\u2019un m\u00eame appel : \u00ab contre l\u2019extr\u00eame droite et ses id\u00e9es, pas de Marine Le Pen \u00e0 l\u2019Elys\u00e9e \u00bb. Pas de Marine le Pen \u00e0 l\u2019Elys\u00e9e. Les choses ont ici la vertu d\u2019\u00eatre claires. Vos manifestations, pas \u00ab larges \u00bb du tout, nous en avons parl\u00e9 hier, \u00e9taient donc bien des manifestations contre Marine Le PEN, Le slogan scand\u00e9 \u00ab Ni Macron, ni Le Pen \u00bb, n\u2019\u00e9tait donc bien qu\u2019un leurre pour tromper les plus na\u00effs et les faire agir contre leur propre int\u00e9r\u00eat. En r\u00e9sum\u00e9 et en conclusion, les manifestations antifascistes du 16 avril \u00e9taient en v\u00e9rit\u00e9 des \u00ab manipulations \u00bb, des op\u00e9rations de com au profit de la campagne \u00e9lectorale d\u2019Emmanuel Macron, auxquelles vous avez apport\u00e9 votre concours b\u00e9n\u00e9vole.Patrick Seignon. \u00ab lavoiedessansvoix.fr \u00bb. Lundi 18 avril 2022.<\/p>\n","protected":false},"excerpt":{"rendered":"<p>LA V\u00c9RIT\u00c9 SUR LES MANIFESTATIONS ANTIFACISTES DU 16 AVRILLors de la manifestation intitul\u00e9e \u00ab antifasciste \u00bb du samedi 16 avril [&hellip;]<\/p>\n","protected":false},"author":1,"featured_media":4093,"comment_status":"open","ping_status":"open","sticky":false,"template":"","format":"standard","meta":{"sfsi_plus_gutenberg_text_before_share":"","sfsi_plus_gutenberg_show_text_before_share":"","sfsi_plus_gutenberg_icon_type":"","sfsi_plus_gutenberg_icon_alignemt":"","sfsi_plus_gutenburg_max_per_row":"","site-sidebar-layout":"default","site-content-layout":"","ast-site-content-layout":"default","site-content-style":"default","site-sidebar-style":"default","ast-global-header-display":"","ast-banner-title-visibility":"","ast-main-header-display":"","ast-hfb-above-header-display":"","ast-hfb-below-header-display":"","ast-hfb-mobile-header-display":"","site-post-title":"","ast-breadcrumbs-content":"","ast-featured-img":"","footer-sml-layout":"","ast-disable-related-posts":"","theme-transparent-header-meta":"","adv-header-id-meta":"","stick-header-meta":"","header-above-stick-meta":"","header-main-stick-meta":"","header-below-stick-meta":"","astra-migrate-meta-layouts":"default","ast-page-background-enabled":"default","ast-page-background-meta":{"desktop":{"background-color":"var(--ast-global-color-4)","background-image":"","background-repeat":"repeat","background-position":"center center","background-size":"auto","background-attachment":"scroll","background-type":"","background-media":"","overlay-type":"","overlay-color":"","overlay-opacity":"","overlay-gradient":""},"tablet":{"background-color":"","background-image":"","background-repeat":"repeat","background-position":"center center","background-size":"auto","background-attachment":"scroll","background-type":"","background-media":"","overlay-type":"","overlay-color":"","overlay-opacity":"","overlay-gradient":""},"mobile":{"background-color":"","background-image":"","background-repeat":"repeat","background-position":"center center","background-size":"auto","background-attachment":"scroll","background-type":"","background-media":"","overlay-type":"","overlay-color":"","overlay-opacity":"","overlay-gradient":""}},"ast-content-background-meta":{"desktop":{"background-color":"var(--ast-global-color-5)","background-image":"","background-repeat":"repeat","background-position":"center center","background-size":"auto","background-attachment":"scroll","background-type":"","background-media":"","overlay-type":"","overlay-color":"","overlay-opacity":"","overlay-gradient":""},"tablet":{"background-color":"var(--ast-global-color-5)","background-image":"","background-repeat":"repeat","background-position":"center center","background-size":"auto","background-attachment":"scroll","background-type":"","background-media":"","overlay-type":"","overlay-color":"","overlay-opacity":"","overlay-gradient":""},"mobile":{"background-color":"var(--ast-global-color-5)","background-image":"","background-repeat":"repeat","background-position":"center center","background-size":"auto","background-attachment":"scroll","background-type":"","background-media":"","overlay-type":"","overlay-color":"","overlay-opacity":"","overlay-gradient":""}},"footnotes":""},"categories":[16],"tags":[],"class_list":["post-512","post","type-post","status-publish","format-standard","has-post-thumbnail","hentry","category-archives-cms"],"_links":{"self":[{"href":"https:\/\/lavoiedessansvoix.fr\/lavoie\/wp-json\/wp\/v2\/posts\/512","targetHints":{"allow":["GET"]}}],"collection":[{"href":"https:\/\/lavoiedessansvoix.fr\/lavoie\/wp-json\/wp\/v2\/posts"}],"about":[{"href":"https:\/\/lavoiedessansvoix.fr\/lavoie\/wp-json\/wp\/v2\/types\/post"}],"author":[{"embeddable":true,"href":"https:\/\/lavoiedessansvoix.fr\/lavoie\/wp-json\/wp\/v2\/users\/1"}],"replies":[{"embeddable":true,"href":"https:\/\/lavoiedessansvoix.fr\/lavoie\/wp-json\/wp\/v2\/comments?post=512"}],"version-history":[{"count":1,"href":"https:\/\/lavoiedessansvoix.fr\/lavoie\/wp-json\/wp\/v2\/posts\/512\/revisions"}],"predecessor-version":[{"id":3043,"href":"https:\/\/lavoiedessansvoix.fr\/lavoie\/wp-json\/wp\/v2\/posts\/512\/revisions\/3043"}],"wp:featuredmedia":[{"embeddable":true,"href":"https:\/\/lavoiedessansvoix.fr\/lavoie\/wp-json\/wp\/v2\/media\/4093"}],"wp:attachment":[{"href":"https:\/\/lavoiedessansvoix.fr\/lavoie\/wp-json\/wp\/v2\/media?parent=512"}],"wp:term":[{"taxonomy":"category","embeddable":true,"href":"https:\/\/lavoiedessansvoix.fr\/lavoie\/wp-json\/wp\/v2\/categories?post=512"},{"taxonomy":"post_tag","embeddable":true,"href":"https:\/\/lavoiedessansvoix.fr\/lavoie\/wp-json\/wp\/v2\/tags?post=512"}],"curies":[{"name":"wp","href":"https:\/\/api.w.org\/{rel}","templated":true}]}}