{"id":511,"date":"2022-04-19T10:35:00","date_gmt":"2022-04-19T08:35:00","guid":{"rendered":"https:\/\/lavoiedessansvoix.fr\/lavoie\/2022\/04\/19\/archive-la-fierte-de-eux-qui-ne-se-renient-pas\/"},"modified":"2026-04-26T20:42:24","modified_gmt":"2026-04-26T18:42:24","slug":"archive-la-fierte-de-eux-qui-ne-se-renient-pas","status":"publish","type":"post","link":"https:\/\/lavoiedessansvoix.fr\/lavoie\/2022\/04\/19\/archive-la-fierte-de-eux-qui-ne-se-renient-pas\/","title":{"rendered":"LA FIERT\u00c9 DE EUX QUI NE SE RENIENT PAS"},"content":{"rendered":"<p>LA FIERT\u00c9 DE CEUX QUI NE SE RENIENT PASJ\u2019ai \u00e9crit clairement dans 3 articles successifs, celui-ci sera le quatri\u00e8me, que l\u2019essentiel est de sortir Macron, et que pour la r\u00e9alisation de cet objectif il ne faut pas craindre de d\u00e9poser un bulletin Le Pen dans l\u2019urne.Moi qui ai, il n\u2019y a pas si longtemps, \u00e9t\u00e9 \u00e9tiquet\u00e9 \u00ab fasciste \u00bb, \u00ab rouge brun \u00bb ou \u00ab confusionniste \u00bb, par certains ignares hyst\u00e9riques, m\u2019attendais, vous le devinez bien, \u00e0 une d\u00e9ferlante d\u2019insultes et d\u2019impr\u00e9cations apr\u00e8s cette \u00ab audacieuse \u00bb prise de position publique.N&rsquo;\u00e9tait-ce pas offrir moi-m\u00eame \u00e0 nos experts en \u00ab fascisme \u00bb la preuve de leur perspicacit\u00e9 ? En recourant au bulletin Marine Le Pen pour sortir Macron, ne faisais-je pas l\u2019aveu de ma perdition id\u00e9ologique ?Surprise ! Pas un mot, pas une injure, pas une insulte, pas une impr\u00e9cation. Rien ! Silence, mer d\u2019huile, calme plat sur la toile.Bon, je ne suis pas idiot. Je sais bien qu\u2019il ne s\u2019agit l\u00e0 que de ces silences qui pr\u00e9c\u00e8dent les temp\u00eates. Je sais bien que je \u00ab ne perds rien pour attendre \u00bb. Je sais bien que leur haine sera d\u2019autant plus acerbe qu\u2019ils ont \u00e9t\u00e9 oblig\u00e9s de la diff\u00e9rer. Mais, pourquoi pr\u00e9cis\u00e9ment la diff\u00e9rer, pourquoi se taisent-ils ? Pourquoi se silence ? Pourquoi cette attente ? Parce qu\u2019ils savent que je n\u2019ai pas la langue dans la poche. Parce qu\u2019ils savent \u00e0 pr\u00e9sent l\u2019encre jaculatoire de ma plume. Parce qu\u2019ils savent lorsqu\u2019ils m\u2019assailliront d\u2019injures \u00e0 propos du bulletin Marine Le Pen que j\u2019aurai mis dans l\u2019urne, que je fustigerais en retour leur trahison de leurs id\u00e9aux et de leurs propres amis, cette aide, directe ou indirecte, donn\u00e9 \u00e0 la r\u00e9\u00e9lection de monsieur Macron. Que je vilipenderais leur reniement honteux. Que j\u2019agonirais leurs reptations d\u00e9goutantes dans la fange du mensonge et de l\u2019ignominie, que je flagellerais leur sc\u00e9l\u00e9ratesse et que j\u2019aurais l\u2019oreille attentive de ceux qu\u2019ils ont bafou\u00e9s.\u00ab Gilets-Jaunes ils \u00e9taient ? Ils se plaignaient que la lutte contre le mensonge et la dictature sanitaire, pour la d\u00e9fense des libert\u00e9s contre la d\u00e9rive totalitaire, confisquait l\u2019oxyg\u00e8ne des luttes sociales ?\u00ab Invisibilisait \u00bb les \u00ab revendications des gilets jaunes. Sans la moindre crainte des contres v\u00e9rit\u00e9s, ils nous traitaient \u00ab d\u2019antivax \u00bb, de \u00ab confusionnistes \u00bb, \u00ab d\u2019extr\u00eame droite \u00bb. Ils voulaient \u00ab reprendre la rue \u00e0 l\u2019extr\u00eame droite \u00bb.Pour la d\u00e9fense des \u00ab vraies revendications Gilets-Jaunes \u00bb \u00ab Fasciste moi \u00bb ils me d\u00e9non\u00e7aient en place publique.Nous nous battions contre Macron et la dictature sanitaire \u00e0 l\u2019\u0153uvre. \u00ab\u00a0Paranos\u00a0\u00bb ils  accordaient d\u00e9j\u00e0 la priorit\u00e9 \u00e0 la lutte contre \u00ab le danger fasciste \u00bb, tellement pr\u00e9sent dans leurs t\u00eates malades. Eh oui, il fallait bien pr\u00e9parer les esprits. \u00c9lire le fascisme \u00ab danger le plus imminent \u00bb afin de justifier \u00e0 priori l\u2019appel prochain \u00e0 voter Macron pour faire barrage au fascisme. La trahison vient de loin.Ils savent que je dirais tout \u00e7a, et que ma voix vibrera aux c\u0153urs des \u00ab amis \u00bb bafou\u00e9s qu\u2019ils ont trahit et humili\u00e9s. Je sais d\u00e9j\u00e0, au soir m\u00eame du 24 avril, les larmes am\u00e8res, de tous les bafou\u00e9s qui les maudiront,pour le cas ou Macron serait reconduit. Voil\u00e0 pourquoi, pour se ruer sur moi ils attendront l\u2019issue du 2\u00e8me tour des Pr\u00e9sidentielles, quand la d\u00e9nonciation de leur f\u00e9lonie ne sera plus en mesure d\u2019en r\u00e9duire les cons\u00e9quences. Je n\u2019ai pas peur. J\u2019aurais men\u00e9 jusqu\u2019au bout le combat pour sortir Macron, et j\u2019aurais au c\u0153ur la fiert\u00e9 de ceux qui ne se renient pas.Patrick Seignon. \u00ab lavoiedessansvoix.fr \u00bb Mardi 19 avril 2022.<\/p>\n","protected":false},"excerpt":{"rendered":"<p>LA FIERT\u00c9 DE CEUX QUI NE SE RENIENT PASJ\u2019ai \u00e9crit clairement dans 3 articles successifs, celui-ci sera le quatri\u00e8me, que [&hellip;]<\/p>\n","protected":false},"author":1,"featured_media":4092,"comment_status":"open","ping_status":"open","sticky":false,"template":"","format":"standard","meta":{"sfsi_plus_gutenberg_text_before_share":"","sfsi_plus_gutenberg_show_text_before_share":"","sfsi_plus_gutenberg_icon_type":"","sfsi_plus_gutenberg_icon_alignemt":"","sfsi_plus_gutenburg_max_per_row":"","site-sidebar-layout":"default","site-content-layout":"","ast-site-content-layout":"default","site-content-style":"default","site-sidebar-style":"default","ast-global-header-display":"","ast-banner-title-visibility":"","ast-main-header-display":"","ast-hfb-above-header-display":"","ast-hfb-below-header-display":"","ast-hfb-mobile-header-display":"","site-post-title":"","ast-breadcrumbs-content":"","ast-featured-img":"","footer-sml-layout":"","ast-disable-related-posts":"","theme-transparent-header-meta":"","adv-header-id-meta":"","stick-header-meta":"","header-above-stick-meta":"","header-main-stick-meta":"","header-below-stick-meta":"","astra-migrate-meta-layouts":"default","ast-page-background-enabled":"default","ast-page-background-meta":{"desktop":{"background-color":"var(--ast-global-color-4)","background-image":"","background-repeat":"repeat","background-position":"center center","background-size":"auto","background-attachment":"scroll","background-type":"","background-media":"","overlay-type":"","overlay-color":"","overlay-opacity":"","overlay-gradient":""},"tablet":{"background-color":"","background-image":"","background-repeat":"repeat","background-position":"center center","background-size":"auto","background-attachment":"scroll","background-type":"","background-media":"","overlay-type":"","overlay-color":"","overlay-opacity":"","overlay-gradient":""},"mobile":{"background-color":"","background-image":"","background-repeat":"repeat","background-position":"center center","background-size":"auto","background-attachment":"scroll","background-type":"","background-media":"","overlay-type":"","overlay-color":"","overlay-opacity":"","overlay-gradient":""}},"ast-content-background-meta":{"desktop":{"background-color":"var(--ast-global-color-5)","background-image":"","background-repeat":"repeat","background-position":"center center","background-size":"auto","background-attachment":"scroll","background-type":"","background-media":"","overlay-type":"","overlay-color":"","overlay-opacity":"","overlay-gradient":""},"tablet":{"background-color":"var(--ast-global-color-5)","background-image":"","background-repeat":"repeat","background-position":"center center","background-size":"auto","background-attachment":"scroll","background-type":"","background-media":"","overlay-type":"","overlay-color":"","overlay-opacity":"","overlay-gradient":""},"mobile":{"background-color":"var(--ast-global-color-5)","background-image":"","background-repeat":"repeat","background-position":"center center","background-size":"auto","background-attachment":"scroll","background-type":"","background-media":"","overlay-type":"","overlay-color":"","overlay-opacity":"","overlay-gradient":""}},"footnotes":""},"categories":[16],"tags":[],"class_list":["post-511","post","type-post","status-publish","format-standard","has-post-thumbnail","hentry","category-archives-cms"],"_links":{"self":[{"href":"https:\/\/lavoiedessansvoix.fr\/lavoie\/wp-json\/wp\/v2\/posts\/511","targetHints":{"allow":["GET"]}}],"collection":[{"href":"https:\/\/lavoiedessansvoix.fr\/lavoie\/wp-json\/wp\/v2\/posts"}],"about":[{"href":"https:\/\/lavoiedessansvoix.fr\/lavoie\/wp-json\/wp\/v2\/types\/post"}],"author":[{"embeddable":true,"href":"https:\/\/lavoiedessansvoix.fr\/lavoie\/wp-json\/wp\/v2\/users\/1"}],"replies":[{"embeddable":true,"href":"https:\/\/lavoiedessansvoix.fr\/lavoie\/wp-json\/wp\/v2\/comments?post=511"}],"version-history":[{"count":1,"href":"https:\/\/lavoiedessansvoix.fr\/lavoie\/wp-json\/wp\/v2\/posts\/511\/revisions"}],"predecessor-version":[{"id":3041,"href":"https:\/\/lavoiedessansvoix.fr\/lavoie\/wp-json\/wp\/v2\/posts\/511\/revisions\/3041"}],"wp:featuredmedia":[{"embeddable":true,"href":"https:\/\/lavoiedessansvoix.fr\/lavoie\/wp-json\/wp\/v2\/media\/4092"}],"wp:attachment":[{"href":"https:\/\/lavoiedessansvoix.fr\/lavoie\/wp-json\/wp\/v2\/media?parent=511"}],"wp:term":[{"taxonomy":"category","embeddable":true,"href":"https:\/\/lavoiedessansvoix.fr\/lavoie\/wp-json\/wp\/v2\/categories?post=511"},{"taxonomy":"post_tag","embeddable":true,"href":"https:\/\/lavoiedessansvoix.fr\/lavoie\/wp-json\/wp\/v2\/tags?post=511"}],"curies":[{"name":"wp","href":"https:\/\/api.w.org\/{rel}","templated":true}]}}