{"id":508,"date":"2022-04-24T11:25:00","date_gmt":"2022-04-24T09:25:00","guid":{"rendered":"https:\/\/lavoiedessansvoix.fr\/lavoie\/2022\/04\/24\/archive-reponse-a-madame-sophie\/"},"modified":"2026-04-26T20:41:58","modified_gmt":"2026-04-26T18:41:58","slug":"archive-reponse-a-madame-sophie","status":"publish","type":"post","link":"https:\/\/lavoiedessansvoix.fr\/lavoie\/2022\/04\/24\/archive-reponse-a-madame-sophie\/","title":{"rendered":"R\u00c9PONSE A MADAME SOPHIE"},"content":{"rendered":"<p>R\u00c9PONSE A MADAME SOPHIEPremi\u00e8rement r\u00e9pondrais-je, un e-mail n&rsquo;est pas un contact direct et vous \u00eates libre de ne pas le lire, voire m\u00eame de l\u2019effacer sans l\u2019avoir lu.J\u2019ignore l\u00e0 de quoi vous parlez. Je ne me suis jamais pour ma part pr\u00eat\u00e9 \u00e0 une quelconque \u00ab querelle d\u2019\u00e9go \u00bb. Celles auxquelles je me suis m\u00eal\u00e9 parfois sont toutes lourdes de sens et de r\u00e9alit\u00e9 politiques. Sur ce point je pourrais vous r\u00e9pondre plus pr\u00e9cis\u00e9ment si vous vouliez bien me pr\u00e9ciser \u00e0 quoi vous faites allusion.Si je comprends bien ce que je crois comprendre vous ne partagez pas les points de vue que j\u2019ai d\u00e9fendu sur \u00ab la crise sanitaire \u00bb ; C\u2019est votre droit le plus strict. Je n\u2019en dirai non plus pas d\u2019avantage sur ce sujet sur lequel vous restez dans le vague complet ;Vous \u00e9mettez l\u2019id\u00e9e que nous aurions cess\u00e9 de vous envoyer nos courriers parce que vous aviez exprim\u00e9 un avis contraire. Non madame ! Nous ne sommes pas de ces petites gens qui ne s\u2019adressent qu\u2019aux convaincus, quand nous d\u00e9battons c\u2019est pour convaincre, et pour convaincre il faut s\u2019adresser \u00e0 tous. Je ne sais qu\u2019elle est la raison exacte de cette cessation de communication, ce n\u2019est pas en tout cas celle que vous sugg\u00e9rez. La pusillanimit\u00e9 n\u2019est pas au nombre de \u00ab nos valeurs \u00bb.Soit, vous avez probablement raison sur ce point Madame. S\u2019il doit y avoir des \u00ab victimes de l\u2019extr\u00eame droite \u00bb ce seront en tout premier lieu les \u00ab sans voix \u00bb. Mais ne sont-ce pas eux pr\u00e9cis\u00e9ment qui ont d\u00e9j\u00e0 \u00e9t\u00e9 durant cinq ans, les premi\u00e8res victimes de l\u2019extr\u00eame droite mondialiste macronnienne ? Si bien que le choix pour ceux-l\u00e0, entre un \u00ab bourreau \u00bb ou l\u2019autre, n&rsquo;a peut-\u00eatre pas la m\u00eame signification que pour vous. J\u2019appelais \u00e0 l\u2019abstention en 2017, dans l\u2019id\u00e9e de r\u00e9duire \u00e0 peau de chagrin la l\u00e9gitimit\u00e9 de celui dont j\u2019avais caract\u00e9ris\u00e9 l\u2019\u00e9lection alors possible \u00ab de pire sc\u00e9nario \u00bb (5 mai 2017) ou, de \u00ab plus grand danger de la France \u00bb. Qui aurait l\u2019ind\u00e9cence de contester sur cette affaire ma grande perspicacit\u00e9. Pas vous bien s\u00fbr, j\u2019en suis certain. Mais cinq ann\u00e9es se sont \u00e9coul\u00e9es, cinq ann\u00e9es p\u00e9nibles o\u00f9 monsieur Macron s\u2019est concoct\u00e9 un bilan terrifiant. Aujourd\u2019hui, admettre que cet homme, m\u00eame mal \u00e9lu puisse faire un deuxi\u00e8me quinquennat, rel\u00e8ve de l\u2019aveuglement si ce n\u2019est de la folie suicidaire. Et pour ceux qui se sont battus durant cinq ans contre ses politiques et ses brutalit\u00e9s en tout genre, cela est pire : de la trahison \u00e0 l\u2019\u00e9gard de leurs coreligionnaires d\u2019hier et de la complicit\u00e9 avec le tyran pour les victimes de demain.Quant \u00e0 la th\u00e9matique, \u00ab \u00e9lections pi\u00e8ge \u00e0 cons \u00bb, sauf \u00e0 avoir mal lu, vous devrez admettre qu\u2019elle est plut\u00f4t bien choisie. Il ne s\u2019agit pas d\u2019une g\u00e9n\u00e9ralit\u00e9, mais d\u2019une all\u00e9gation cibl\u00e9e sur les \u00e9lections du Pr\u00e9sident de la R\u00e9publique au suffrage universel et le pi\u00e8ge qu\u2019elles constitue pour un \u00e9lectorat qui n\u2019a d\u2019autre alternative que de valider par un vote vol\u00e9 la cooptation d\u2019un homme choisit ailleurs et par d\u2019autres.Il ne s\u2019agit pas de contester \u00ab les \u00e9lections en g\u00e9n\u00e9ral \u00bb mais bien celles-ci qui fonctionnent comme des pi\u00e8ges.  D\u00e8s-lors la bonne r\u00e9ponse n\u2019est pas n\u00e9cessairement de se tenir \u00e0 l\u2019\u00e9cart du suffrage (abstention, vote blanc ou nul), mais de \u00ab casser le pi\u00e8ge \u00bb dans lequel il s\u2019exprime.Je n\u2019ai rien \u00e0 confirmer du tout en ce qui concerne ma n\u00e9gociation avec \u00ab Des tours et des Lys \u00bb, puisque je l\u2019ai toujours clairement revendiqu\u00e9. Je dois toutefois apporter un petit rectificatif \u00e0 votre version, je n\u2019ai pas n\u00e9goci\u00e9 la \u00ab t\u00eate de cort\u00e8ge \u00bb j\u2019ai n\u00e9goci\u00e9 \u00ab la paix \u00bb des manifestations. Je n\u2019ai rien vendu, et surtout pas mon \u00e2me.Par votre conclusion \u00ab vous confirmez aujourd\u2019hui les raisons de ces accusations \u00bb, vous vous livrez l\u00e0 \u00e0 une insinuation insultante \u00e0 mon \u00e9gard. Ni cette n\u00e9gociation, ni l\u2019usage de l\u2019outil \u00e9lectoral pour tenter de chasser Macron, ne sont de nature \u00e0 rien changer \u00e0 ce que je suis et \u00e0 mes convictions. Votre rh\u00e9torique d\u2019ailleurs, \u00ab antix-vax \u00bb, \u00ab n\u00e9o nazi tourangeaux \u00bb, trahit votre v\u00e9ritable nature. Vous n\u2019\u00eates pas madame la gentille citoyenne choqu\u00e9e par un \u00ab appel \u00e0 voter Le Pen \u00bb. Vous \u00eates tr\u00e8s probablement une de ces Erinyes engag\u00e9es aupr\u00e8s des hyst\u00e9riques tourangeaux de l\u2019UCL ou du collectif antifas \u00bb.Et dans la m\u00eame veine de la m\u00eame rh\u00e9torique : \u00ab On ne parle pas avec l\u2019extr\u00eame droite on la combat \u00bb scandez-vous ? Je l\u2019ai \u00ab combattu \u00bb probablement longtemps avant vous et peut-\u00eatre, qui sait, avant que vous ne soyez n\u00e9. Quand aux combats de demain, les vrais, pas les impr\u00e9cations, pas les injures, je serai si l\u2019\u00e2ge me le permet encore aux avant-postes comme toujours. Les \u00ab antifas vocif\u00e9rateurs \u00bb on verra sur pi\u00e8ce le moment venuJe milite madame, sur les ronds-points les places et partout ailleurs, je ne me \u00ab pavanes pas \u00bb. Or, cela demande beaucoup de temps de sacrifices et d\u2019efforts. Peut-\u00eatre en faites-vous autant pour d\u2019autres causes que vous croyez plus justes ? Quant \u00e0 appeler \u00e0 \u00ab voter le Pen \u00bb, vous hallucinez madame, cherchez bien, nous n\u2019avons jamais rien fait d\u2019autre qu\u2019appeler \u00e0 battre Macron. Vous savez que vos arguments ne sont pas tr\u00e8s fiables, c\u2019est probablement pourquoi \u00e0 la rh\u00e9torique vous ressentez le besoin d\u2019ajouter \u00ab la blessure \u00bb : \u00ab Vous \u00eates une honte pour les sans voix ! \u00bb assenez-vous.  Vous ne me blessez pas madame, je vous pardonne, je suis seulement navr\u00e9 pour vous.Patrick Seignon. \u00ab lavoiedessansvoix.fr \u00bb. Dimanche 24 avril 2022.ANNEXE: Lettre int\u00e9grale de Sophie,Monsieur,Premi\u00e8rement, je ne vous permets pas de me contacter aussi directement.J&rsquo;ai \u00e9t\u00e9 abonn\u00e9e \u00e0 votre liste de contact du temps des Gilets jaunes, je n&rsquo;en ai retenu que votre ridicule querelle d&rsquo;\u00e9go dont nous vous nous avez impos\u00e9 le piteux spectacle dans nos boites mail.Puis, vos r\u00e9flexions sur la crise sanitaire, cela dit, d\u00e8s lors que j&rsquo;ai exprim\u00e9 un avis contraire, je n&rsquo;ai plus re\u00e7us de mails\u2026 peut-\u00eatre l&rsquo;ai-je demand\u00e9 \u00e0 ce moment l\u00e0, je ne me souviens plus.Par ailleurs, pour quelqu&rsquo;un qui ose s&rsquo;annoncer comme \u00ab\u00a0La voie des sans-voix\u00a0\u00bb je suis profond\u00e9ment choqu\u00e9e que vous appeliez \u00e0 voter pour Marine Le Pen.C&rsquo;est pr\u00e9cis\u00e9ment les sans voix qui seront les premi\u00e8res victimes de l&rsquo;extreme droite au pouvoir !Que vous appeliez \u00e0 voter blanc, ou \u00e0 l&rsquo;abstention, pourrait tout \u00e0 fait s&rsquo;entendre, et pour le coup cela serait beaucoup plus en lien avec la th\u00e9matique \u00ab\u00a0\u00e9lections pi\u00e8ge \u00e0 con\u00a0\u00bb.J&rsquo;ai vu tourner cette p\u00e9tition pour vous d\u00e9fendre des accusations d&rsquo;avoir n\u00e9gocier les t\u00eates de cort\u00e8ge anti-vax avec les neo-nazi tourangeaux.Vous confirmez aujourd&rsquo;hui les raisons de ces accusations.Vous vous pavanez militants de l&rsquo;Union populaire et vous appelez \u00e0 voter Le Pen sur les rond-point.Vous \u00eates une honte pour les sans voix !On ne parle pas avec l&rsquo;extr\u00eame droite, on la combat !Sophie \u2026.<\/p>\n","protected":false},"excerpt":{"rendered":"<p>R\u00c9PONSE A MADAME SOPHIEPremi\u00e8rement r\u00e9pondrais-je, un e-mail n&rsquo;est pas un contact direct et vous \u00eates libre de ne pas le [&hellip;]<\/p>\n","protected":false},"author":1,"featured_media":4089,"comment_status":"open","ping_status":"open","sticky":false,"template":"","format":"standard","meta":{"sfsi_plus_gutenberg_text_before_share":"","sfsi_plus_gutenberg_show_text_before_share":"","sfsi_plus_gutenberg_icon_type":"","sfsi_plus_gutenberg_icon_alignemt":"","sfsi_plus_gutenburg_max_per_row":"","site-sidebar-layout":"default","site-content-layout":"","ast-site-content-layout":"default","site-content-style":"default","site-sidebar-style":"default","ast-global-header-display":"","ast-banner-title-visibility":"","ast-main-header-display":"","ast-hfb-above-header-display":"","ast-hfb-below-header-display":"","ast-hfb-mobile-header-display":"","site-post-title":"","ast-breadcrumbs-content":"","ast-featured-img":"","footer-sml-layout":"","ast-disable-related-posts":"","theme-transparent-header-meta":"","adv-header-id-meta":"","stick-header-meta":"","header-above-stick-meta":"","header-main-stick-meta":"","header-below-stick-meta":"","astra-migrate-meta-layouts":"default","ast-page-background-enabled":"default","ast-page-background-meta":{"desktop":{"background-color":"var(--ast-global-color-4)","background-image":"","background-repeat":"repeat","background-position":"center center","background-size":"auto","background-attachment":"scroll","background-type":"","background-media":"","overlay-type":"","overlay-color":"","overlay-opacity":"","overlay-gradient":""},"tablet":{"background-color":"","background-image":"","background-repeat":"repeat","background-position":"center center","background-size":"auto","background-attachment":"scroll","background-type":"","background-media":"","overlay-type":"","overlay-color":"","overlay-opacity":"","overlay-gradient":""},"mobile":{"background-color":"","background-image":"","background-repeat":"repeat","background-position":"center center","background-size":"auto","background-attachment":"scroll","background-type":"","background-media":"","overlay-type":"","overlay-color":"","overlay-opacity":"","overlay-gradient":""}},"ast-content-background-meta":{"desktop":{"background-color":"var(--ast-global-color-5)","background-image":"","background-repeat":"repeat","background-position":"center center","background-size":"auto","background-attachment":"scroll","background-type":"","background-media":"","overlay-type":"","overlay-color":"","overlay-opacity":"","overlay-gradient":""},"tablet":{"background-color":"var(--ast-global-color-5)","background-image":"","background-repeat":"repeat","background-position":"center center","background-size":"auto","background-attachment":"scroll","background-type":"","background-media":"","overlay-type":"","overlay-color":"","overlay-opacity":"","overlay-gradient":""},"mobile":{"background-color":"var(--ast-global-color-5)","background-image":"","background-repeat":"repeat","background-position":"center center","background-size":"auto","background-attachment":"scroll","background-type":"","background-media":"","overlay-type":"","overlay-color":"","overlay-opacity":"","overlay-gradient":""}},"footnotes":""},"categories":[16],"tags":[],"class_list":["post-508","post","type-post","status-publish","format-standard","has-post-thumbnail","hentry","category-archives-cms"],"_links":{"self":[{"href":"https:\/\/lavoiedessansvoix.fr\/lavoie\/wp-json\/wp\/v2\/posts\/508","targetHints":{"allow":["GET"]}}],"collection":[{"href":"https:\/\/lavoiedessansvoix.fr\/lavoie\/wp-json\/wp\/v2\/posts"}],"about":[{"href":"https:\/\/lavoiedessansvoix.fr\/lavoie\/wp-json\/wp\/v2\/types\/post"}],"author":[{"embeddable":true,"href":"https:\/\/lavoiedessansvoix.fr\/lavoie\/wp-json\/wp\/v2\/users\/1"}],"replies":[{"embeddable":true,"href":"https:\/\/lavoiedessansvoix.fr\/lavoie\/wp-json\/wp\/v2\/comments?post=508"}],"version-history":[{"count":1,"href":"https:\/\/lavoiedessansvoix.fr\/lavoie\/wp-json\/wp\/v2\/posts\/508\/revisions"}],"predecessor-version":[{"id":3035,"href":"https:\/\/lavoiedessansvoix.fr\/lavoie\/wp-json\/wp\/v2\/posts\/508\/revisions\/3035"}],"wp:featuredmedia":[{"embeddable":true,"href":"https:\/\/lavoiedessansvoix.fr\/lavoie\/wp-json\/wp\/v2\/media\/4089"}],"wp:attachment":[{"href":"https:\/\/lavoiedessansvoix.fr\/lavoie\/wp-json\/wp\/v2\/media?parent=508"}],"wp:term":[{"taxonomy":"category","embeddable":true,"href":"https:\/\/lavoiedessansvoix.fr\/lavoie\/wp-json\/wp\/v2\/categories?post=508"},{"taxonomy":"post_tag","embeddable":true,"href":"https:\/\/lavoiedessansvoix.fr\/lavoie\/wp-json\/wp\/v2\/tags?post=508"}],"curies":[{"name":"wp","href":"https:\/\/api.w.org\/{rel}","templated":true}]}}