{"id":502,"date":"2022-06-21T03:02:00","date_gmt":"2022-06-21T01:02:00","guid":{"rendered":"https:\/\/lavoiedessansvoix.fr\/lavoie\/2022\/06\/21\/archive-c-est-quoi-l-evenement\/"},"modified":"2026-04-26T20:41:01","modified_gmt":"2026-04-26T18:41:01","slug":"archive-c-est-quoi-l-evenement","status":"publish","type":"post","link":"https:\/\/lavoiedessansvoix.fr\/lavoie\/2022\/06\/21\/archive-c-est-quoi-l-evenement\/","title":{"rendered":"C\u2019EST QUOI L\u2019EVENEMENT"},"content":{"rendered":"<p>C\u2019EST QUOI L\u2019EVENEMENT ?Cela ne fait aucun doute, la \u00ab Macronnie \u00bb a pris une \u00ab d\u00e9gel\u00e9e \u00bb \u00e9lectorale ; C\u2019est un \u00ab non \u00e9v\u00e8nement. Elle a pris en diff\u00e9r\u00e9, lors des l\u00e9gislatives la \u00ab d\u00e9rouill\u00e9e \u00bb qu\u2019aurait d\u00fb essuyer son gourou aux pr\u00e9sidentielles, si certains petits malins ne s\u2019\u00e9taient avis\u00e9s de lui sauver la mise.Mais il ne faut pas s\u2019y tromper. Il s\u2019est agit d\u2019une humiliation, pas d\u2019une d\u00e9faite. Ses capacit\u00e9s \u00e0 gouverner et \u00e0 nuire restent enti\u00e8res.L\u2019\u00e9v\u00e8nement ce n\u2019est donc pas l\u2019effondrement du groupe parlementaire LREM, devenu \u00ab Ensemble \u00bb. Cela \u00e9tait attendu voire m\u00eame in\u00e9vitable. Non pas m\u00eame du simple point de vue du d\u00e9saveu populaire de la politique de Macron, mais du fait que l\u2019hypertrophie de ce groupe en 2017 \u00e9tait une \u00ab erreur de l\u2019Histoire que l\u2019Histoire ne pouvait pas reproduire \u00bb.L\u2019\u00e9v\u00e8nement ce n\u2019est pas non plus le succ\u00e8s \u00e9lectoral de la coalition \u00ab Nupes \u00bb. Celui-ci \u00e9tant corollaire de l\u2019effondrement de LREM. La nature c\u2019est bien connu a horreur du vide.  Il fallait bien que ce qui serait perdu par \u00ab la majorit\u00e9 pr\u00e9sidentielle \u00bb se retrouve quelque part.L\u2019\u00e9v\u00e8nement ce n\u2019est \u00e9galement pas la perte de la \u00ab majorit\u00e9 absolue (289 si\u00e8ges) par le parti pr\u00e9sidentiel. Jean-luc M\u00e9lenchon s\u2019abuse lui-m\u00eame et abuse son auditoire lorsqu\u2019il affirme : \u00ab et aucune majorit\u00e9 ne fait pr\u00e9sence \u00bb. Nous l\u2019avions annonc\u00e9 \u00ab Quand bien m\u00eame au final la \u00ab Nupes \u00bb r\u00e9aliserai l\u2019objectif (elle ne l\u2019a pas atteint seule) de priver \u00ab Ensemble \u00bb de la \u00ab majorit\u00e9 absolue \u00bb \u00e0 l\u2019Assembl\u00e9e Nationale, avec les renforts des d\u00e9put\u00e9s LR et UDI, Macron n\u2019en aurait pas moins une \u00ab majorit\u00e9 pr\u00e9sidentielle \u00bb tout \u00e0 fait fiable et les moyens de gouverner \u00e0 sa guise. \u00bb (\u00ab Le souhait de gagner n\u2019interdit pas la v\u00e9rit\u00e9 \u00bb 16 juin 2022).C\u2019est exactement ce qui s\u2019est produit 245 d\u00e9put\u00e9s pour \u00ab Ensemble \u00bb, 61 pour L.R., cela fait d\u00e9j\u00e0 306, \u00e0 quoi il faut ajouter au moins 3 UDI et Divers droites ou autres \u00ab \u00e9tiquet\u00e9s sans \u00e9tiquette \u00bb.  Certes une majorit\u00e9 \u00e9troite mais qui dans le pass\u00e9 r\u00e9cent a fait preuve de son obstination dans la servitude.Au demeurant je comprends mal cette obstination \u00e0 nous expliquer les difficult\u00e9s qu\u2019aurait \u00e0 gouverner avec une \u00ab majorit\u00e9 relative \u00bb au parlement un homme qui depuis trois ans gouverne seul en se contrefichant royalement du parlement.L\u2019\u00e9v\u00e8nement ce ne sera donc pas non plus la nomination de Monsieur M\u00e9lenchon au poste de premier Ministre. Il n\u2019y aura pas de \u00ab cohabitation \u00bb du deuxi\u00e8me type. La \u00ab Nupes \u00bb qui se gausse de son \u00ab immense succ\u00e8s \u00bb, avec 131 si\u00e8ges pour 245 \u00e0 \u00ab Ensemble \u00bb, reste en v\u00e9rit\u00e9 loin derri\u00e8re la coalition pr\u00e9sidentielle et si le Pr\u00e9sident devait nommer un premier ministre du parti arriv\u00e9 en t\u00eate il aura l\u2019heur de le choisir parmi ses fid\u00e8les serviteurs.L\u2019\u00e9v\u00e8nement ce ne sera pas non plus la mise en \u0153uvre du programme de M\u00e9lenchon au lieu et place de celui de Macron. Ils ont pris en avril, l\u2019immense responsabilit\u00e9 de faire r\u00e9\u00e9lire Emmanuel Macron. Comptaient-ils se \u00ab racheter \u00bb en nous faisant croire que le Pr\u00e9sident allait se consacrer \u00e0 Pr\u00e9sider et d\u00e9poser des gerbes sur la tombe du soldat inconnu et que c\u2019est le Premier ministre qui gouvernerait ? Comptaient-ils se faire pardonner en faisant esp\u00e9rer que la g\u00e9henne annonc\u00e9e du peuple durant toute la dur\u00e9e d\u2019un nouveau quinquennat n\u2019aurait pas lieu car ce serait le doux programme de monsieur M\u00e9lenchon qui serait appliqu\u00e9 ? Eh bien \u00e7a y est, c\u2019est d\u00e9j\u00e0 fini, on en revient aux r\u00e9alit\u00e9s ; Le psychopathe peut continuer de s\u00e9vir et seul le peuple insurg\u00e9 peut encore faire cesser son \u0153uvre criminelle.L\u2019\u00e9v\u00e8nement, ce ne sera pas m\u00eame la constitution d\u2019un groupe parlementaire \u00ab Nupes \u00bb. Le parti socialiste, le Parti communiste et EELV c\u2019est-\u00e0-dire toutes les autres composantes de la \u00ab NUPES \u00bb \u00e0 l\u2019exception de LFI ont d\u00e9j\u00e0 oppos\u00e9 \u00ab une fin de non-recevoir \u00bb \u00e0 la proposition de Jean-Luc M\u00e9lenchon de faire un \u00ab groupe commun NUPES \u00e0 l\u2019Assembl\u00e9e Nationale \u00bb. Cela confirme \u00ab Un simple objectif \u00e9lectoral. De la politique politicienne au sens le plus abject du terme \u00bb, ainsi que nous l\u2019avions caract\u00e9ris\u00e9 la \u00ab NUPES \u00bb, (\u00ab Union populaire, c\u2019est quoi ce machin \u00bb 10 mai 2022)    Socialistes, communistes et verts ont d\u00e9j\u00e0 dit vouloir constituer leur propre groupe. Ils redoutent d\u2019\u00eatre li\u00e9 par une discipline d\u2019opposition. Ils veulent garder les mains libres pour se livrer \u00e0 certaines compromissions avec le pouvoir. Pas m\u00eame un peu de d\u00e9cence, pas m\u00eame un minimum de respect pour leurs \u00e9lecteurs.Au demeurant, monsieur M\u00e9lenchon qui se gargarise de son succ\u00e8s. \u00ab La d\u00e9route du parti pr\u00e9sidentiel est totale \u00bb n\u2019a pas la d\u00e9cence non plus de reconnaitre la part du R.N. tout aussi significative que celle de LFI dans ce camouflet inflig\u00e9 au pouvoir ex\u00e9cutif.\u00ab L\u2019\u00e9 \u00bb, ou plut\u00f4t \u00ab les \u00bb \u00e9v\u00e8nements majeurs de ces \u00e9lections l\u00e9gislatives, ce sont en effet l\u2019abstention et le succ\u00e8s de RN. Et ces deux \u00e9v\u00e8nement s\u2019appuis et se compl\u00e8tent pour dire \u00e0 peu pr\u00e8s la m\u00eame chose :Les succ\u00e8s de la \u00ab Nupes \u00bb et du R.N. ne sont pas fond\u00e9s sur une remobilisation de l\u2019\u00e9lectorat, au contraire, c\u2019est ce que confirme le taux d\u2019abstention record de ce scrutin. Ces succ\u00e8s, confin\u00e9s sur un \u00e9lectorat resserr\u00e9 n\u2019existent que par le d\u00e9litement de l\u2019\u00e9lectorat macronniste.Toute la \u00ab communication \u00bb tournait ses derni\u00e8res semaines sur le succ\u00e8s annonc\u00e9 de la NUPES \u00bb et le danger pour l\u2019ex\u00e9cutif de perdre la majorit\u00e9 absolue au parlement. \u00c9tait-ce pour mieux faire l\u2019impasse sur ces autres \u00e9v\u00e8nement majeurs, bien plus importants et lourds de sens politique que sont le record d\u2019abstention et l\u2019\u00e9norme succ\u00e8s \u00e9lectoral du R.N.?Oui, car Ce succ\u00e8s du RN ; auquel est totalement d\u00e9favorable le syst\u00e8me \u00e9lectoral est bien plus significatif que celui de LFI et doit interpeler bien d\u2019avantage les analystes politiques. Je dois l\u2019avouer. Je ne l\u2019ai moi-m\u00eame pas vu venir. Il rel\u00e8ve pourtant de cette r\u00e9flexion de fond que je faisais \u00ab Parce qu\u2019elle n\u2019a pas voulu prendre le risque d\u2019une victoire \u00e9lectorale de madame Le Pen, \u00ab la gauche \u00bb a pris celui d\u2019une mont\u00e9e en puissance encore plus grande, et m\u00eame d\u2019une radicalisation, du RN (ou de l\u2019extr\u00eame droite en g\u00e9n\u00e9ral) nourrit par la ranc\u0153ur, la d\u00e9sesp\u00e9rance et la col\u00e8re populaire. \u00bb. (\u00ab UN DIMANCHE NOIR \u00bb &#8211; Lundi 25 avril 2022). Mais je n\u2019attendais pas cette r\u00e9action sit\u00f4t, pas sous cette forme.Le d\u00e9litement \u00e9lectoral de la macronnie lors de ces \u00e9lections l\u00e9gislatives ne fait que souligner encore le rejet populaire majoritaire.  Cela ne fait que rendre plus \u00e9pineuse la question de comment cet homme a-t-il pu \u00eatre r\u00e9\u00e9lu. Or voil\u00e0 que les m\u00eames qui ont apport\u00e9 leur concours \u00e0 sa r\u00e9\u00e9lection appellent \u00e0 pr\u00e9sent \u00e0 se serrer autour d\u2019eux pour faire \u00e9chec \u00e0 la politique de Macron. Alors les \u00e9lecteurs flou\u00e9s aux pr\u00e9sidentielles ont voulus prendre leur revanche aux l\u00e9gislatives.  \u00c9lire des hommes et femmes du seul parti qui n\u2019a jamais vari\u00e9 dans son opposition, qui n\u2019ont jamais, directement ou indirectement, appel\u00e9 \u00e0 voter Macron. Ils ont voulu marquer leur d\u00e9fiance \u00e0 ceux qui se d\u00e9clarant la seule vraie opposition n\u2019en ont pourtant pas moins ouvert la voie \u00e0 la r\u00e9\u00e9lection du satrape.Et l\u2019abstention rel\u00e8ve de la m\u00eame d\u00e9fiance \u00e0 l\u2019\u00e9gard du syst\u00e8me et du monde politique. Plus que jamais, ce que disent ses \u00e9lections, c\u2019est que le mot d\u2019ordre \u00ab virez-les tous \u00bb, reste d\u2019actualit\u00e9. Mais elle signale un danger. C\u2019est que le mouvement populaire qui r\u00e9alisera cet ordre du jour soit emport\u00e9 par la seule droite radicale et en divorce total avec \u00e0 la gauche sociale et politique.Voil\u00e0 un sujet qui m\u00e9rite mure r\u00e9flexion. C\u2019est trop facile d\u2019injurier le peuple \u00ab populiste \u00bb ; c\u2019est plus difficile il est vrai de s\u2019interroger sur sa propre part de responsabilit\u00e9.Patrick Seignon. \u00ab lavoiedessansvoix.fr \u00bb Lundi 20 juin 2022.<\/p>\n","protected":false},"excerpt":{"rendered":"<p>C\u2019EST QUOI L\u2019EVENEMENT ?Cela ne fait aucun doute, la \u00ab Macronnie \u00bb a pris une \u00ab d\u00e9gel\u00e9e \u00bb \u00e9lectorale ; [&hellip;]<\/p>\n","protected":false},"author":1,"featured_media":4083,"comment_status":"open","ping_status":"open","sticky":false,"template":"","format":"standard","meta":{"sfsi_plus_gutenberg_text_before_share":"","sfsi_plus_gutenberg_show_text_before_share":"","sfsi_plus_gutenberg_icon_type":"","sfsi_plus_gutenberg_icon_alignemt":"","sfsi_plus_gutenburg_max_per_row":"","site-sidebar-layout":"default","site-content-layout":"","ast-site-content-layout":"default","site-content-style":"default","site-sidebar-style":"default","ast-global-header-display":"","ast-banner-title-visibility":"","ast-main-header-display":"","ast-hfb-above-header-display":"","ast-hfb-below-header-display":"","ast-hfb-mobile-header-display":"","site-post-title":"","ast-breadcrumbs-content":"","ast-featured-img":"","footer-sml-layout":"","ast-disable-related-posts":"","theme-transparent-header-meta":"","adv-header-id-meta":"","stick-header-meta":"","header-above-stick-meta":"","header-main-stick-meta":"","header-below-stick-meta":"","astra-migrate-meta-layouts":"default","ast-page-background-enabled":"default","ast-page-background-meta":{"desktop":{"background-color":"var(--ast-global-color-4)","background-image":"","background-repeat":"repeat","background-position":"center center","background-size":"auto","background-attachment":"scroll","background-type":"","background-media":"","overlay-type":"","overlay-color":"","overlay-opacity":"","overlay-gradient":""},"tablet":{"background-color":"","background-image":"","background-repeat":"repeat","background-position":"center center","background-size":"auto","background-attachment":"scroll","background-type":"","background-media":"","overlay-type":"","overlay-color":"","overlay-opacity":"","overlay-gradient":""},"mobile":{"background-color":"","background-image":"","background-repeat":"repeat","background-position":"center center","background-size":"auto","background-attachment":"scroll","background-type":"","background-media":"","overlay-type":"","overlay-color":"","overlay-opacity":"","overlay-gradient":""}},"ast-content-background-meta":{"desktop":{"background-color":"var(--ast-global-color-5)","background-image":"","background-repeat":"repeat","background-position":"center center","background-size":"auto","background-attachment":"scroll","background-type":"","background-media":"","overlay-type":"","overlay-color":"","overlay-opacity":"","overlay-gradient":""},"tablet":{"background-color":"var(--ast-global-color-5)","background-image":"","background-repeat":"repeat","background-position":"center center","background-size":"auto","background-attachment":"scroll","background-type":"","background-media":"","overlay-type":"","overlay-color":"","overlay-opacity":"","overlay-gradient":""},"mobile":{"background-color":"var(--ast-global-color-5)","background-image":"","background-repeat":"repeat","background-position":"center center","background-size":"auto","background-attachment":"scroll","background-type":"","background-media":"","overlay-type":"","overlay-color":"","overlay-opacity":"","overlay-gradient":""}},"footnotes":""},"categories":[16],"tags":[],"class_list":["post-502","post","type-post","status-publish","format-standard","has-post-thumbnail","hentry","category-archives-cms"],"_links":{"self":[{"href":"https:\/\/lavoiedessansvoix.fr\/lavoie\/wp-json\/wp\/v2\/posts\/502","targetHints":{"allow":["GET"]}}],"collection":[{"href":"https:\/\/lavoiedessansvoix.fr\/lavoie\/wp-json\/wp\/v2\/posts"}],"about":[{"href":"https:\/\/lavoiedessansvoix.fr\/lavoie\/wp-json\/wp\/v2\/types\/post"}],"author":[{"embeddable":true,"href":"https:\/\/lavoiedessansvoix.fr\/lavoie\/wp-json\/wp\/v2\/users\/1"}],"replies":[{"embeddable":true,"href":"https:\/\/lavoiedessansvoix.fr\/lavoie\/wp-json\/wp\/v2\/comments?post=502"}],"version-history":[{"count":1,"href":"https:\/\/lavoiedessansvoix.fr\/lavoie\/wp-json\/wp\/v2\/posts\/502\/revisions"}],"predecessor-version":[{"id":3023,"href":"https:\/\/lavoiedessansvoix.fr\/lavoie\/wp-json\/wp\/v2\/posts\/502\/revisions\/3023"}],"wp:featuredmedia":[{"embeddable":true,"href":"https:\/\/lavoiedessansvoix.fr\/lavoie\/wp-json\/wp\/v2\/media\/4083"}],"wp:attachment":[{"href":"https:\/\/lavoiedessansvoix.fr\/lavoie\/wp-json\/wp\/v2\/media?parent=502"}],"wp:term":[{"taxonomy":"category","embeddable":true,"href":"https:\/\/lavoiedessansvoix.fr\/lavoie\/wp-json\/wp\/v2\/categories?post=502"},{"taxonomy":"post_tag","embeddable":true,"href":"https:\/\/lavoiedessansvoix.fr\/lavoie\/wp-json\/wp\/v2\/tags?post=502"}],"curies":[{"name":"wp","href":"https:\/\/api.w.org\/{rel}","templated":true}]}}