{"id":501,"date":"2022-06-27T17:56:00","date_gmt":"2022-06-27T15:56:00","guid":{"rendered":"https:\/\/lavoiedessansvoix.fr\/lavoie\/2022\/06\/27\/archive-peroraison-n-est-point-raison\/"},"modified":"2026-04-26T20:40:51","modified_gmt":"2026-04-26T18:40:51","slug":"archive-peroraison-n-est-point-raison","status":"publish","type":"post","link":"https:\/\/lavoiedessansvoix.fr\/lavoie\/2022\/06\/27\/archive-peroraison-n-est-point-raison\/","title":{"rendered":"P\u00c9RORAISON N\u2019EST POINT RAISON"},"content":{"rendered":"<p>P\u00c9RORAISON N\u2019EST POINT RAISON Cela a commenc\u00e9 aux lendemains de la s\u00e9quence des \u00e9lections pr\u00e9sidentielles quand Jean-luc M\u00e9lenchon a demand\u00e9 aux fran\u00e7ais de l\u2019\u00e9lire Premier ministre ; Il n\u2019y a pas en France d\u2019\u00e9lection du Premier ministre. Alors oui je sais, ses amis nous ont expliqu\u00e9 que Jean-Luc faisait un \u00ab coup de de maitre com. \u00bb ; Il ne fait aucun doute que le r\u00e9sultat des \u00e9lections l\u00e9gislatives, d\u00e9sastreux pour la \u00ab majorit\u00e9 pr\u00e9sidentielle \u00bb, les a confort\u00e9s dans leur d\u00e9lire. Ils en sont probablement plus persuad\u00e9s que jamais c\u2019est \u00e0 ce coup de \u00ab g\u00e9nie \u00bb que l\u2019on doit d\u2019avoir donn\u00e9 une \u00ab d\u00e9culott\u00e9e \u00bb au parti du pr\u00e9sident. Pourtant le RN dont le chef de file, Marine Le Pen, n\u2019a pas souhait\u00e9 qu\u2019on \u00ab l\u2019Elyse Premi\u00e8re-ministr\u00e8re \u00bb a r\u00e9alis\u00e9 un score \u00e9quivalent \u00e0 celui de LFI. Comprenne qui pourra. (On peut aussi pour tenter de comprendre s\u2019en rapporter \u00e0 mon article \u00ab C\u2019est quoi l\u2019\u00e9v\u00e8nement ? &#8211; 21\/6\/2022)La d\u00e9faite \u00e0 l\u2019\u00e9lection Pr\u00e9sidentielle aurait-elle alt\u00e9r\u00e9 sa raison, fait perdre le bon sens \u00e0 Jean-Luc M\u00e9lenchon ? Voil\u00e0 qu\u2019il twittes \u00e0 pr\u00e9sent :\u00ab Aujourd&rsquo;hui, il n&rsquo;y a pas d&rsquo;autre r\u00e9alit\u00e9 que celle-ci : l&rsquo;ex\u00e9cutif est faible mais l&rsquo;Assembl\u00e9e nationale est forte.La Premi\u00e8re ministre doit se pr\u00e9senter devant l&rsquo;Assembl\u00e9e nationale et obtenir un vote de confiance. Si elle ne l&rsquo;a pas, elle devra d\u00e9missionner. \u00bbO\u00f9 a-t-il vu Jean-Luc M\u00e9lenchon qu\u2019aucune Assembl\u00e9e Nationale de la 5\u00e8me R\u00e9publique, simple voile d\u00e9mocratique d\u2019une r\u00e9alit\u00e9 monarchiste, puisse \u00eatre forte ? Cela n\u2019est en tout cas pas dans la constitution qui assure la totale h\u00e9g\u00e9monie \u00e0 l\u2019ex\u00e9cutif. C\u2019est le Pr\u00e9sident qui nomme le Premier ministre et c\u2019est lui qui accepte sa d\u00e9mission ou le cong\u00e9die \u00e0 sa guise. Encore une fois Jean-Luc M\u00e9lenchon se trompe d\u2019\u00e9poque et de R\u00e9publique.Il est certes ind\u00e9niable que les circonstances qui ont pr\u00e9sid\u00e9es \u00e0 la r\u00e9\u00e9lection de Macron n\u2019ont pas accru sa l\u00e9gitimit\u00e9. Mais les circonstances n\u2019\u00e9taient t\u2019elles pas \u00e9quivalentes en 2017 ? Macron aura \u00e9t\u00e9 \u00e0 deux reprises \u00e9lu par la foi d\u2019un suffrage extorqu\u00e9 aux fran\u00e7ais. Sa l\u00e9gitimit\u00e9 n\u2019a jamais manqu\u00e9 d\u2019\u00eatre contestable, ce dont elle a toujours manqu\u00e9, et \u00e0 ce jour encore, c\u2019est d\u2019\u00eatre contest\u00e9. Ce d\u00e9ficit de l\u00e9gitimit\u00e9 c\u2019est bien entendu le talon d\u2019Achille de la pr\u00e9sidence et des institutions dont elle est la garante ; l\u2019une et l\u2019autre ne doivent leur sauvegarde qu\u2019au refus obstin\u00e9 de tous nos \u00ab Hector parleurs \u00bb de d\u00e9cocher le trait fatal.Certes, Fran\u00e7ois Hollande a dit un jour que Macron avait \u00e9t\u00e9 \u00e9lu par effraction et Jean-Luc M\u00e9lenchon quelque chose d\u2019\u00e0 peu pr\u00e8s aussi peu am\u00e8ne. Mais il ne s\u2019agissait que de \u00ab banderilles verbales \u00bb sans lendemains, aucun n\u2019a jamais eu jusque-l\u00e0 l\u2019intention v\u00e9ritable ni l\u2019audace de prolonger le verbe par l\u2019action parlementaire et encore moins politique pour contester cette l\u00e9gitimit\u00e9. Or, sauf \u00e0 vouloir ouvrir une crise institutionnelle grave qui aboutirait \u00e0 l\u2019effondrement de la 5\u00e8me R\u00e9publique et inaugurerait l\u2019\u00e8re de la 6\u00e8me. le Pr\u00e9sident de la R\u00e9publique reste pour l\u2019heure maitre \u00ab du jeu \u00bb.\u00ab Dynamiter la 5\u00e8me R\u00e9publique \u00bb ? C\u2019est bien s\u00fbr ce dont une certaine droite hyst\u00e9rique accuse Jean-Luc M\u00e9lenchon afin de le \u00ab diaboliser \u00bb. Mais cela tient-il vraiment la route ? Certes cela parait abonder dans le sens du discours de campagne m\u00e9lenchonien d\u2019av\u00e8nement d\u2019une 6\u00e8me R\u00e9publique. Mais M\u00e9lenchon veut-il vraiment ouvrir une crise politique et institutionnelle ? Permettez-nous d\u2019en douter. Le voudrait-il, il n\u2019en en aurait-pas les moyens ? Non ! Nous l\u2019avons dit (\u00ab C\u2019est quoi l\u2019\u00e9v\u00e8nement \u00bb) \u00e0 notre grand regret la majorit\u00e9 parlementaire reste acquise au Pr\u00e9sident de la r\u00e9publique. 245 \u00ab Ensemble \u00bb et 61 \u00ab L.R. \u00bb pour 131 NUPES, sachant que M\u00e9lenchon et les siens ne voudront jamais d\u2019une convergence quelconque, m\u00eame de contingence, avec le \u00ab R.N. \u00bb. Sans compter qu\u2019en pareil cas l\u2019effectif des d\u00e9put\u00e9s \u00e9tiquet\u00e9s \u00ab NUPES \u00bb n\u2019est pas m\u00eame fiables ; Plusieurs pourraient lui filer dans les doigts. Comment Jean-Luc M\u00e9lenchon pourrait-il croire vraiment que les d\u00e9put\u00e9s communistes dont le Parti a appel\u00e9 \u00e0 voter Macron se joindraient \u00e0 une fronde visant \u00e0 \u00ab dynamiter \u00bb les institutions. Comment croire qu\u2019un grand nombre des \u00e9lus socialistes, supp\u00f4ts du r\u00e9gime, se prennent tout \u00e0 coup de l\u2019envie de le saborder ? Et l\u2019argumentaire justificatif de leur refus est d\u00e9j\u00e0 tout trouv\u00e9 : \u00ab ouvrir une crise institutionnelle mais ce serait paver une \u00ab Via Romana \u00bb \u00e0 la Marche sur Paris de Marine Le Pen ? \u00bbAlors dans ces circonstances, comment prendre au s\u00e9rieux les actuels propos de M\u00e9lenchon sur les forces relatives du parlement et de l\u2019ex\u00e9cutif et la n\u00e9cessit\u00e9 de soumettre celui-ci \u00e0 \u00ab l\u2019adoubement \u00bb de l\u2019Assembl\u00e9e ; Il s\u2019agirait en ce cas rien moins que d\u2019un \u00ab renversement de R\u00e9publique \u00bb ? Comment le prendre au s\u00e9rieux quand Jean-luc au \u00ab J.D.D. \u00bb le 29 avril 2022, d\u00e8s les lendemains de l\u2019\u00e9lection pr\u00e9sidentielles, a d\u00e9clar\u00e9 \u00ab Je ne discute pas sa l\u00e9gitimit\u00e9 de pr\u00e9sident de la R\u00e9publique \u00bb. Pourtant fort discutable \u00e0 mon sens. Mais comment aurait-il pu, il est vrai, de mani\u00e8re coh\u00e9rente revendiquer de devenir le premier ministre d\u2019un Pr\u00e9sident ill\u00e9gitime ? On est dans le syst\u00e8me ou on n\u2019y est pas. Tout cela n\u2019est que p\u00e9roraison. La r\u00e9ponse de Macron a d\u2019ailleurs \u00e9t\u00e9 sans appel, cinglante dans sa simplicit\u00e9. Sans le moindre affect marqu\u00e9 en direction de l\u2019Assembl\u00e9e il s\u2019est content\u00e9 de renouveler Madame Borne dans son statut de \u00ab Premier Ministre \u00bb. Celle-ci ira sans nul doute faire au Palais Bourbon, selon l\u2019usage, \u00ab une d\u00e9claration de politique g\u00e9n\u00e9rale \u00bb, elle sollicitera un vote de confiance de l\u2019Assembl\u00e9e si bon lui semble. Elle n\u2019ob\u00e9ira pas aux injonctions de Monsieur M\u00e9lenchon.Oui, la l\u00e9gitimit\u00e9 de Macron est plus discutable que jamais. Oui il faut la contester. Mais la contestation ne viendra pas de l\u2019Assembl\u00e9e Nationale. Elle viendra de la rue et du peuple.Alors, il est possible qu\u2019il y ait au parlement des d\u00e9put\u00e9s vraiment coh\u00e9rents et sinc\u00e8res, pr\u00e8s \u00e0 entreprendre ce combat pour la destitution d\u2019Emmanuel Macron. Que ceux-l\u00e0 se tournenr vers et en appellent au peuple.Patrick Seignon. \u00ab lavoiedessansvoix.fr \u00bb. Lundi 27 juin 2022<\/p>\n","protected":false},"excerpt":{"rendered":"<p>P\u00c9RORAISON N\u2019EST POINT RAISON Cela a commenc\u00e9 aux lendemains de la s\u00e9quence des \u00e9lections pr\u00e9sidentielles quand Jean-luc M\u00e9lenchon a demand\u00e9 [&hellip;]<\/p>\n","protected":false},"author":1,"featured_media":4082,"comment_status":"open","ping_status":"open","sticky":false,"template":"","format":"standard","meta":{"sfsi_plus_gutenberg_text_before_share":"","sfsi_plus_gutenberg_show_text_before_share":"","sfsi_plus_gutenberg_icon_type":"","sfsi_plus_gutenberg_icon_alignemt":"","sfsi_plus_gutenburg_max_per_row":"","site-sidebar-layout":"default","site-content-layout":"","ast-site-content-layout":"default","site-content-style":"default","site-sidebar-style":"default","ast-global-header-display":"","ast-banner-title-visibility":"","ast-main-header-display":"","ast-hfb-above-header-display":"","ast-hfb-below-header-display":"","ast-hfb-mobile-header-display":"","site-post-title":"","ast-breadcrumbs-content":"","ast-featured-img":"","footer-sml-layout":"","ast-disable-related-posts":"","theme-transparent-header-meta":"","adv-header-id-meta":"","stick-header-meta":"","header-above-stick-meta":"","header-main-stick-meta":"","header-below-stick-meta":"","astra-migrate-meta-layouts":"default","ast-page-background-enabled":"default","ast-page-background-meta":{"desktop":{"background-color":"var(--ast-global-color-4)","background-image":"","background-repeat":"repeat","background-position":"center center","background-size":"auto","background-attachment":"scroll","background-type":"","background-media":"","overlay-type":"","overlay-color":"","overlay-opacity":"","overlay-gradient":""},"tablet":{"background-color":"","background-image":"","background-repeat":"repeat","background-position":"center center","background-size":"auto","background-attachment":"scroll","background-type":"","background-media":"","overlay-type":"","overlay-color":"","overlay-opacity":"","overlay-gradient":""},"mobile":{"background-color":"","background-image":"","background-repeat":"repeat","background-position":"center center","background-size":"auto","background-attachment":"scroll","background-type":"","background-media":"","overlay-type":"","overlay-color":"","overlay-opacity":"","overlay-gradient":""}},"ast-content-background-meta":{"desktop":{"background-color":"var(--ast-global-color-5)","background-image":"","background-repeat":"repeat","background-position":"center center","background-size":"auto","background-attachment":"scroll","background-type":"","background-media":"","overlay-type":"","overlay-color":"","overlay-opacity":"","overlay-gradient":""},"tablet":{"background-color":"var(--ast-global-color-5)","background-image":"","background-repeat":"repeat","background-position":"center center","background-size":"auto","background-attachment":"scroll","background-type":"","background-media":"","overlay-type":"","overlay-color":"","overlay-opacity":"","overlay-gradient":""},"mobile":{"background-color":"var(--ast-global-color-5)","background-image":"","background-repeat":"repeat","background-position":"center center","background-size":"auto","background-attachment":"scroll","background-type":"","background-media":"","overlay-type":"","overlay-color":"","overlay-opacity":"","overlay-gradient":""}},"footnotes":""},"categories":[16],"tags":[],"class_list":["post-501","post","type-post","status-publish","format-standard","has-post-thumbnail","hentry","category-archives-cms"],"_links":{"self":[{"href":"https:\/\/lavoiedessansvoix.fr\/lavoie\/wp-json\/wp\/v2\/posts\/501","targetHints":{"allow":["GET"]}}],"collection":[{"href":"https:\/\/lavoiedessansvoix.fr\/lavoie\/wp-json\/wp\/v2\/posts"}],"about":[{"href":"https:\/\/lavoiedessansvoix.fr\/lavoie\/wp-json\/wp\/v2\/types\/post"}],"author":[{"embeddable":true,"href":"https:\/\/lavoiedessansvoix.fr\/lavoie\/wp-json\/wp\/v2\/users\/1"}],"replies":[{"embeddable":true,"href":"https:\/\/lavoiedessansvoix.fr\/lavoie\/wp-json\/wp\/v2\/comments?post=501"}],"version-history":[{"count":1,"href":"https:\/\/lavoiedessansvoix.fr\/lavoie\/wp-json\/wp\/v2\/posts\/501\/revisions"}],"predecessor-version":[{"id":3021,"href":"https:\/\/lavoiedessansvoix.fr\/lavoie\/wp-json\/wp\/v2\/posts\/501\/revisions\/3021"}],"wp:featuredmedia":[{"embeddable":true,"href":"https:\/\/lavoiedessansvoix.fr\/lavoie\/wp-json\/wp\/v2\/media\/4082"}],"wp:attachment":[{"href":"https:\/\/lavoiedessansvoix.fr\/lavoie\/wp-json\/wp\/v2\/media?parent=501"}],"wp:term":[{"taxonomy":"category","embeddable":true,"href":"https:\/\/lavoiedessansvoix.fr\/lavoie\/wp-json\/wp\/v2\/categories?post=501"},{"taxonomy":"post_tag","embeddable":true,"href":"https:\/\/lavoiedessansvoix.fr\/lavoie\/wp-json\/wp\/v2\/tags?post=501"}],"curies":[{"name":"wp","href":"https:\/\/api.w.org\/{rel}","templated":true}]}}