{"id":498,"date":"2022-07-06T06:24:00","date_gmt":"2022-07-06T04:24:00","guid":{"rendered":"https:\/\/lavoiedessansvoix.fr\/lavoie\/2022\/07\/06\/archive-jour-de-la-colere-le-12-juillet-2022-les-francais-votent-avec-leurs-pieds\/"},"modified":"2026-04-26T20:40:25","modified_gmt":"2026-04-26T18:40:25","slug":"archive-jour-de-la-colere-le-12-juillet-2022-les-francais-votent-avec-leurs-pieds","status":"publish","type":"post","link":"https:\/\/lavoiedessansvoix.fr\/lavoie\/2022\/07\/06\/archive-jour-de-la-colere-le-12-juillet-2022-les-francais-votent-avec-leurs-pieds\/","title":{"rendered":"\u00ab JOUR DE LA COL\u00c8RE \u00bb LE 12 JUILLET 2022 LES FRANCAIS VOTENT AVEC LEURS PIEDS"},"content":{"rendered":"<p>\u00ab JOUR DE LA COL\u00c8RE \u00bbLE 12 JUILLET 2022LES FRANCAIS VOTENT AVEC LEURS PIEDSLe 12 juillet 2021, avec la g\u00e9n\u00e9ralisation de l\u2019usage du \u00ab pass \u00bb et l\u2019obligation vaccinale pour plusieurs cat\u00e9gories professionnelles, Macron a d\u00e9clar\u00e9 la guerre \u00e0 son peuple, aux libert\u00e9s, \u00e0 la d\u00e9mocratie, \u00e0 notre mod\u00e8le social,.Des soignants, des pompiers, des gendarmes ont \u00e9t\u00e9 suspendus de leur emploi sans salaire et au m\u00e9pris des dispositions \u00e9l\u00e9mentaires du code du travail. Des mesures discriminatoires ont \u00e9t\u00e9 appliqu\u00e9es \u00e0 l\u2019\u00e9gard d\u2019une partie des citoyens, les fran\u00e7ais ont \u00e9t\u00e9 dress\u00e9s les uns contre les autres.Le samedi suivant, 17 juillet, des centaines de milliers de citoyens libres manifestaient dans les rues de toutes les grandes villes de France, beaucoup pour la premi\u00e8re fois.Jamais cela ne s\u2019\u00e9tait produit dans toute l\u2019Histoire sociale de la France, les manifestations dur\u00e8rent tout l\u2019\u00e9t\u00e9 et au-del\u00e0. Apr\u00e8s le mouvement des Gilets-Jaune, le mouvement anti-passe marquait le rejet populaire massif de cette politique r\u00e9trograde et liberticide, de l\u2019ordre policier, de la monarchie constitutionnelle qu\u2019est devenu la cinqui\u00e8me R\u00e9publique, du Monarque du moment, cynique et autosuffisant, tel qu\u2019\u00e9tait Macron.Deux tiers au moins, peut-\u00eatre m\u00eame trois quarts, des Fran\u00e7ais ex\u00e8crent cet homme et r\u00eavaient de le \u00ab virer \u00bb \u00e0 l\u2019occasion des derni\u00e8res \u00e9lections Pr\u00e9sidentielles. Il a pourtant \u00e9t\u00e9 r\u00e9\u00e9lu, encore une fois, comme en 2017 par \u00ab effraction \u00bb, par le truchement d\u2019un ignoble chantage au danger de l\u2019extr\u00eame droite. Elu ?\u2026 Par moins d\u2019un quart des fran\u00e7ais dont beaucoup n\u2019approuvent pas son programme mais craignaient l\u2019av\u00e8nement de Marine de Pen.Et pourtant bien que si mal \u00e9lu, sa l\u00e9gitimit\u00e9 si contestable ne sera pas pour cet arrogant un obstacle, il poursuivra sa terrible politique de r\u00e9gression sociale. Ce ne sont pas les tripatouillages et arrangements parlementaires, ce ne sont pas les mises en sc\u00e8nes th\u00e9\u00e2trales de \u00ab motion de censure \u00bb qui n\u2019ont aucune chance d\u2019aboutir, qui l\u2019en emp\u00eacheront. Seul le peuple mobilis\u00e9 peut lui faire barrage.Comme le 14 juillet, jour de la prise de la Bastille en 1789 est devenu le jour symbolique de la R\u00e9volution Fran\u00e7aise, pourquoi le 12 juillet, jour o\u00f9 Macron pronon\u00e7a son discours de guerre au peuple ne deviendrait-il pas le jour symbolique de \u00ab la col\u00e8re populaire \u00bb ?C\u2019est pourquoi c\u2019est ce jour-l\u00e0 que nous manifesterons notre indignation contre la dictature sanitaire, contre l\u2019augmentation d\u00e9mesur\u00e9e des prix de l\u2019\u00e9nergie, contre l\u2019inflation qui est le moyen de faire payer au peuple les d\u00e9penses insens\u00e9es engag\u00e9es au pr\u00e9texte  la crise \u00ab\u00a0covid\u00a0\u00bb, contre les terribles crises \u00e9conomique et alimentaire qui s\u2019annoncent et qui sont les cons\u00e9quences de sa gestion Unuesque..Macron est l\u2019ennemi num\u00e9ro un du peuple. C\u2019est pourquoi nous r\u00e9pondrons \u00e0 l\u2019Appel d\u2019Oliv Oliv et plusieurs collectifs, \u00e0 manifester le 12 juillet \u00ab contre le pass et contre les taxes \u00bb. Et c\u2019est pourquoi nous vous appelons tous, citoyens libres, Gilets-jaunes, tous les fran\u00e7ais qui souffrent de cette politique d\u00e9mente, \u00e0 voter ce jour-l\u00e0 avec vos pieds et en scandant : \u00ab Macron dehors, on ne veut plus te voir ! \u00bb ;Patrick Seignon. \u00ab lavoiedessansvoix.fr \u00bb. Mercredi 4 juillet 2022.<\/p>\n","protected":false},"excerpt":{"rendered":"<p>\u00ab JOUR DE LA COL\u00c8RE \u00bbLE 12 JUILLET 2022LES FRANCAIS VOTENT AVEC LEURS PIEDSLe 12 juillet 2021, avec la g\u00e9n\u00e9ralisation [&hellip;]<\/p>\n","protected":false},"author":1,"featured_media":4079,"comment_status":"open","ping_status":"open","sticky":false,"template":"","format":"standard","meta":{"sfsi_plus_gutenberg_text_before_share":"","sfsi_plus_gutenberg_show_text_before_share":"","sfsi_plus_gutenberg_icon_type":"","sfsi_plus_gutenberg_icon_alignemt":"","sfsi_plus_gutenburg_max_per_row":"","site-sidebar-layout":"default","site-content-layout":"","ast-site-content-layout":"default","site-content-style":"default","site-sidebar-style":"default","ast-global-header-display":"","ast-banner-title-visibility":"","ast-main-header-display":"","ast-hfb-above-header-display":"","ast-hfb-below-header-display":"","ast-hfb-mobile-header-display":"","site-post-title":"","ast-breadcrumbs-content":"","ast-featured-img":"","footer-sml-layout":"","ast-disable-related-posts":"","theme-transparent-header-meta":"","adv-header-id-meta":"","stick-header-meta":"","header-above-stick-meta":"","header-main-stick-meta":"","header-below-stick-meta":"","astra-migrate-meta-layouts":"default","ast-page-background-enabled":"default","ast-page-background-meta":{"desktop":{"background-color":"var(--ast-global-color-4)","background-image":"","background-repeat":"repeat","background-position":"center center","background-size":"auto","background-attachment":"scroll","background-type":"","background-media":"","overlay-type":"","overlay-color":"","overlay-opacity":"","overlay-gradient":""},"tablet":{"background-color":"","background-image":"","background-repeat":"repeat","background-position":"center center","background-size":"auto","background-attachment":"scroll","background-type":"","background-media":"","overlay-type":"","overlay-color":"","overlay-opacity":"","overlay-gradient":""},"mobile":{"background-color":"","background-image":"","background-repeat":"repeat","background-position":"center center","background-size":"auto","background-attachment":"scroll","background-type":"","background-media":"","overlay-type":"","overlay-color":"","overlay-opacity":"","overlay-gradient":""}},"ast-content-background-meta":{"desktop":{"background-color":"var(--ast-global-color-5)","background-image":"","background-repeat":"repeat","background-position":"center center","background-size":"auto","background-attachment":"scroll","background-type":"","background-media":"","overlay-type":"","overlay-color":"","overlay-opacity":"","overlay-gradient":""},"tablet":{"background-color":"var(--ast-global-color-5)","background-image":"","background-repeat":"repeat","background-position":"center center","background-size":"auto","background-attachment":"scroll","background-type":"","background-media":"","overlay-type":"","overlay-color":"","overlay-opacity":"","overlay-gradient":""},"mobile":{"background-color":"var(--ast-global-color-5)","background-image":"","background-repeat":"repeat","background-position":"center center","background-size":"auto","background-attachment":"scroll","background-type":"","background-media":"","overlay-type":"","overlay-color":"","overlay-opacity":"","overlay-gradient":""}},"footnotes":""},"categories":[16],"tags":[],"class_list":["post-498","post","type-post","status-publish","format-standard","has-post-thumbnail","hentry","category-archives-cms"],"_links":{"self":[{"href":"https:\/\/lavoiedessansvoix.fr\/lavoie\/wp-json\/wp\/v2\/posts\/498","targetHints":{"allow":["GET"]}}],"collection":[{"href":"https:\/\/lavoiedessansvoix.fr\/lavoie\/wp-json\/wp\/v2\/posts"}],"about":[{"href":"https:\/\/lavoiedessansvoix.fr\/lavoie\/wp-json\/wp\/v2\/types\/post"}],"author":[{"embeddable":true,"href":"https:\/\/lavoiedessansvoix.fr\/lavoie\/wp-json\/wp\/v2\/users\/1"}],"replies":[{"embeddable":true,"href":"https:\/\/lavoiedessansvoix.fr\/lavoie\/wp-json\/wp\/v2\/comments?post=498"}],"version-history":[{"count":1,"href":"https:\/\/lavoiedessansvoix.fr\/lavoie\/wp-json\/wp\/v2\/posts\/498\/revisions"}],"predecessor-version":[{"id":3015,"href":"https:\/\/lavoiedessansvoix.fr\/lavoie\/wp-json\/wp\/v2\/posts\/498\/revisions\/3015"}],"wp:featuredmedia":[{"embeddable":true,"href":"https:\/\/lavoiedessansvoix.fr\/lavoie\/wp-json\/wp\/v2\/media\/4079"}],"wp:attachment":[{"href":"https:\/\/lavoiedessansvoix.fr\/lavoie\/wp-json\/wp\/v2\/media?parent=498"}],"wp:term":[{"taxonomy":"category","embeddable":true,"href":"https:\/\/lavoiedessansvoix.fr\/lavoie\/wp-json\/wp\/v2\/categories?post=498"},{"taxonomy":"post_tag","embeddable":true,"href":"https:\/\/lavoiedessansvoix.fr\/lavoie\/wp-json\/wp\/v2\/tags?post=498"}],"curies":[{"name":"wp","href":"https:\/\/api.w.org\/{rel}","templated":true}]}}