{"id":496,"date":"2022-07-23T02:12:00","date_gmt":"2022-07-23T00:12:00","guid":{"rendered":"https:\/\/lavoiedessansvoix.fr\/lavoie\/2022\/07\/23\/archive-scandaleux-ignominieux-quot-le-gouvernement-refuse-de-reintegrer-les-soignants-n\/"},"modified":"2026-04-26T20:40:05","modified_gmt":"2026-04-26T18:40:05","slug":"archive-scandaleux-ignominieux-quot-le-gouvernement-refuse-de-reintegrer-les-soignants-n","status":"publish","type":"post","link":"https:\/\/lavoiedessansvoix.fr\/lavoie\/2022\/07\/23\/archive-scandaleux-ignominieux-quot-le-gouvernement-refuse-de-reintegrer-les-soignants-n\/","title":{"rendered":"SCANDALEUX ! IGNOMINIEUX ! &quot;Le gouvernement refuse de r\u00e9int\u00e9grer les soignants non vaccin\u00e9s &quot;"},"content":{"rendered":"<p>SCANDALEUX ! IGNOMINIEUX !    Malgr\u00e9 le manque criant de personnels de sant\u00e9, malgr\u00e9 la crise du syst\u00e8me hospitalier, malgr\u00e9 les fermetures de services d\u2019urgences au d\u00e9triment de la s\u00e9curit\u00e9 publique, malgr\u00e9 les preuves accumul\u00e9es chaque jour d\u2019avantage de la dangerosit\u00e9 des vaccins ARN, le gouvernement s\u2019obstine \u00e0 poursuivre sa politique vaccinale coercitive et liberticide. . Craindrait-il que c\u00e9der sur ce point soit pour lui le d\u00e9but de la fin, ouvre la voie \u00e0 sa mise en accusation ?  \u00a0\u00bb Covid-19 : \u00ab\u00a0Le gouvernement refuse de r\u00e9int\u00e9grer les soignants non vaccin\u00e9s \u00a0\u00bb  \u00ab \u2026.. le ministre de la Sant\u00e9, Fran\u00e7ois Braun, a \u2026 annonc\u00e9 que le gouvernement suivait l\u2019avis des autorit\u00e9s scientifiques, qui sont oppos\u00e9es \u00e0 cette r\u00e9int\u00e9gration. \u00ab L\u2019acad\u00e9mie de m\u00e9decine, le conseil scientifique et la Haute autorit\u00e9 de sant\u00e9 ont un avis convergent (\u2026) il est n\u00e9gatif \u00bb et \u00ab on suit l\u2019avis des scientifiques \u00bb, a d\u00e9clar\u00e9 le ministre en d\u00e9placement en Seine-et-Marne, pr\u00e9cisant qu\u2019il r\u00e9unirait \u00ab d\u00e8s le d\u00e9but de la semaine prochaine les organisations syndicales pour leur expliquer la situation \u00bb. (20 minutes. Vendredi 22 juillet 2022)Nous l\u2019avions dit : \u00ab\u00a0NON CE N\u2019EST PAS FINI LA LUTTE CONTINUE\u00a0\u00bb pour la r\u00e9int\u00e9gration avec r\u00e9paration de tous les personnels \u00ab\u00a0suspendus\u00a0\u00bb, soignants et autres professions.<\/p>\n","protected":false},"excerpt":{"rendered":"<p>SCANDALEUX ! IGNOMINIEUX ! Malgr\u00e9 le manque criant de personnels de sant\u00e9, malgr\u00e9 la crise du syst\u00e8me hospitalier, malgr\u00e9 les [&hellip;]<\/p>\n","protected":false},"author":1,"featured_media":4077,"comment_status":"open","ping_status":"open","sticky":false,"template":"","format":"standard","meta":{"sfsi_plus_gutenberg_text_before_share":"","sfsi_plus_gutenberg_show_text_before_share":"","sfsi_plus_gutenberg_icon_type":"","sfsi_plus_gutenberg_icon_alignemt":"","sfsi_plus_gutenburg_max_per_row":"","site-sidebar-layout":"default","site-content-layout":"","ast-site-content-layout":"default","site-content-style":"default","site-sidebar-style":"default","ast-global-header-display":"","ast-banner-title-visibility":"","ast-main-header-display":"","ast-hfb-above-header-display":"","ast-hfb-below-header-display":"","ast-hfb-mobile-header-display":"","site-post-title":"","ast-breadcrumbs-content":"","ast-featured-img":"","footer-sml-layout":"","ast-disable-related-posts":"","theme-transparent-header-meta":"","adv-header-id-meta":"","stick-header-meta":"","header-above-stick-meta":"","header-main-stick-meta":"","header-below-stick-meta":"","astra-migrate-meta-layouts":"default","ast-page-background-enabled":"default","ast-page-background-meta":{"desktop":{"background-color":"var(--ast-global-color-4)","background-image":"","background-repeat":"repeat","background-position":"center center","background-size":"auto","background-attachment":"scroll","background-type":"","background-media":"","overlay-type":"","overlay-color":"","overlay-opacity":"","overlay-gradient":""},"tablet":{"background-color":"","background-image":"","background-repeat":"repeat","background-position":"center center","background-size":"auto","background-attachment":"scroll","background-type":"","background-media":"","overlay-type":"","overlay-color":"","overlay-opacity":"","overlay-gradient":""},"mobile":{"background-color":"","background-image":"","background-repeat":"repeat","background-position":"center center","background-size":"auto","background-attachment":"scroll","background-type":"","background-media":"","overlay-type":"","overlay-color":"","overlay-opacity":"","overlay-gradient":""}},"ast-content-background-meta":{"desktop":{"background-color":"var(--ast-global-color-5)","background-image":"","background-repeat":"repeat","background-position":"center center","background-size":"auto","background-attachment":"scroll","background-type":"","background-media":"","overlay-type":"","overlay-color":"","overlay-opacity":"","overlay-gradient":""},"tablet":{"background-color":"var(--ast-global-color-5)","background-image":"","background-repeat":"repeat","background-position":"center center","background-size":"auto","background-attachment":"scroll","background-type":"","background-media":"","overlay-type":"","overlay-color":"","overlay-opacity":"","overlay-gradient":""},"mobile":{"background-color":"var(--ast-global-color-5)","background-image":"","background-repeat":"repeat","background-position":"center center","background-size":"auto","background-attachment":"scroll","background-type":"","background-media":"","overlay-type":"","overlay-color":"","overlay-opacity":"","overlay-gradient":""}},"footnotes":""},"categories":[16],"tags":[],"class_list":["post-496","post","type-post","status-publish","format-standard","has-post-thumbnail","hentry","category-archives-cms"],"_links":{"self":[{"href":"https:\/\/lavoiedessansvoix.fr\/lavoie\/wp-json\/wp\/v2\/posts\/496","targetHints":{"allow":["GET"]}}],"collection":[{"href":"https:\/\/lavoiedessansvoix.fr\/lavoie\/wp-json\/wp\/v2\/posts"}],"about":[{"href":"https:\/\/lavoiedessansvoix.fr\/lavoie\/wp-json\/wp\/v2\/types\/post"}],"author":[{"embeddable":true,"href":"https:\/\/lavoiedessansvoix.fr\/lavoie\/wp-json\/wp\/v2\/users\/1"}],"replies":[{"embeddable":true,"href":"https:\/\/lavoiedessansvoix.fr\/lavoie\/wp-json\/wp\/v2\/comments?post=496"}],"version-history":[{"count":1,"href":"https:\/\/lavoiedessansvoix.fr\/lavoie\/wp-json\/wp\/v2\/posts\/496\/revisions"}],"predecessor-version":[{"id":3011,"href":"https:\/\/lavoiedessansvoix.fr\/lavoie\/wp-json\/wp\/v2\/posts\/496\/revisions\/3011"}],"wp:featuredmedia":[{"embeddable":true,"href":"https:\/\/lavoiedessansvoix.fr\/lavoie\/wp-json\/wp\/v2\/media\/4077"}],"wp:attachment":[{"href":"https:\/\/lavoiedessansvoix.fr\/lavoie\/wp-json\/wp\/v2\/media?parent=496"}],"wp:term":[{"taxonomy":"category","embeddable":true,"href":"https:\/\/lavoiedessansvoix.fr\/lavoie\/wp-json\/wp\/v2\/categories?post=496"},{"taxonomy":"post_tag","embeddable":true,"href":"https:\/\/lavoiedessansvoix.fr\/lavoie\/wp-json\/wp\/v2\/tags?post=496"}],"curies":[{"name":"wp","href":"https:\/\/api.w.org\/{rel}","templated":true}]}}