{"id":493,"date":"2022-08-13T02:04:00","date_gmt":"2022-08-13T00:04:00","guid":{"rendered":"https:\/\/lavoiedessansvoix.fr\/lavoie\/2022\/08\/13\/archive-1-gardons-nous-de-dire-des-absurdites\/"},"modified":"2026-04-26T20:39:34","modified_gmt":"2026-04-26T18:39:34","slug":"archive-1-gardons-nous-de-dire-des-absurdites","status":"publish","type":"post","link":"https:\/\/lavoiedessansvoix.fr\/lavoie\/2022\/08\/13\/archive-1-gardons-nous-de-dire-des-absurdites\/","title":{"rendered":"1    &#8211; GARDONS NOUS DE DIRE DES ABSURDIT\u00c9S"},"content":{"rendered":"<p>1    &#8211; GARDONS NOUS DE DIRE DES ABSURDIT\u00c9S     Lorsque l\u2019on se fonde sur des pr\u00e9alables faux on a bien s\u00fbr toutes les chances d\u2019aboutir \u00e0 des conclusions erron\u00e9es. C\u2019est pourquoi il m\u2019a paru utile de tenter en toute humilit\u00e9 de corriger une erreur qui est trop fr\u00e9quemment faite actuellement.    J\u2019ai ou\u00efe dire ou lu, ici ou l\u00e0, que les luttes militantes classiques n\u2019ont men\u00e9 \u00e0 rien ou m\u00eame quelques fois conduit au pire. Cela s\u2019expliquerai par le fait qu\u2019elles sont contr\u00f4l\u00e9es par \u00ab les pouvoirs \u00bb, et cette fatalit\u00e9 durerait depuis au moins la R\u00e9volution fran\u00e7aise.    Dans ce premier volet je ne m\u2019appesantirais que sur la premi\u00e8re proposition : \u00ab les luttes militantes classiques n\u2019ont men\u00e9 \u00e0 rien \u00bb. Je consacrerais un deuxi\u00e8me volet, dans les jours qui viennent, pour r\u00e9pondre \u00e0 l\u2019objection : \u00ab elles ont quelque fois conduit au pire. \u00bb et un troisi\u00e8me \u00e0 la question de savoir si \u00ab les pouvoirs \u00bb (lesquels), contr\u00f4lent v\u00e9ritablement les luttes ?    Jacques Brel a chant\u00e9 en effet \u00ab Nous avons pris la Bastille mais \u00e7a n\u2019a servi \u00e0 rien. \u00bb Jacques Brel \u00e9tait un talentueux po\u00e8te et n\u2019avait aucune pr\u00e9tention philosophique ni d\u2019analyste politique ou historique. Nous avons pris la Bastille et je l\u2019affirme, et nul ne pourra me contredire s\u00e9rieusement, \u00e7a a servi \u00e0 quelque chose malgr\u00e9 tout. Comme la R\u00e9volution Fran\u00e7aise toutes les luttes militantes ont eu leur part de r\u00e9sultats.    Les grandes mobilisations ouvri\u00e8res du d\u00e9but du 20\u00e8me si\u00e8cle ont conduit \u00e0 la journ\u00e9e de 8 heures et \u00e0 la semaine de 4O heures. Savent-ils ceux qui disent que les luttes militantes classiques n\u2019ont servi \u00e0 rien qu\u2019avant cela la journ\u00e9e de travail \u00e9tait de 12 heures et sans repos dominical ni cong\u00e9s pay\u00e9s. Que ces derniers sont la conqu\u00eate d\u2019une autre grande lutte militante classique \u00ab le front populaire de 1936 \u00bb ? Savent-ils que la plupart des services public, la s\u00e9curit\u00e9 sociale, le syst\u00e8me de retraite par r\u00e9partition que Macron veut nous supprimer, sont aussi les conqu\u00eates d\u2019une lutte militante classique, celle de la R\u00e9sistance \u00e0 l\u2019occupation Allemande, via le conseil national de la R\u00e9sistance ?  Allons donc, un peu moins de morgue et plus de sens des r\u00e9alit\u00e9s. Presque toutes nos libert\u00e9s fondamentales, celles que nous avons voulu d\u00e9fendre en nous mobilisant contre les men\u00e9es liberticides de Macron et de la dictature sanitaire, ne sont-elles pas les conqu\u00eates de la R\u00e9volution fran\u00e7aise ?  Ce sont par des luttes militantes classiques que les anciens pays coloniaux ont recouvr\u00e9 leur ind\u00e9pendance. Ce sont par des luttes militantes classiques que les suffragettes ont obtenues le droit de vote et les femmes le droit \u00e0 la contraception et \u00e0 l\u2019IVG, C\u2019est par des luttes militantes classiques que l\u2019antis\u00e9mitisme a \u00e9t\u00e9 jugul\u00e9 dans notre pays.  C\u2019est par des luttes militantes classiques qu\u2019a \u00e9t\u00e9 d\u00e9fendu le droit \u00e0 l\u2019\u00e9ducation pour tous et la la\u00efcit\u00e9 de l\u2019\u00e9cole, C\u2019est par des luttes militantes classiques qu\u2019on \u00e9t\u00e9 d\u00e9fendu le Larzac ou Notre dame des Landes. Il ne s\u2019agit l\u00e0 que de quelques exemples, j\u2019en passe et des meilleures. La liste en est si longue nous ne pouvons pas toutes les \u00e9num\u00e9rer ici.     Alors je vous en prie un peu d\u2019humilit\u00e9 et de r\u00e9alisme, gardons-nous de ces g\u00e9n\u00e9ralit\u00e9s langagi\u00e8res qui poussent \u00e0 l\u2019absurde. Plut\u00f4t dire que \u00ab les luttes militantes classiques n\u2019ont servi \u00e0 rien \u00bb ce qui est une insulte \u00e0 ceux qui les ont conduites et souffertes et un mensonge \u00e0 l\u2019Histoire, mettons chapeau bas et remercions ces dizaines de milliers de militants et ces millions de combattants anonymes auxquels nous devons de vivre dans le contexte social qui est le n\u00f4tre. Plut\u00f4t que nier leur r\u00f4le et la l\u00e9gitimit\u00e9 de leurs combats prenons exemple sur eux. Nous en concevrons une vision moins n\u00e9gative de l\u2019Histoire, et en tirerons plus d\u2019\u00e9nergie pour nos propres combats.    Le monde o\u00f9 nous vivons, qu\u2019ils nous ont laiss\u00e9, se d\u00e9grade, les conqu\u00eates du pass\u00e9 nous sont reprises, nous en sommes amers et parfois m\u00eame en col\u00e8re, les combattants d\u2019hier n\u2019y sont pour rien. S\u2019il faut demander des comptes \u00e0 quelqu\u2019un c\u2019est aux g\u00e9n\u00e9rations pr\u00e9sentes, \u00e0 leur passivit\u00e9, \u00e0 nous-m\u00eames qui ne sommes pas aptes \u00e0 nous d\u00e9fendre au pr\u00e9sent.    Les luttes militantes classiques, contrairement \u00e0 ce que \u00ab j\u2019entends \u00e9crire \u00bb, ont presque toutes apport\u00e9s leur lot de r\u00e9sultats positifs. Ce n\u2019est en aucun cas la faute des combattants d\u2019hier si foin de conqu\u00e9rir de nouvelles avanc\u00e9es sociales nous ne sommes pas m\u00eame foutus de pr\u00e9server l\u2019h\u00e9ritage des anciens. Ce n\u2019est pas l\u2019inefficacit\u00e9 des luttes militantes classiques qui est en cause mais bien leur carence actuelle. Et ce n\u2019est pas une bonne fa\u00e7on de pr\u00e9parer les luttes indispensables de demain que de discr\u00e9diter celles d\u2019hier.     Patrick Seignon. \u00ab lavoiedessansvoix.fr \u00bb. Vendredi 12 ao\u00fbt 2022.<\/p>\n","protected":false},"excerpt":{"rendered":"<p>1 &#8211; GARDONS NOUS DE DIRE DES ABSURDIT\u00c9S Lorsque l\u2019on se fonde sur des pr\u00e9alables faux on a bien s\u00fbr [&hellip;]<\/p>\n","protected":false},"author":1,"featured_media":4074,"comment_status":"open","ping_status":"open","sticky":false,"template":"","format":"standard","meta":{"sfsi_plus_gutenberg_text_before_share":"","sfsi_plus_gutenberg_show_text_before_share":"","sfsi_plus_gutenberg_icon_type":"","sfsi_plus_gutenberg_icon_alignemt":"","sfsi_plus_gutenburg_max_per_row":"","site-sidebar-layout":"default","site-content-layout":"","ast-site-content-layout":"default","site-content-style":"default","site-sidebar-style":"default","ast-global-header-display":"","ast-banner-title-visibility":"","ast-main-header-display":"","ast-hfb-above-header-display":"","ast-hfb-below-header-display":"","ast-hfb-mobile-header-display":"","site-post-title":"","ast-breadcrumbs-content":"","ast-featured-img":"","footer-sml-layout":"","ast-disable-related-posts":"","theme-transparent-header-meta":"","adv-header-id-meta":"","stick-header-meta":"","header-above-stick-meta":"","header-main-stick-meta":"","header-below-stick-meta":"","astra-migrate-meta-layouts":"default","ast-page-background-enabled":"default","ast-page-background-meta":{"desktop":{"background-color":"var(--ast-global-color-4)","background-image":"","background-repeat":"repeat","background-position":"center center","background-size":"auto","background-attachment":"scroll","background-type":"","background-media":"","overlay-type":"","overlay-color":"","overlay-opacity":"","overlay-gradient":""},"tablet":{"background-color":"","background-image":"","background-repeat":"repeat","background-position":"center center","background-size":"auto","background-attachment":"scroll","background-type":"","background-media":"","overlay-type":"","overlay-color":"","overlay-opacity":"","overlay-gradient":""},"mobile":{"background-color":"","background-image":"","background-repeat":"repeat","background-position":"center center","background-size":"auto","background-attachment":"scroll","background-type":"","background-media":"","overlay-type":"","overlay-color":"","overlay-opacity":"","overlay-gradient":""}},"ast-content-background-meta":{"desktop":{"background-color":"var(--ast-global-color-5)","background-image":"","background-repeat":"repeat","background-position":"center center","background-size":"auto","background-attachment":"scroll","background-type":"","background-media":"","overlay-type":"","overlay-color":"","overlay-opacity":"","overlay-gradient":""},"tablet":{"background-color":"var(--ast-global-color-5)","background-image":"","background-repeat":"repeat","background-position":"center center","background-size":"auto","background-attachment":"scroll","background-type":"","background-media":"","overlay-type":"","overlay-color":"","overlay-opacity":"","overlay-gradient":""},"mobile":{"background-color":"var(--ast-global-color-5)","background-image":"","background-repeat":"repeat","background-position":"center center","background-size":"auto","background-attachment":"scroll","background-type":"","background-media":"","overlay-type":"","overlay-color":"","overlay-opacity":"","overlay-gradient":""}},"footnotes":""},"categories":[16],"tags":[],"class_list":["post-493","post","type-post","status-publish","format-standard","has-post-thumbnail","hentry","category-archives-cms"],"_links":{"self":[{"href":"https:\/\/lavoiedessansvoix.fr\/lavoie\/wp-json\/wp\/v2\/posts\/493","targetHints":{"allow":["GET"]}}],"collection":[{"href":"https:\/\/lavoiedessansvoix.fr\/lavoie\/wp-json\/wp\/v2\/posts"}],"about":[{"href":"https:\/\/lavoiedessansvoix.fr\/lavoie\/wp-json\/wp\/v2\/types\/post"}],"author":[{"embeddable":true,"href":"https:\/\/lavoiedessansvoix.fr\/lavoie\/wp-json\/wp\/v2\/users\/1"}],"replies":[{"embeddable":true,"href":"https:\/\/lavoiedessansvoix.fr\/lavoie\/wp-json\/wp\/v2\/comments?post=493"}],"version-history":[{"count":1,"href":"https:\/\/lavoiedessansvoix.fr\/lavoie\/wp-json\/wp\/v2\/posts\/493\/revisions"}],"predecessor-version":[{"id":3005,"href":"https:\/\/lavoiedessansvoix.fr\/lavoie\/wp-json\/wp\/v2\/posts\/493\/revisions\/3005"}],"wp:featuredmedia":[{"embeddable":true,"href":"https:\/\/lavoiedessansvoix.fr\/lavoie\/wp-json\/wp\/v2\/media\/4074"}],"wp:attachment":[{"href":"https:\/\/lavoiedessansvoix.fr\/lavoie\/wp-json\/wp\/v2\/media?parent=493"}],"wp:term":[{"taxonomy":"category","embeddable":true,"href":"https:\/\/lavoiedessansvoix.fr\/lavoie\/wp-json\/wp\/v2\/categories?post=493"},{"taxonomy":"post_tag","embeddable":true,"href":"https:\/\/lavoiedessansvoix.fr\/lavoie\/wp-json\/wp\/v2\/tags?post=493"}],"curies":[{"name":"wp","href":"https:\/\/api.w.org\/{rel}","templated":true}]}}