{"id":4923,"date":"2026-05-01T23:20:00","date_gmt":"2026-05-01T21:20:00","guid":{"rendered":"https:\/\/lavoiedessansvoix.fr\/lavoie\/?p=4923"},"modified":"2026-05-01T23:20:02","modified_gmt":"2026-05-01T21:20:02","slug":"monsieur-lombard-est-un-barbare","status":"publish","type":"post","link":"https:\/\/lavoiedessansvoix.fr\/lavoie\/2026\/05\/01\/monsieur-lombard-est-un-barbare\/","title":{"rendered":"MONSIEUR LOMBARD EST UN BARBARE"},"content":{"rendered":"\n<p>MONSIEUR LOMBARD EST UN BARBARE<\/p>\n\n\n\n<p>Il y a des hommes (au sens g\u00e9n\u00e9rique, sa comprend les femmes aussi) qui font honte \u00e0 l\u2019humanit\u00e9. Car on se demande en effet \u00e0 leur propos comment l\u2019humanit\u00e9 \u00ab&nbsp;civilis\u00e9e&nbsp;\u00bb peut engendrer de tels monstres. Monsieur Eric Lombard. figure au nombre de ceux-ci.<\/p>\n\n\n\n<p>\u00ab&nbsp;<em>Nous finan\u00e7ons &#8211; dit-il &#8211; les retraites et la sant\u00e9 DES BOOMERS, pay\u00e9es par leurs enfants et leurs petits-enfants, c\u2019est une honte.&nbsp;\u00bb<\/em> (1<sup>er<\/sup> Mai 2026).<\/p>\n\n\n\n<p>Quelques instants de pause, je vous prie. R\u00e9alisez l&rsquo;horreur sociale et morale de ce raisonnement. Cela veut-il dire que lorsque l&rsquo;on cesse de travailler on doit-\u00eatre priv\u00e9 de revenu et de droit \u00e0 la sant\u00e9. Cela veut-il dire que lorsqu&rsquo;ils ont \u00e9t\u00e9 press\u00e9s leur existence durant comme des citrons ont doit jeter les vieux \u00e0 \u00ab\u00a0la d\u00e9charge\u00a0\u00bb\u00a0? La voil\u00e0 la v\u00e9ritable honte pour cet homme de n\u2019avoir aucune empathie ni esprit de solidarit\u00e9 pour les g\u00e9n\u00e9rations qui l&rsquo;ont, lui aussi, port\u00e9, \u00e9lev\u00e9, nourri, \u00e9duqu\u00e9 (mal apparemment).<\/p>\n\n\n\n<p>Son raisonnement n&rsquo;a d\u2019ailleurs rien \u00e0 envier \u00e0 celui des nazis qui voulaient se d\u00e9barrasser des \u00ab\u00a0improductifs\u00a0\u00bb.<\/p>\n\n\n\n<p>Cet homme mettrait-il ses propres parents au rebus&nbsp;?<\/p>\n\n\n\n<p>Les solidarit\u00e9s g\u00e9n\u00e9rationnelles sont un des fondements indispensables de nos soci\u00e9t\u00e9. Les nier c\u2019est choir dans la barbarie.<\/p>\n\n\n\n<p>Monsieur Lombard est un barbare&nbsp;!<\/p>\n\n\n\n<p>Patrick Seignon. \u00ab&nbsp;lavoiedessansvoix.fr&nbsp;\u00bb. Vendredi 1<sup>er<\/sup> Mai 2026.<\/p>\n","protected":false},"excerpt":{"rendered":"<p>MONSIEUR LOMBARD EST UN BARBARE Il y a des hommes (au sens g\u00e9n\u00e9rique, sa comprend les femmes aussi) qui font [&hellip;]<\/p>\n","protected":false},"author":1,"featured_media":0,"comment_status":"open","ping_status":"open","sticky":false,"template":"","format":"standard","meta":{"sfsi_plus_gutenberg_text_before_share":"","sfsi_plus_gutenberg_show_text_before_share":"","sfsi_plus_gutenberg_icon_type":"","sfsi_plus_gutenberg_icon_alignemt":"","sfsi_plus_gutenburg_max_per_row":"","site-sidebar-layout":"default","site-content-layout":"","ast-site-content-layout":"default","site-content-style":"default","site-sidebar-style":"default","ast-global-header-display":"","ast-banner-title-visibility":"","ast-main-header-display":"","ast-hfb-above-header-display":"","ast-hfb-below-header-display":"","ast-hfb-mobile-header-display":"","site-post-title":"","ast-breadcrumbs-content":"","ast-featured-img":"","footer-sml-layout":"","ast-disable-related-posts":"","theme-transparent-header-meta":"","adv-header-id-meta":"","stick-header-meta":"","header-above-stick-meta":"","header-main-stick-meta":"","header-below-stick-meta":"","astra-migrate-meta-layouts":"default","ast-page-background-enabled":"default","ast-page-background-meta":{"desktop":{"background-color":"var(--ast-global-color-4)","background-image":"","background-repeat":"repeat","background-position":"center center","background-size":"auto","background-attachment":"scroll","background-type":"","background-media":"","overlay-type":"","overlay-color":"","overlay-opacity":"","overlay-gradient":""},"tablet":{"background-color":"","background-image":"","background-repeat":"repeat","background-position":"center center","background-size":"auto","background-attachment":"scroll","background-type":"","background-media":"","overlay-type":"","overlay-color":"","overlay-opacity":"","overlay-gradient":""},"mobile":{"background-color":"","background-image":"","background-repeat":"repeat","background-position":"center center","background-size":"auto","background-attachment":"scroll","background-type":"","background-media":"","overlay-type":"","overlay-color":"","overlay-opacity":"","overlay-gradient":""}},"ast-content-background-meta":{"desktop":{"background-color":"var(--ast-global-color-5)","background-image":"","background-repeat":"repeat","background-position":"center center","background-size":"auto","background-attachment":"scroll","background-type":"","background-media":"","overlay-type":"","overlay-color":"","overlay-opacity":"","overlay-gradient":""},"tablet":{"background-color":"var(--ast-global-color-5)","background-image":"","background-repeat":"repeat","background-position":"center center","background-size":"auto","background-attachment":"scroll","background-type":"","background-media":"","overlay-type":"","overlay-color":"","overlay-opacity":"","overlay-gradient":""},"mobile":{"background-color":"var(--ast-global-color-5)","background-image":"","background-repeat":"repeat","background-position":"center center","background-size":"auto","background-attachment":"scroll","background-type":"","background-media":"","overlay-type":"","overlay-color":"","overlay-opacity":"","overlay-gradient":""}},"footnotes":""},"categories":[1],"tags":[],"class_list":["post-4923","post","type-post","status-publish","format-standard","hentry","category-analyse-politique"],"_links":{"self":[{"href":"https:\/\/lavoiedessansvoix.fr\/lavoie\/wp-json\/wp\/v2\/posts\/4923","targetHints":{"allow":["GET"]}}],"collection":[{"href":"https:\/\/lavoiedessansvoix.fr\/lavoie\/wp-json\/wp\/v2\/posts"}],"about":[{"href":"https:\/\/lavoiedessansvoix.fr\/lavoie\/wp-json\/wp\/v2\/types\/post"}],"author":[{"embeddable":true,"href":"https:\/\/lavoiedessansvoix.fr\/lavoie\/wp-json\/wp\/v2\/users\/1"}],"replies":[{"embeddable":true,"href":"https:\/\/lavoiedessansvoix.fr\/lavoie\/wp-json\/wp\/v2\/comments?post=4923"}],"version-history":[{"count":2,"href":"https:\/\/lavoiedessansvoix.fr\/lavoie\/wp-json\/wp\/v2\/posts\/4923\/revisions"}],"predecessor-version":[{"id":4925,"href":"https:\/\/lavoiedessansvoix.fr\/lavoie\/wp-json\/wp\/v2\/posts\/4923\/revisions\/4925"}],"wp:attachment":[{"href":"https:\/\/lavoiedessansvoix.fr\/lavoie\/wp-json\/wp\/v2\/media?parent=4923"}],"wp:term":[{"taxonomy":"category","embeddable":true,"href":"https:\/\/lavoiedessansvoix.fr\/lavoie\/wp-json\/wp\/v2\/categories?post=4923"},{"taxonomy":"post_tag","embeddable":true,"href":"https:\/\/lavoiedessansvoix.fr\/lavoie\/wp-json\/wp\/v2\/tags?post=4923"}],"curies":[{"name":"wp","href":"https:\/\/api.w.org\/{rel}","templated":true}]}}