{"id":492,"date":"2022-08-16T10:13:00","date_gmt":"2022-08-16T08:13:00","guid":{"rendered":"https:\/\/lavoiedessansvoix.fr\/lavoie\/2022\/08\/16\/archive-zelensky-t-il-envie-de-se-suicider-les-peuples-europeens-non\/"},"modified":"2026-04-26T20:39:24","modified_gmt":"2026-04-26T18:39:24","slug":"archive-zelensky-t-il-envie-de-se-suicider-les-peuples-europeens-non","status":"publish","type":"post","link":"https:\/\/lavoiedessansvoix.fr\/lavoie\/2022\/08\/16\/archive-zelensky-t-il-envie-de-se-suicider-les-peuples-europeens-non\/","title":{"rendered":"Zelensky -t-il envie de se suicider ?  Les peuples europ\u00e9ens non !"},"content":{"rendered":"<p>Zelensky a-t-il envie de se suicider ? Les peuples europ\u00e9ens non !     \u00ab Guerre en Ukraine : une \u00ab catastrophe \u00bb \u00e0 Zaporijjia menacerait l\u2019Europe enti\u00e8re avertit Zelensky \u00bb  (Le Figaro \u00bb lundi 16 ao\u00fbt 2022).      Mais ce sont pr\u00e9cis\u00e9ment ses affid\u00e9s qui tirent sur la centrale de Zaporijjia et cr\u00e9ent ainsi le danger. Zelensky c\u2019est le pyromane qui crie au feu.    C\u2019est pourquoi il est urgent de d\u00e9barrasser l\u2019Ukraine, l\u2019Europe et le monde des Nationalistes fous qui s\u00e9vissent \u00e0 Kiev. Ceux-ci pour le \u00ab service \u00bb de leur cause perdue se livrent  \u00e0 un chantage d\u00e9moniaque. Ils pr\u00e9f\u00e8reraient semble-t-il s\u2019an\u00e9antir eux-m\u00eames et pr\u00e9cipiter l\u2019Europe dans l\u2019apocalypse plut\u00f4t que n\u00e9gocier une paix juste avec la Russie.    Ils voudraient par ce chantage odieux contraindre, avec l\u2019aide de la \u00ab communaut\u00e9 occidentale \u00bb, les Russes \u00e0 se retirer des centrales nucl\u00e9aires dont ces derniers ont pris le contr\u00f4le d\u00e8s le d\u00e9but de l\u2019intervention en f\u00e9vrier 2022. Mais dans quel but ? Celui de s\u2019emparer des centrales, pour, \u00e0 d\u00e9faut d\u2019arsenal nucl\u00e9aire utiliser celles-ci comme menace atomique ?    Qu\u2019esp\u00e8rent-ils obtenir par ce chantage d\u00e9bile sinon d\u2019\u00e9tablir la preuve que la pr\u00e9caution des militaires russes \u00e9tait \u00e0 la fois judicieuse et intelligente. Ceux-ci savaient qu\u2019ils avaient \u00e0 faire \u00e0 des malades qui n\u2019h\u00e9siteraient pas, en d\u00e9sespoir de cause \u00e0 mettre le feu \u00e0 la poudri\u00e8re sur laquelle l\u2019Europe est assise.      L\u2019ONU, l\u2019AIEA, l\u2019OTAN, les USA, L\u2019Europe et bien s\u00fbr notre propre d\u00e9bile national, tous aussi fous que le Pr\u00e9sident Zelensky,  demandent aux Russes d\u2019\u00e9vacuer la centrale de Zaporijjia.     Nous les conjurons nous de n\u2019en rien faire. Il ne fait aucun doute que les nationalistes ukrainiens, descendant de Bandera et de la \u00ab division SS Galicie \u00bb prendraient imm\u00e9diatement le contr\u00f4le de celles-ci rendant la menace nucl\u00e9aire plus imminente encore : \u00ab Nous vous en prions militaires Russes, ne vous en laissez pas conter par tous ces d\u00e9biles, gardez pr\u00e9cieusement sous votre protection les centrales ukrainiennes, prot\u00e9gez les, \u00e9tablissez les p\u00e9rim\u00e8tres de s\u00e9curit\u00e9 qui s\u2019imposent, d\u00e9ployez les d\u00e9fenses anti artillerie et anti-a\u00e9riennes qu\u2019exige la situation, prenez les dispositions utiles \u00e0 r\u00e9duire la menace. L\u2019humanit\u00e9 toute enti\u00e8re vous en saura gr\u00e9. Ne permettez pas aux fous de Zelensky de se faire un \u00ab Hara-Kiri \u00bb nucl\u00e9aire en pr\u00e9cipitant avec eux toute l\u2019Europe dans leur d\u00e9lire suicidaire.    Patrick Seignon. \u00ab lavoiedessansvoix.fr \u00bb lundi 16 ao\u00fbt 2022.<\/p>\n","protected":false},"excerpt":{"rendered":"<p>Zelensky a-t-il envie de se suicider ? Les peuples europ\u00e9ens non ! \u00ab Guerre en Ukraine : une \u00ab catastrophe [&hellip;]<\/p>\n","protected":false},"author":1,"featured_media":4073,"comment_status":"open","ping_status":"open","sticky":false,"template":"","format":"standard","meta":{"sfsi_plus_gutenberg_text_before_share":"","sfsi_plus_gutenberg_show_text_before_share":"","sfsi_plus_gutenberg_icon_type":"","sfsi_plus_gutenberg_icon_alignemt":"","sfsi_plus_gutenburg_max_per_row":"","site-sidebar-layout":"default","site-content-layout":"","ast-site-content-layout":"default","site-content-style":"default","site-sidebar-style":"default","ast-global-header-display":"","ast-banner-title-visibility":"","ast-main-header-display":"","ast-hfb-above-header-display":"","ast-hfb-below-header-display":"","ast-hfb-mobile-header-display":"","site-post-title":"","ast-breadcrumbs-content":"","ast-featured-img":"","footer-sml-layout":"","ast-disable-related-posts":"","theme-transparent-header-meta":"","adv-header-id-meta":"","stick-header-meta":"","header-above-stick-meta":"","header-main-stick-meta":"","header-below-stick-meta":"","astra-migrate-meta-layouts":"default","ast-page-background-enabled":"default","ast-page-background-meta":{"desktop":{"background-color":"var(--ast-global-color-4)","background-image":"","background-repeat":"repeat","background-position":"center center","background-size":"auto","background-attachment":"scroll","background-type":"","background-media":"","overlay-type":"","overlay-color":"","overlay-opacity":"","overlay-gradient":""},"tablet":{"background-color":"","background-image":"","background-repeat":"repeat","background-position":"center center","background-size":"auto","background-attachment":"scroll","background-type":"","background-media":"","overlay-type":"","overlay-color":"","overlay-opacity":"","overlay-gradient":""},"mobile":{"background-color":"","background-image":"","background-repeat":"repeat","background-position":"center center","background-size":"auto","background-attachment":"scroll","background-type":"","background-media":"","overlay-type":"","overlay-color":"","overlay-opacity":"","overlay-gradient":""}},"ast-content-background-meta":{"desktop":{"background-color":"var(--ast-global-color-5)","background-image":"","background-repeat":"repeat","background-position":"center center","background-size":"auto","background-attachment":"scroll","background-type":"","background-media":"","overlay-type":"","overlay-color":"","overlay-opacity":"","overlay-gradient":""},"tablet":{"background-color":"var(--ast-global-color-5)","background-image":"","background-repeat":"repeat","background-position":"center center","background-size":"auto","background-attachment":"scroll","background-type":"","background-media":"","overlay-type":"","overlay-color":"","overlay-opacity":"","overlay-gradient":""},"mobile":{"background-color":"var(--ast-global-color-5)","background-image":"","background-repeat":"repeat","background-position":"center center","background-size":"auto","background-attachment":"scroll","background-type":"","background-media":"","overlay-type":"","overlay-color":"","overlay-opacity":"","overlay-gradient":""}},"footnotes":""},"categories":[16],"tags":[],"class_list":["post-492","post","type-post","status-publish","format-standard","has-post-thumbnail","hentry","category-archives-cms"],"_links":{"self":[{"href":"https:\/\/lavoiedessansvoix.fr\/lavoie\/wp-json\/wp\/v2\/posts\/492","targetHints":{"allow":["GET"]}}],"collection":[{"href":"https:\/\/lavoiedessansvoix.fr\/lavoie\/wp-json\/wp\/v2\/posts"}],"about":[{"href":"https:\/\/lavoiedessansvoix.fr\/lavoie\/wp-json\/wp\/v2\/types\/post"}],"author":[{"embeddable":true,"href":"https:\/\/lavoiedessansvoix.fr\/lavoie\/wp-json\/wp\/v2\/users\/1"}],"replies":[{"embeddable":true,"href":"https:\/\/lavoiedessansvoix.fr\/lavoie\/wp-json\/wp\/v2\/comments?post=492"}],"version-history":[{"count":1,"href":"https:\/\/lavoiedessansvoix.fr\/lavoie\/wp-json\/wp\/v2\/posts\/492\/revisions"}],"predecessor-version":[{"id":3003,"href":"https:\/\/lavoiedessansvoix.fr\/lavoie\/wp-json\/wp\/v2\/posts\/492\/revisions\/3003"}],"wp:featuredmedia":[{"embeddable":true,"href":"https:\/\/lavoiedessansvoix.fr\/lavoie\/wp-json\/wp\/v2\/media\/4073"}],"wp:attachment":[{"href":"https:\/\/lavoiedessansvoix.fr\/lavoie\/wp-json\/wp\/v2\/media?parent=492"}],"wp:term":[{"taxonomy":"category","embeddable":true,"href":"https:\/\/lavoiedessansvoix.fr\/lavoie\/wp-json\/wp\/v2\/categories?post=492"},{"taxonomy":"post_tag","embeddable":true,"href":"https:\/\/lavoiedessansvoix.fr\/lavoie\/wp-json\/wp\/v2\/tags?post=492"}],"curies":[{"name":"wp","href":"https:\/\/api.w.org\/{rel}","templated":true}]}}