{"id":489,"date":"2022-08-30T16:48:00","date_gmt":"2022-08-30T14:48:00","guid":{"rendered":"https:\/\/lavoiedessansvoix.fr\/lavoie\/2022\/08\/30\/archive-le-marchand-de-poules-et-la-tete-d-uf-a-propos-du-bien-etre-animal\/"},"modified":"2026-04-26T20:38:58","modified_gmt":"2026-04-26T18:38:58","slug":"archive-le-marchand-de-poules-et-la-tete-d-uf-a-propos-du-bien-etre-animal","status":"publish","type":"post","link":"https:\/\/lavoiedessansvoix.fr\/lavoie\/2022\/08\/30\/archive-le-marchand-de-poules-et-la-tete-d-uf-a-propos-du-bien-etre-animal\/","title":{"rendered":"LE MARCHAND DE POULES ET LA T\u00caTE D\u2019\u0152UF.  (A propos du bien-\u00eatre animal)"},"content":{"rendered":"<p>LE MARCHAND DE POULES ET LA T\u00caTE D\u2019\u0152UF.   (A propos du bien-\u00eatre animal)   Je suis all\u00e9 ce matin au march\u00e9 acheter quatre poules pondeuses ; J\u2019ai pris des poules de \u00ab RACE \u00bb, (on a encore le droit d\u2019employer ce mot maudit s\u2019agissant de poules)  Marantz. Vous savez, celles qui font ces beaux \u0153ufs chocolat.   Bien entendu, pour le transport l\u2019\u00e9leveur les avait mises dans des cages sp\u00e9cialis\u00e9es. Moi pour les transporter vers \u00ab mes apanages \u00bb je les ai mises dans un carton, je vous l\u2019assure avec des trous pour qu\u2019elles respirent. Puis je les ai mises dans mon poulailler o\u00f9 elles resteront enferm\u00e9es 2 ou Trois jours afin d\u2019adopter leur nouveau logis. Apr\u00e8s quoi elles pourront chaque jour promener, s\u2019\u00e9battre, brouter, et gratter dans un parc de 5000 m\u00e8tres carr\u00e9s.  Ah les pauvres poules que ces sauvages trimballent dans des cages des caisses ou des cartons ; Ah les salauds irrespectueux du \u00ab bien-\u00eatre animal ! \u00bb  Il y avait (Il y en a encore mais moins \u00e0 pr\u00e9sent) des \u00ab Paparazzis qui faisaient des safaris photos \u00e0 la poursuite des petites \u00ab poules cul-nul \u00bb de la c\u00f4te d\u2019Azur. Il y a plus aujourd\u2019hui de paparazzis qui font des safaris photos \u00e0 la poursuite des \u00ab petites poules cou nul \u00bb mal trait\u00e9es par les m\u00e9chants \u00ab Cruello \u00bb de nos campagnes ?  Des vigiles se croient-ils du \u00ab bien-\u00eatre animal. \u00bb  Il y en avait un ce matin, un chauve, une t\u00eate d\u2019\u0153uf, qui divaguait \u00e0 proximit\u00e9 du camion du brave homme, sp\u00e9cialis\u00e9 dans la traite des poules \u00ab Blanches, noires ou rousses \u00bb \u00e0 la rencontre de qui je venais. Ce professionnel des images vol\u00e9es s\u2019appr\u00eatait \u00e0 prendre des photos du v\u00e9hicule charg\u00e9 de cages pleines de poules \u00e0 vendre aux petits \u00e9leveurs du secteur. Mais pour quoi donc en faire ? Les mettre sur les r\u00e9seaux sociaux ? Faire pleurer de bonnes \u00e2mes attendries qui croient que les spaghettis poussent dans les arbres, sur le terrible sort de ces \u00ab gallinac\u00e9es \u00bb pendant que Macron et ses sbires les plument eux-m\u00eames tout vivants ?  Eh oui, il y a toute une engeance qui s\u2019\u00e9meut du sort \u00ab des poules des vaches et des cochons \u00bb et au plus haut niveau des technocrates qui instrumentalisent cette \u00ab sensiblerie \u00bb d\u00e9cal\u00e9e d\u2019un certain public pour \u00e9dicter des r\u00e8glements de plus en plus drastiques dont la finalit\u00e9 est de tuer la petite production artisanale et familiale. Pourquoi diantre ? Toujours pareil, pour les raisons bien simples que cette micro-\u00e9conomie, \u00ab rien, peu de choses \u00bb mais qui cumul\u00e9e \u00e0 l\u2019\u00e9chelle de tout un pays constitue tout de m\u00eame des \u00ab parts de march\u00e9s \u00bb qui \u00e9chappent aux g\u00e9ants de l\u2019agroalimentaire et que ceux-ci veulent s\u2019approprier. Obligation vous est faites d\u2019acheter leurs volailles industrielles \u00ab labellis\u00e9es ou non \u00bb, obligation vous est faite d\u2019acheter leurs \u0153ufs produits \u00e0 la chaine par des poules transform\u00e9es en machines \u00e0 pondre.  Voyez un peu l\u2019alternative : trois heures pass\u00e9es \u00e0 l\u2019\u00e9troit entre la cage du producteur et le carton du petit \u00e9leveur et une vie enti\u00e8re de \u00ab poule libre \u00bb \u00e0 s\u2019\u00e9battre en plein air et en plein champ Ou coinc\u00e9es avec 5000 cong\u00e9n\u00e8res dans un hangar (c\u2019est r\u00e9glement\u00e9, 9 poules au.m2, et quelques heures d\u2019a\u00e9ration journali\u00e8re, sur un terrain de 3000 m2 pour elle toutes, un d\u00e9sert o\u00f9 l\u2019herbe a peur de pousser, o\u00f9 il n\u2019y a plus un seul vermisseau, sur lequel les poules se couchent et ne bougent m\u00eame pas, il n\u2019y a \u00ab rien \u00e0 foutre sur un pareil terrain \u00bb.   O\u00f9 est le probl\u00e8me ? O\u00f9 est la maltraitance, o\u00f9 est le \u00ab Bien-\u00eatre animal ?   Ou encore cette autre alternative :   Pondre \u00e0 son rythme \u00e0 sa guise selon son humeur du moment (3 \u00e0 4 \u0153ufs sur 4 ou 5 jours). Ou bien \u00eatre coinc\u00e9e, la t\u00eate dans la mangeoire et le cul sur le tapis roulant \u00e0 pondre 24 heures sur 24 (1 ou 2 par jour jusqu\u2019\u00e0 tarissement de la source) des \u0153ufs sous contrainte par corps, \u00e0 la lumi\u00e8re \u00e9lectrique (un peu comme \u00ab dans l\u2019aveu \u00bb ; Alors, tu ne vas pas t\u2019endormir tout de m\u00eame, tu les chie tes \u0153ufs, oui ou non ? \u00bb)   Ou est-ce qu\u2019il y a un probl\u00e8me ? O\u00f9 est la maltraitance, o\u00f9 est le \u00ab Bien-\u00eatre animal ?    L\u00e0 encore, le march\u00e9, le capital, le profit, sont les ennemis du bien. D\u00e9fenseurs de la cause animale, vous n\u2019avez pas tort, je suis des v\u00f4tres, mais gardez-vous je vous prie de vous faire les instruments de ceux qui aspirent \u00e0 poser leur main de fer sur toute la chaine de l\u2019alimentation humaine ; Qui \u00e0 cette fin font \u00e9dicter par leurs complices technocrates des normes pr\u00e9tendument sanitaires dont la vraie finalit\u00e9 est d\u2019\u00e9trangler la petite production familiale et rurale.  (Les marchands de poules ne pourront plus venir sur les march\u00e9s. Cette activit\u00e9 leur est interdite.)  Patrick Seignon. \u00ab La voie des sans voix.fr \u00bb. Mardi 30 ao\u00fbt 2022<\/p>\n","protected":false},"excerpt":{"rendered":"<p>LE MARCHAND DE POULES ET LA T\u00caTE D\u2019\u0152UF. (A propos du bien-\u00eatre animal) Je suis all\u00e9 ce matin au march\u00e9 [&hellip;]<\/p>\n","protected":false},"author":1,"featured_media":4070,"comment_status":"open","ping_status":"open","sticky":false,"template":"","format":"standard","meta":{"sfsi_plus_gutenberg_text_before_share":"","sfsi_plus_gutenberg_show_text_before_share":"","sfsi_plus_gutenberg_icon_type":"","sfsi_plus_gutenberg_icon_alignemt":"","sfsi_plus_gutenburg_max_per_row":"","site-sidebar-layout":"default","site-content-layout":"","ast-site-content-layout":"default","site-content-style":"default","site-sidebar-style":"default","ast-global-header-display":"","ast-banner-title-visibility":"","ast-main-header-display":"","ast-hfb-above-header-display":"","ast-hfb-below-header-display":"","ast-hfb-mobile-header-display":"","site-post-title":"","ast-breadcrumbs-content":"","ast-featured-img":"","footer-sml-layout":"","ast-disable-related-posts":"","theme-transparent-header-meta":"","adv-header-id-meta":"","stick-header-meta":"","header-above-stick-meta":"","header-main-stick-meta":"","header-below-stick-meta":"","astra-migrate-meta-layouts":"default","ast-page-background-enabled":"default","ast-page-background-meta":{"desktop":{"background-color":"var(--ast-global-color-4)","background-image":"","background-repeat":"repeat","background-position":"center center","background-size":"auto","background-attachment":"scroll","background-type":"","background-media":"","overlay-type":"","overlay-color":"","overlay-opacity":"","overlay-gradient":""},"tablet":{"background-color":"","background-image":"","background-repeat":"repeat","background-position":"center center","background-size":"auto","background-attachment":"scroll","background-type":"","background-media":"","overlay-type":"","overlay-color":"","overlay-opacity":"","overlay-gradient":""},"mobile":{"background-color":"","background-image":"","background-repeat":"repeat","background-position":"center center","background-size":"auto","background-attachment":"scroll","background-type":"","background-media":"","overlay-type":"","overlay-color":"","overlay-opacity":"","overlay-gradient":""}},"ast-content-background-meta":{"desktop":{"background-color":"var(--ast-global-color-5)","background-image":"","background-repeat":"repeat","background-position":"center center","background-size":"auto","background-attachment":"scroll","background-type":"","background-media":"","overlay-type":"","overlay-color":"","overlay-opacity":"","overlay-gradient":""},"tablet":{"background-color":"var(--ast-global-color-5)","background-image":"","background-repeat":"repeat","background-position":"center center","background-size":"auto","background-attachment":"scroll","background-type":"","background-media":"","overlay-type":"","overlay-color":"","overlay-opacity":"","overlay-gradient":""},"mobile":{"background-color":"var(--ast-global-color-5)","background-image":"","background-repeat":"repeat","background-position":"center center","background-size":"auto","background-attachment":"scroll","background-type":"","background-media":"","overlay-type":"","overlay-color":"","overlay-opacity":"","overlay-gradient":""}},"footnotes":""},"categories":[16],"tags":[],"class_list":["post-489","post","type-post","status-publish","format-standard","has-post-thumbnail","hentry","category-archives-cms"],"_links":{"self":[{"href":"https:\/\/lavoiedessansvoix.fr\/lavoie\/wp-json\/wp\/v2\/posts\/489","targetHints":{"allow":["GET"]}}],"collection":[{"href":"https:\/\/lavoiedessansvoix.fr\/lavoie\/wp-json\/wp\/v2\/posts"}],"about":[{"href":"https:\/\/lavoiedessansvoix.fr\/lavoie\/wp-json\/wp\/v2\/types\/post"}],"author":[{"embeddable":true,"href":"https:\/\/lavoiedessansvoix.fr\/lavoie\/wp-json\/wp\/v2\/users\/1"}],"replies":[{"embeddable":true,"href":"https:\/\/lavoiedessansvoix.fr\/lavoie\/wp-json\/wp\/v2\/comments?post=489"}],"version-history":[{"count":1,"href":"https:\/\/lavoiedessansvoix.fr\/lavoie\/wp-json\/wp\/v2\/posts\/489\/revisions"}],"predecessor-version":[{"id":2997,"href":"https:\/\/lavoiedessansvoix.fr\/lavoie\/wp-json\/wp\/v2\/posts\/489\/revisions\/2997"}],"wp:featuredmedia":[{"embeddable":true,"href":"https:\/\/lavoiedessansvoix.fr\/lavoie\/wp-json\/wp\/v2\/media\/4070"}],"wp:attachment":[{"href":"https:\/\/lavoiedessansvoix.fr\/lavoie\/wp-json\/wp\/v2\/media?parent=489"}],"wp:term":[{"taxonomy":"category","embeddable":true,"href":"https:\/\/lavoiedessansvoix.fr\/lavoie\/wp-json\/wp\/v2\/categories?post=489"},{"taxonomy":"post_tag","embeddable":true,"href":"https:\/\/lavoiedessansvoix.fr\/lavoie\/wp-json\/wp\/v2\/tags?post=489"}],"curies":[{"name":"wp","href":"https:\/\/api.w.org\/{rel}","templated":true}]}}