{"id":486,"date":"2022-09-18T03:11:00","date_gmt":"2022-09-18T01:11:00","guid":{"rendered":"https:\/\/lavoiedessansvoix.fr\/lavoie\/2022\/09\/18\/archive-fabien-roussel-le-particide\/"},"modified":"2026-04-26T20:38:29","modified_gmt":"2026-04-26T18:38:29","slug":"archive-fabien-roussel-le-particide","status":"publish","type":"post","link":"https:\/\/lavoiedessansvoix.fr\/lavoie\/2022\/09\/18\/archive-fabien-roussel-le-particide\/","title":{"rendered":"FABIEN ROUSSEL LE \u00ab PARTICIDE \u00bb"},"content":{"rendered":"<p>FABIEN ROUSSEL LE \u00ab PARTICIDE \u00bb   J\u2019avais certes diagnostiqu\u00e9 la mort c\u00e9r\u00e9brale du PCF que je relatais dans ma plaquette intitul\u00e9e \u00ab social-Bonapartisme et classe ouvri\u00e8re \u00bb, d\u00e8s 1986. Depuis ce temps j\u2019ai maintes fois d\u00e9fini l\u2019ancien parti de la classe ouvri\u00e8re (dont je fus membres quelques ann\u00e9es) comme un cadavre qui bouge encore un peu. Les partis en effet ne meurent pas comme la plupart des hommes d\u2019un seul coup, leur agonie est souvent longue.  Or il se pourrait que le PCF ne bouge bient\u00f4t plus, qu\u2019il rende son dernier soupir, \u00ab achev\u00e9 \u00bb par le coup fatal de son propre secr\u00e9taire national.  Ce coup fut port\u00e9 lors de l\u2019\u00e9dition 2022 de la f\u00eate de \u00ab l\u2019Humanit\u00e9 \u00bb par Fabien Roussel, secr\u00e9taire national en exercice qui s\u2019est r\u00e9clam\u00e9 de \u00ab la gauche du travail \u00bb en opposition \u00e0 la \u00ab gauche des allocs \u00bb.  La soci\u00e9t\u00e9 se doit d\u2019offrir \u00e0 chacun un emploi par l\u2019exercice duquel il puisse gagner dignement son existence et celle de sa descendance. L\u2019organisation sociale actuelle, \u00ab capitaliste \u00bb, n\u2019est pas en mesure de r\u00e9pondre \u00e0 cette exigence. Elle engendre le \u00ab ch\u00f4mage \u00bb et la pr\u00e9carit\u00e9 lesquels sont des modalit\u00e9s naturelles de fonctionnement de ce qu\u2019ils appellent \u00ab le march\u00e9 du travail \u00bb. Parfois m\u00eame, lorsque les situations de \u00ab ch\u00f4mage \u00bb de pr\u00e9carit\u00e9 ou d\u2019exclusion se prolongent elles engendrent l\u2019inaptitude d\u00e9finitive au travail de certains. Les salari\u00e9s priv\u00e9s d\u2019emploi sont des victimes de ce syst\u00e8me inhumain. Ils ne sont pas responsables de cet \u00e9tat de chose. A d\u00e9faut d\u2019emploi il est donc naturel qu\u2019ils soient secourus lorsqu\u2019ils sont confront\u00e9s \u00e0 un tel drame. C\u2019est au point de vue des employeurs un devoir de \u00ab justice sociale \u00bb. C\u2019est au point de vue des travailleurs un devoir de solidarit\u00e9 de classe. Opposer les salari\u00e9s qui travaillent \u00e0 leurs fr\u00e8res et s\u0153urs priv\u00e9es de ce droit \u00e9l\u00e9mentaire s\u2019est briser un des derniers liens de \u00ab classe \u00bb, s\u2019est diviser les rangs d\u00e9j\u00e0 d\u00e9sordonn\u00e9s de la classe ouvri\u00e8re, s\u2019est d\u00e9chirer le lien social. C\u2019est un crime contre \u00ab la classe ouvri\u00e8re \u00bb et une agression terrible contre les fondements m\u00eame de notre \u00ab contrat social \u00bb.  Comment un parti qui se revendique \u00ab de la classe ouvri\u00e8re \u00bb et se pr\u00e9tend \u00ab la gauche du travail \u00bb peut-il se rendre coupable d\u2019une agression aussi odieuse contre la population laborieuse ?  De degr\u00e9s en degr\u00e9s la grande d\u00e9gringolade :  Le PCF, pourtant fier de son pass\u00e9 dans la r\u00e9sistance et de ses lettres de noblesses dans les luttes pour la libert\u00e9, s\u2019\u00e9tait d\u00e9j\u00e0 d\u00e9shonor\u00e9 en refusant de d\u00e9fendre les libert\u00e9s \u00e9l\u00e9mentaires confisqu\u00e9es par le pouvoir macronnien sous pr\u00e9texte de \u00ab crise sanitaire \u00bb. Il est carr\u00e9ment tomb\u00e9 dans le trou des \u00ab chiottes \u00bb de l\u2019histoire en appelant au deuxi\u00e8me tour des pr\u00e9sidentielles 2022 \u00e0 voter Macron, l\u2019ennemi num\u00e9ro un du monde du travail. La derni\u00e8re s\u00e9quence de la f\u00eate de l\u2019Humanit\u00e9 le prouve, il ne s\u2019agissait pas l\u00e0 d\u2019une simple posture de contingence justifi\u00e9e par la crainte d\u2019une victoire \u00e9lectorale de \u00ab l\u2019extr\u00eame droite \u00bb, mais bien d\u2019un acte d\u2019all\u00e9geance, du scellement d\u2019une alliance strat\u00e9gique avec la macronnie, d\u2019une trahison de ses origines et de sa tradition. En appelant \u00e0 voter Macron Fabien Roussel a fait basculer le \u00ab parti de la classe ouvri\u00e8re \u00bb dans le camp des ennemis des travailleurs. Ses derni\u00e8res d\u00e9clarations opposants \u00ab Gauche du travail \u00bb et \u00ab Gauche des allocs \u00bb confirment l\u2019existence de cette alliance contre-nature et pr\u00e9cise les perspectives d\u00e9vastatrices qui sont siennes.  Il apporte de la sorte, et \u00e0 point nomm\u00e9 (mais serait-ce un hasard) en mati\u00e8re de statut du travail son renfort et sa caution (morale) \u00e0 l\u2019entreprise Macronnienne d\u2019ub\u00e9risation g\u00e9n\u00e9ralis\u00e9e des m\u00e9tiers et de l\u2019emploi.  Alors certes, il dit pour se donner bonne conscience, et surtout pour dissimuler l\u2019ampleur de sa trahison, qu\u2019il faut que l\u2019emploi soit mieux r\u00e9mun\u00e9r\u00e9. Mais en v\u00e9rit\u00e9, il ne peut l\u2019ignorer, la suppression des allocations ch\u00f4mage l\u2019obligation en r\u00e9sultant pour les demandeurs d\u2019accepter n\u2019importe quel emploi \u00e0 n\u2019importe quel prix, ne peut qu\u2019induire une chute abyssale du niveau des salaires, une explosion de la pr\u00e9carit\u00e9 et de l\u2019exclusion. Pr\u00e9cis\u00e9ment le but que veulent atteindre Macron et les Banquiers, ses nouveaux amis.  Par cette prise de position Fabien Roussel s\u2019est signal\u00e9 comme un serviteur z\u00e9l\u00e9 : \u00ab LA VOIX DE SON MAITRE \u00bb. Il attend probablement \u00e0 pr\u00e9sent sa r\u00e9compense sous la table. A moins que celle-ci ne lui ait \u00e9t\u00e9 allou\u00e9 au pr\u00e9alable ?  S\u2019il reste encore quelques neurones actifs \u00e0 la t\u00eate d\u00e9vast\u00e9e du Parti communiste, s\u2019il reste encore quelques fiert\u00e9s \u00e0 ses membres ainsi insult\u00e9s, alors il faut sans tarder et en tout premier lieu, non pas seulement \u00e9carter Fabien Roussel de la direction de ce pauvre \u00ab parti \u00bb qu\u2019il tente d\u2019achever, il faut l\u2019en bannir sans espoir de retour.  Patrick Seignon. \u00ab lavoiedessansvoix.fr \u00bb. Mercredi 14 septembre 2022.<\/p>\n","protected":false},"excerpt":{"rendered":"<p>FABIEN ROUSSEL LE \u00ab PARTICIDE \u00bb J\u2019avais certes diagnostiqu\u00e9 la mort c\u00e9r\u00e9brale du PCF que je relatais dans ma plaquette [&hellip;]<\/p>\n","protected":false},"author":1,"featured_media":4067,"comment_status":"open","ping_status":"open","sticky":false,"template":"","format":"standard","meta":{"sfsi_plus_gutenberg_text_before_share":"","sfsi_plus_gutenberg_show_text_before_share":"","sfsi_plus_gutenberg_icon_type":"","sfsi_plus_gutenberg_icon_alignemt":"","sfsi_plus_gutenburg_max_per_row":"","site-sidebar-layout":"default","site-content-layout":"","ast-site-content-layout":"default","site-content-style":"default","site-sidebar-style":"default","ast-global-header-display":"","ast-banner-title-visibility":"","ast-main-header-display":"","ast-hfb-above-header-display":"","ast-hfb-below-header-display":"","ast-hfb-mobile-header-display":"","site-post-title":"","ast-breadcrumbs-content":"","ast-featured-img":"","footer-sml-layout":"","ast-disable-related-posts":"","theme-transparent-header-meta":"","adv-header-id-meta":"","stick-header-meta":"","header-above-stick-meta":"","header-main-stick-meta":"","header-below-stick-meta":"","astra-migrate-meta-layouts":"default","ast-page-background-enabled":"default","ast-page-background-meta":{"desktop":{"background-color":"var(--ast-global-color-4)","background-image":"","background-repeat":"repeat","background-position":"center center","background-size":"auto","background-attachment":"scroll","background-type":"","background-media":"","overlay-type":"","overlay-color":"","overlay-opacity":"","overlay-gradient":""},"tablet":{"background-color":"","background-image":"","background-repeat":"repeat","background-position":"center center","background-size":"auto","background-attachment":"scroll","background-type":"","background-media":"","overlay-type":"","overlay-color":"","overlay-opacity":"","overlay-gradient":""},"mobile":{"background-color":"","background-image":"","background-repeat":"repeat","background-position":"center center","background-size":"auto","background-attachment":"scroll","background-type":"","background-media":"","overlay-type":"","overlay-color":"","overlay-opacity":"","overlay-gradient":""}},"ast-content-background-meta":{"desktop":{"background-color":"var(--ast-global-color-5)","background-image":"","background-repeat":"repeat","background-position":"center center","background-size":"auto","background-attachment":"scroll","background-type":"","background-media":"","overlay-type":"","overlay-color":"","overlay-opacity":"","overlay-gradient":""},"tablet":{"background-color":"var(--ast-global-color-5)","background-image":"","background-repeat":"repeat","background-position":"center center","background-size":"auto","background-attachment":"scroll","background-type":"","background-media":"","overlay-type":"","overlay-color":"","overlay-opacity":"","overlay-gradient":""},"mobile":{"background-color":"var(--ast-global-color-5)","background-image":"","background-repeat":"repeat","background-position":"center center","background-size":"auto","background-attachment":"scroll","background-type":"","background-media":"","overlay-type":"","overlay-color":"","overlay-opacity":"","overlay-gradient":""}},"footnotes":""},"categories":[16],"tags":[],"class_list":["post-486","post","type-post","status-publish","format-standard","has-post-thumbnail","hentry","category-archives-cms"],"_links":{"self":[{"href":"https:\/\/lavoiedessansvoix.fr\/lavoie\/wp-json\/wp\/v2\/posts\/486","targetHints":{"allow":["GET"]}}],"collection":[{"href":"https:\/\/lavoiedessansvoix.fr\/lavoie\/wp-json\/wp\/v2\/posts"}],"about":[{"href":"https:\/\/lavoiedessansvoix.fr\/lavoie\/wp-json\/wp\/v2\/types\/post"}],"author":[{"embeddable":true,"href":"https:\/\/lavoiedessansvoix.fr\/lavoie\/wp-json\/wp\/v2\/users\/1"}],"replies":[{"embeddable":true,"href":"https:\/\/lavoiedessansvoix.fr\/lavoie\/wp-json\/wp\/v2\/comments?post=486"}],"version-history":[{"count":1,"href":"https:\/\/lavoiedessansvoix.fr\/lavoie\/wp-json\/wp\/v2\/posts\/486\/revisions"}],"predecessor-version":[{"id":2991,"href":"https:\/\/lavoiedessansvoix.fr\/lavoie\/wp-json\/wp\/v2\/posts\/486\/revisions\/2991"}],"wp:featuredmedia":[{"embeddable":true,"href":"https:\/\/lavoiedessansvoix.fr\/lavoie\/wp-json\/wp\/v2\/media\/4067"}],"wp:attachment":[{"href":"https:\/\/lavoiedessansvoix.fr\/lavoie\/wp-json\/wp\/v2\/media?parent=486"}],"wp:term":[{"taxonomy":"category","embeddable":true,"href":"https:\/\/lavoiedessansvoix.fr\/lavoie\/wp-json\/wp\/v2\/categories?post=486"},{"taxonomy":"post_tag","embeddable":true,"href":"https:\/\/lavoiedessansvoix.fr\/lavoie\/wp-json\/wp\/v2\/tags?post=486"}],"curies":[{"name":"wp","href":"https:\/\/api.w.org\/{rel}","templated":true}]}}