{"id":485,"date":"2022-09-25T02:55:00","date_gmt":"2022-09-25T00:55:00","guid":{"rendered":"https:\/\/lavoiedessansvoix.fr\/lavoie\/2022\/09\/25\/archive-mobilisez-vous-contre-la-guerre\/"},"modified":"2026-04-26T20:38:21","modified_gmt":"2026-04-26T18:38:21","slug":"archive-mobilisez-vous-contre-la-guerre","status":"publish","type":"post","link":"https:\/\/lavoiedessansvoix.fr\/lavoie\/2022\/09\/25\/archive-mobilisez-vous-contre-la-guerre\/","title":{"rendered":"MOBILISEZ-VOUS CONTRE LA GUERRE !"},"content":{"rendered":"<p>MOBILISEZ-VOUS CONTRE LA GUERRE    Certains d\u2019entre vous se sont mobilis\u00e9s au temps des gilets-Jaunes contre l\u2019envol\u00e9e d\u2019alors des prix des carburants et pour le droit de vivre dignement d\u2019un vrai salaire.  Vous vous \u00eates mobilis\u00e9s contre la r\u00e9forme macronnienne qui pr\u00e9tendait liquider nos retraites par r\u00e9partition fond\u00e9 sur la justice sociale pour les remplacer par la \u00ab retraites par points \u00bb et la privatisation accrue du syst\u00e8me.  Vous vous \u00eates mobilis\u00e9 contre la vente au priv\u00e9 (voire \u00e0 l\u2019\u00e9tranger) de la soci\u00e9t\u00e9 A\u00e9roports de Paris.  Vous vous \u00eates mobilis\u00e9s encore contre la \u00ab dictature sanitaire \u00bb et les lois liberticides, contre \u00ab le passe-sanitaire \u00bb. Vous vous \u00eates insurg\u00e9s contre leur volont\u00e9 de vacciner vos enfants.OR, LAS A PR\u00c9SENT, QUAND MACRON VEUT NOUS PR\u00c9CIPITER, LA FRANCE, L\u2019EUROPE, PEUT-\u00caTRE LE MONDE ENTIER, DANS UNE GUERRE AUSSI INUTILE QU\u2019ABSURDE, VOUS RESTERIEZ COIS ? SPECTATEURS PASSIFS DE VOTRE PROPRE SACRIFICE SUR L\u2019AUTEL DES INT\u00c9R\u00caTS DE L\u2019IMP\u00c9RIALISME AM\u00c9RICAIN ?  Je ne puis le croire. Cela n\u2019est pas possible.  LA GUERRE n\u2019est-elle pas la pire des choses qui puisse arriver \u00e0 vous et \u00e0 vos enfants ?   La guerre en Ukraine est dans la continuit\u00e9 de ladite \u00ab crise sanitaire. Elle poursuit les m\u00eames buts, pr\u00e9cipiter les populations laborieuses dans le paup\u00e9risme et l\u2019indigence pour accroitre les profits des grands labos, des marchands d\u2019armes et de b\u00e9ton, les dividendes des actionnaires et de la finance internationale. D\u00e9fendre l\u2019H\u00e9g\u00e9monisme Am\u00e9ricain sur la plan\u00e8te.  Il en va du sort de l\u2019Ukraine et de son peuple que les dirigeants occidentaux immolent sans \u00e9tats d\u2019\u00e2me sur l\u2019autel de leurs int\u00e9r\u00eats \u00e9go\u00efstes. Il en va du sort de l\u2019Ukraine et de son peuple qu\u2019ils assassinent pr\u00e9tendument pour la \u00ab d\u00e9fendre \u00bb.   Mais il en va aussi du monde que l\u2019on pr\u00e9pare \u00e0 nos enfants. Pour nous vendre l\u2019Europe ultra lib\u00e9rale vou\u00e9e \u00e0 la seule satisfaction des int\u00e9r\u00eats des plus riches ils nous disaient que l\u2019Europe unie c\u2019\u00e9tait \u00ab LA PAIX \u00bb. Avec autant d\u2019aisance et de cynisme ils justifient \u00e0 pr\u00e9sent la pr\u00e9tendue n\u00e9cessit\u00e9 pour la m\u00eame Europe d\u2019entrer en guerre.   Mais il en va peut-\u00eatre aussi de la s\u00e9curit\u00e9 du monde car l\u2019escalade militaire peut \u00e0 tout moment d\u00e9g\u00e9n\u00e9rer en conflit nucl\u00e9aire et c\u2019est alors la survie m\u00eame de l\u2019Humanit\u00e9 toute enti\u00e8re qui serait mise en question.  Or la guerre et l\u2019escalade ne sont pas n\u00e9cessaires. Le r\u00e8glement n\u00e9goci\u00e9 de ce conflit est encore tout \u00e0 fait possible \u00e0 tout moment. Il ne se serait m\u00eame pas produit si les responsables occidentaux (l\u2019O.T.A.N.) avaient veill\u00e9 au respect des accords de Minsk, plut\u00f4t que soutenir l\u2019agression de Kiev contre les \u00ab R\u00e9publiques \u00bb s\u00e9paratistes de la r\u00e9gion du Donbass, l\u2019agression contre son propre peuple. Il est tout \u00e0 fait possible pour peu que les puissances occidentales renoncent \u00e0 l\u2019id\u00e9e d\u2019int\u00e9grer l\u2019Ukraine \u00e0 l\u2019O.T.A.N. et accepte de n\u00e9gocier un statut particulier des R\u00e9publiques de Lougansk et de Donetsk, qui garantisse la s\u00e9curit\u00e9 de la Russie.  Ceux qui, plut\u00f4t que n\u00e9gocier pr\u00e9f\u00e8rent prolonger la guerre dans l\u2019id\u00e9e de mettre la Russie \u00e0 genoux, sont des assassins et des criminels qui ne rechignent pas \u00e0 immoler des dizaines de milliers d\u2019\u00eatres humains \u00e0 imposer des destructions massives \u00e0 une nation martyre, loin de chez eux.  Loin La guerre ? Elle est \u00e0 nos portes, elle est toute proche. Nous sommes m\u00eame d\u00e9j\u00e0 impact\u00e9s par ses cons\u00e9quences : les sanctions idiotes contre la Russie qui vont imposer des souffrances \u00e0 nous m\u00eame, l\u2019inflation engendr\u00e9e qui va accroitre la paup\u00e9risation de nos propres populations.   On entend dire ici ou l\u00e0 que l\u2019inflation est le vrai probl\u00e8me du moment et qu\u2019en cons\u00e9quence la lutte contre celle-ci et pour l\u2019augmentation des salaires est la priorit\u00e9 du temps. Mais l\u2019inflation et la guerre ne sont -elles pas intimement li\u00e9es ? L\u2019inflation, n\u2019est-ce pas pr\u00e9cis\u00e9ment le moyen de faire payer \u00e0 la population les d\u00e9penses inconsid\u00e9r\u00e9es de la folle gestion de la \u00ab crise covid \u00bb et \u00e0 pr\u00e9sent le financement des d\u00e9penses militaires en armement et cr\u00e9dits offerts au r\u00e9gime corrompu de Kiev ?  La meilleure m\u00e9thode pour juguler l\u2019inflation n&rsquo;est-elle pas pr\u00e9cis\u00e9ment de juguler la guerre ?  Or, aussi terribles qu\u2019elles soient, les souffrances engendr\u00e9es par l\u2019inflation, l\u2019envol\u00e9e actuelle des prix de l\u2019\u00e9nergie (des gens tomberont malades, ou mourront peut-\u00eatre l\u2019hiver qui vient, faute de pouvoir se chauffer) ne seront qu\u2019un avant-go\u00fbt, bien peu de chose, compar\u00e9es aux souffrances que provoquerait l\u2019escalade dans cette guerre si elle devait se prolonger.  Nous ne pouvons, nous ne devons pas les laisser faire. Par notre mobilisation nous devons stopper les mains criminelles qui veulent nous pr\u00e9cipiter dans cet enfer. La mobilisation contre la guerre, pour la d\u00e9fense de la paix est devenue la priorit\u00e9 des priorit\u00e9s. Citoyens, amis, camarades, fr\u00e8res et s\u0153urs, mobilis\u00e9s-vous pour stopper les ardeurs bellicistes des dirigeants du monde et en tout premier lieu les n\u00f4tres, les dirigeants occidentaux, le n\u00f4tre, le psychopathe qui dirige la France.  Patrick Seignon. \u00ab lavoiedessansvoix.fr \u00bb. Dimanche 25 septembre 2022.        secretariat.international4@yahoo.fr<\/p>\n","protected":false},"excerpt":{"rendered":"<p>MOBILISEZ-VOUS CONTRE LA GUERRE Certains d\u2019entre vous se sont mobilis\u00e9s au temps des gilets-Jaunes contre l\u2019envol\u00e9e d\u2019alors des prix des [&hellip;]<\/p>\n","protected":false},"author":1,"featured_media":4066,"comment_status":"open","ping_status":"open","sticky":false,"template":"","format":"standard","meta":{"sfsi_plus_gutenberg_text_before_share":"","sfsi_plus_gutenberg_show_text_before_share":"","sfsi_plus_gutenberg_icon_type":"","sfsi_plus_gutenberg_icon_alignemt":"","sfsi_plus_gutenburg_max_per_row":"","site-sidebar-layout":"default","site-content-layout":"","ast-site-content-layout":"default","site-content-style":"default","site-sidebar-style":"default","ast-global-header-display":"","ast-banner-title-visibility":"","ast-main-header-display":"","ast-hfb-above-header-display":"","ast-hfb-below-header-display":"","ast-hfb-mobile-header-display":"","site-post-title":"","ast-breadcrumbs-content":"","ast-featured-img":"","footer-sml-layout":"","ast-disable-related-posts":"","theme-transparent-header-meta":"","adv-header-id-meta":"","stick-header-meta":"","header-above-stick-meta":"","header-main-stick-meta":"","header-below-stick-meta":"","astra-migrate-meta-layouts":"default","ast-page-background-enabled":"default","ast-page-background-meta":{"desktop":{"background-color":"var(--ast-global-color-4)","background-image":"","background-repeat":"repeat","background-position":"center center","background-size":"auto","background-attachment":"scroll","background-type":"","background-media":"","overlay-type":"","overlay-color":"","overlay-opacity":"","overlay-gradient":""},"tablet":{"background-color":"","background-image":"","background-repeat":"repeat","background-position":"center center","background-size":"auto","background-attachment":"scroll","background-type":"","background-media":"","overlay-type":"","overlay-color":"","overlay-opacity":"","overlay-gradient":""},"mobile":{"background-color":"","background-image":"","background-repeat":"repeat","background-position":"center center","background-size":"auto","background-attachment":"scroll","background-type":"","background-media":"","overlay-type":"","overlay-color":"","overlay-opacity":"","overlay-gradient":""}},"ast-content-background-meta":{"desktop":{"background-color":"var(--ast-global-color-5)","background-image":"","background-repeat":"repeat","background-position":"center center","background-size":"auto","background-attachment":"scroll","background-type":"","background-media":"","overlay-type":"","overlay-color":"","overlay-opacity":"","overlay-gradient":""},"tablet":{"background-color":"var(--ast-global-color-5)","background-image":"","background-repeat":"repeat","background-position":"center center","background-size":"auto","background-attachment":"scroll","background-type":"","background-media":"","overlay-type":"","overlay-color":"","overlay-opacity":"","overlay-gradient":""},"mobile":{"background-color":"var(--ast-global-color-5)","background-image":"","background-repeat":"repeat","background-position":"center center","background-size":"auto","background-attachment":"scroll","background-type":"","background-media":"","overlay-type":"","overlay-color":"","overlay-opacity":"","overlay-gradient":""}},"footnotes":""},"categories":[16],"tags":[],"class_list":["post-485","post","type-post","status-publish","format-standard","has-post-thumbnail","hentry","category-archives-cms"],"_links":{"self":[{"href":"https:\/\/lavoiedessansvoix.fr\/lavoie\/wp-json\/wp\/v2\/posts\/485","targetHints":{"allow":["GET"]}}],"collection":[{"href":"https:\/\/lavoiedessansvoix.fr\/lavoie\/wp-json\/wp\/v2\/posts"}],"about":[{"href":"https:\/\/lavoiedessansvoix.fr\/lavoie\/wp-json\/wp\/v2\/types\/post"}],"author":[{"embeddable":true,"href":"https:\/\/lavoiedessansvoix.fr\/lavoie\/wp-json\/wp\/v2\/users\/1"}],"replies":[{"embeddable":true,"href":"https:\/\/lavoiedessansvoix.fr\/lavoie\/wp-json\/wp\/v2\/comments?post=485"}],"version-history":[{"count":1,"href":"https:\/\/lavoiedessansvoix.fr\/lavoie\/wp-json\/wp\/v2\/posts\/485\/revisions"}],"predecessor-version":[{"id":2989,"href":"https:\/\/lavoiedessansvoix.fr\/lavoie\/wp-json\/wp\/v2\/posts\/485\/revisions\/2989"}],"wp:featuredmedia":[{"embeddable":true,"href":"https:\/\/lavoiedessansvoix.fr\/lavoie\/wp-json\/wp\/v2\/media\/4066"}],"wp:attachment":[{"href":"https:\/\/lavoiedessansvoix.fr\/lavoie\/wp-json\/wp\/v2\/media?parent=485"}],"wp:term":[{"taxonomy":"category","embeddable":true,"href":"https:\/\/lavoiedessansvoix.fr\/lavoie\/wp-json\/wp\/v2\/categories?post=485"},{"taxonomy":"post_tag","embeddable":true,"href":"https:\/\/lavoiedessansvoix.fr\/lavoie\/wp-json\/wp\/v2\/tags?post=485"}],"curies":[{"name":"wp","href":"https:\/\/api.w.org\/{rel}","templated":true}]}}