{"id":479,"date":"2022-11-25T14:25:00","date_gmt":"2022-11-25T13:25:00","guid":{"rendered":"https:\/\/lavoiedessansvoix.fr\/lavoie\/2022\/11\/25\/archive-non-a-la-guerre\/"},"modified":"2026-04-26T20:37:26","modified_gmt":"2026-04-26T18:37:26","slug":"archive-non-a-la-guerre","status":"publish","type":"post","link":"https:\/\/lavoiedessansvoix.fr\/lavoie\/2022\/11\/25\/archive-non-a-la-guerre\/","title":{"rendered":"NON A LA GUERRE\u00a0!"},"content":{"rendered":"<p>NON A LA GUERRE !   Il ne s\u2019agit pas l\u00e0 de d\u2019abonder dans le pacifisme b\u00ealant des \u00ab brebis \u00bb apeur\u00e9es. Il ne s\u2019agit pas l\u00e0 de dire non \u00e0 la guerre par principe. Nous savons qu\u2019il y a des \u00ab guerres justes \u00bb donc justifi\u00e9es, par exemple celles que les peuples doivent faire pour se lib\u00e9rer d\u2019un joug \u00e9tranger ou int\u00e9rieur. Il s\u2019agit ici d\u2019un \u00ab non \u00e0 la guerre \u00bb circonstanci\u00e9, \u00ab non \u00e0 cette guerre-l\u00e0 \u00bb o\u00f9 les dirigeants occidentaux, Macron en premi\u00e8re ligne, veulent pr\u00e9cipiter la France, l\u2019Europe et le Monde. \u00ab Non \u00e0 cette guerre pr\u00e9tendument de d\u00e9fense de l\u2019Ukraine \u00bb, \u00ab Non \u00e0 cette guerre contre la Russie \u00bb.  Les raisons de refuser cette guerre sont multiples. Nous allons tenter de les exposer toutes au risque d\u2019en oublier quelques-unes tant elles sont nombreuses.  1  Certes, nous n\u2019en disconvenons pas, c\u2019est la Russie sous la conduite du pr\u00e9sident Poutine qui a d\u00e9clench\u00e9 le 24 f\u00e9vrier 2022 la baptis\u00e9e \u00ab op\u00e9ration militaire sp\u00e9ciale \u00bb en Ukraine, mais la guerre elle, avait commenc\u00e9 bien avant. En 2014 avec le coup d\u2019\u00c9tat de la place Maidan soutenu par l\u2019U.E. et les U.S.A., dont s\u2019en \u00e9taient suivit les d\u00e9clarations d\u2019ind\u00e9pendance des R\u00e9publiques de Lougansk et de Donetsk (s\u00e9paratistes). L\u2019agresseur en la circonstance c\u2019\u00e9tait la coalition de l\u2019imp\u00e9rialisme occidental sous la conduite des \u00c9tats-Unis.  2  A la suite des \u00e9v\u00e8nements de 2014 des n\u00e9gociations eurent lieu et un protocole en r\u00e9sultat sous le nom \u00ab d\u2019accords de Minsk \u00bb. Celui-ci pr\u00e9voyait un \u00ab statut de neutralit\u00e9 de l\u2019Ukraine \u00bb et un statut sp\u00e9cial pour les R\u00e9publiques s\u00e9paratistes du Donbass. Or ces accords n&rsquo;ont jamais \u00e9t\u00e9 respect\u00e9s et l\u2019Ukraine maintenait son intention d\u2019int\u00e9gration \u00e0 l\u2019UE et \u00e0 l\u2019OTAN et poursuivait son agression militaire contre les R\u00e9publiques du Donbass.   3   Le 7 f\u00e9vrier 2022 (17 jours avant le 24) eut lieu \u00e0 Moscou une rencontre Poutine\/Macron. \u00ab Vladimir Poutine veut obtenir \u00ab un changement profond de la politique de l\u2019Otan, en particulier ce qu\u2019on appelle la politique de portes ouvertes \u00bb, \u00e0 savoir la garantie que l\u2019Ukraine n\u2019entrera pas dans l\u2019Alliance atlantique, a rappel\u00e9 le pr\u00e9sident fran\u00e7ais. \u00bb.  Si ce jour-l\u00e0, Macron avait dit l\u2019intention de la France de militer pour l\u2019application des accords de Minsk et la neutralit\u00e9 de l\u2019Ukraine Poutine n\u2019aurait pas donn\u00e9 le feu vert \u00e0 l\u2019op\u00e9ration militaire. Mais Macron a agi en simple vassal des USA et de l\u2019OTAN, il a dit, \u00ab Ce que ne peut pas lui donner l\u2019Otan \u00bb,ainsi que le rapporte \u00ab Le journal \u00ab Le Parisien \u00bb (7\/2\/2022.) Il porte donc devant l\u2019histoire une lourde responsabilit\u00e9 dans le d\u00e9clenchement de l\u2019offensive Russe.  4  La Russie ne veut pas d\u2019une Ukraine int\u00e9gr\u00e9e \u00e0 l\u2019OTAN. Elle ne veut pas que l\u2019Otan vienne installer des bases et des armes strat\u00e9giques \u00e0 ses fronti\u00e8res. Cette volont\u00e9 est v\u00e9cue, \u00e0 juste raison, par les Russes comme une agression ? Qui oserait dire que leur revendication de s\u00e9curit\u00e9 n\u2019est pas l\u00e9gitime ?  5  L\u2019arm\u00e9e Ukrainienne se serait effondr\u00e9e depuis longtemps sans les aides financi\u00e8res, les fournitures d\u2019armes et (d\u2019hommes) de l\u2019Occident. Soutenir ainsi l\u2019Ukraine \u00e0 bout de bras, s\u2019impliquer de plus en plus directement dans la guerre est un calcul fou digne de psychopathes et de misanthropes dont il convient de stopper la fuite en avant.    6  L\u2019argument qui est \u00ab d\u2019aider l\u2019Ukraine \u00bb ne tient pas. La paix peut \u00eatre n\u00e9goci\u00e9e et les hostilit\u00e9s cesser du jour au lendemain, des destructions ainsi \u00e9vit\u00e9es et des populations \u00e9pargn\u00e9es. S\u2019enfoncer dans la guerre c\u2019est au contraire condamner l\u2019Ukraine \u00e0 des d\u00e9vastations consid\u00e9rables et \u00e0 des pertes humaines importantes. En quoi cela serait-ce l\u2019aider que de l\u2019immoler ainsi ?   7  Le fond de la question est le suivant : C\u2019est celui de \u00ab la domination plan\u00e9taire \u00bb, le \u00ab nouvel ordre mondial \u00bb comme ils disent, que les USA aspirent \u00e0 instaurer sous leur sa gouvernance. Quel int\u00e9r\u00eat les peuples du monde, quel int\u00e9r\u00eat avons-nous, \u00e0 la r\u00e9alisation de ce r\u00eave m\u00e9galomaniaque de \u00ab l\u2019oncle Sam \u00bb ?   Or celui-ci se heurte a deux r\u00e9alit\u00e9s :   A) Depuis la chute de l\u2019URSS, fin 1991, les USA aspirent \u00e0 d\u00e9manteler la Russie une puissance qui leur fait ombrage. La chose leur fut ais\u00e9e du temps d\u2019Eltsine. le malade \u00e9thylique des ann\u00e9es 90, pr\u00eat \u00e0 vendre \u00e0 l\u2019encan la Russie historique, h\u00e9ritage des Tsars et de la R\u00e9volution. Avec l\u2019arriv\u00e9e au pouvoir de Poutine elles se sont \u00e0 leur sens nettement compliqu\u00e9es.  C\u2019est d\u2019ailleurs l\u00e0 leur v\u00e9ritable raison d\u2019ex\u00e9crer cet homme et de vouloir le diaboliser. L\u00e9nine disait d\u00e9j\u00e0 que sans la R\u00e9volution la Russie serait devenue une colonie des puissances occidentales.  B) La puissance \u00e9conomique Chinoise qui se doublera bient\u00f4t d\u2019une supr\u00e9matie militaire menace aussi de contrarier ce dessein. L\u2019alliance Chine\/Russie est la hantise des USA, alors r\u00eavent-ils de juguler la puissance nucl\u00e9aire Russe s\u00e9par\u00e9ment et rapidement afin de se retrouver dans le face \u00e0 face fondamental avec la Chine avant que celle-ci n\u2019est acquise la supr\u00e9matie militaire. On le voit cette politique imp\u00e9rialiste des USA conduit immanquablement l\u2019Humanit\u00e9 vers un nouveau drame plan\u00e9taire. ?  8  Venir \u00e0 bout de la Russie puissance nucl\u00e9aire, certes, mais comment s\u2019y prendre pour \u00e9viter un embrasement g\u00e9n\u00e9ral ou un d\u00e9rapage nucl\u00e9aire ? Car les USA et l\u2019OTAN qui veulent s\u2019offrir la d\u00e9pouille de la Russie ne veulent pas pour autant, pas tout de suite, d\u2019une guerre mondiale et encore moins nucl\u00e9aire. Leur solution, prendre la Russie au pi\u00e8ge d\u2019une guerre ruineuse au \u00ab finish \u00bb qui provoquerait la chute de Poutine alors remplac\u00e9 par un avatar d\u2019Eltsine \u00bb. Les aspirations de l\u2019Ukraine \u00e0 L\u2019ind\u00e9pendance, l\u2019int\u00e9grit\u00e9 territoriale de l\u2019Ukraine telle que sortie de l\u2019Union sovi\u00e9tique, la s\u00e9curit\u00e9 de l\u2019Ukraine, tout \u00e7a c\u2019est du pipeau dont les USA et l\u2019Europe se contrefichent \u00e9perdument. L\u2019Ukraine \u00e0 leur sens est seulement le pi\u00e8ge o\u00f9 ils comptent prendre la Russie afin de la r\u00e9duire.  9  Une victoire des USA contre la Russie qui nous rapprocherait de l\u2019affrontement fondamental Chine\/USA ne ferait qu\u2019accroitre le danger d\u2019une guerre mondiale et d\u2019une apocalypse nucl\u00e9aire. Nous devons donc souhaiter leur d\u00e9faite, et la n\u00f4tre par la m\u00eame occasion, celle de notre propre imp\u00e9rialisme.  10  Une victoire des USA ce serait aussi une vertigineuse r\u00e9gression civilisationnelle. Pour ma part je ne souhaite pas l\u2019av\u00e8nement d\u2019un monde o\u00f9 le fric, le mercantilisme, l\u2019individualisme sans borne, s\u2019empareraient de toutes les valeurs soci\u00e9tales, morales, et culturelles du monde r\u00e9duisant l\u2019homme lui-m\u00eame \u00e0 l\u2019\u00e9tat de marchandise et l\u2019humanit\u00e9 au statut d\u2019un vaste troupeau de pourceaux.  Patrick Seignon. \u00ab lavoiedessansvoix.fr \u00bb. Vendredi 25 novembre 2022.<\/p>\n","protected":false},"excerpt":{"rendered":"<p>NON A LA GUERRE ! Il ne s\u2019agit pas l\u00e0 de d\u2019abonder dans le pacifisme b\u00ealant des \u00ab brebis \u00bb [&hellip;]<\/p>\n","protected":false},"author":1,"featured_media":4060,"comment_status":"open","ping_status":"open","sticky":false,"template":"","format":"standard","meta":{"sfsi_plus_gutenberg_text_before_share":"","sfsi_plus_gutenberg_show_text_before_share":"","sfsi_plus_gutenberg_icon_type":"","sfsi_plus_gutenberg_icon_alignemt":"","sfsi_plus_gutenburg_max_per_row":"","site-sidebar-layout":"default","site-content-layout":"","ast-site-content-layout":"default","site-content-style":"default","site-sidebar-style":"default","ast-global-header-display":"","ast-banner-title-visibility":"","ast-main-header-display":"","ast-hfb-above-header-display":"","ast-hfb-below-header-display":"","ast-hfb-mobile-header-display":"","site-post-title":"","ast-breadcrumbs-content":"","ast-featured-img":"","footer-sml-layout":"","ast-disable-related-posts":"","theme-transparent-header-meta":"","adv-header-id-meta":"","stick-header-meta":"","header-above-stick-meta":"","header-main-stick-meta":"","header-below-stick-meta":"","astra-migrate-meta-layouts":"default","ast-page-background-enabled":"default","ast-page-background-meta":{"desktop":{"background-color":"var(--ast-global-color-4)","background-image":"","background-repeat":"repeat","background-position":"center center","background-size":"auto","background-attachment":"scroll","background-type":"","background-media":"","overlay-type":"","overlay-color":"","overlay-opacity":"","overlay-gradient":""},"tablet":{"background-color":"","background-image":"","background-repeat":"repeat","background-position":"center center","background-size":"auto","background-attachment":"scroll","background-type":"","background-media":"","overlay-type":"","overlay-color":"","overlay-opacity":"","overlay-gradient":""},"mobile":{"background-color":"","background-image":"","background-repeat":"repeat","background-position":"center center","background-size":"auto","background-attachment":"scroll","background-type":"","background-media":"","overlay-type":"","overlay-color":"","overlay-opacity":"","overlay-gradient":""}},"ast-content-background-meta":{"desktop":{"background-color":"var(--ast-global-color-5)","background-image":"","background-repeat":"repeat","background-position":"center center","background-size":"auto","background-attachment":"scroll","background-type":"","background-media":"","overlay-type":"","overlay-color":"","overlay-opacity":"","overlay-gradient":""},"tablet":{"background-color":"var(--ast-global-color-5)","background-image":"","background-repeat":"repeat","background-position":"center center","background-size":"auto","background-attachment":"scroll","background-type":"","background-media":"","overlay-type":"","overlay-color":"","overlay-opacity":"","overlay-gradient":""},"mobile":{"background-color":"var(--ast-global-color-5)","background-image":"","background-repeat":"repeat","background-position":"center center","background-size":"auto","background-attachment":"scroll","background-type":"","background-media":"","overlay-type":"","overlay-color":"","overlay-opacity":"","overlay-gradient":""}},"footnotes":""},"categories":[16],"tags":[],"class_list":["post-479","post","type-post","status-publish","format-standard","has-post-thumbnail","hentry","category-archives-cms"],"_links":{"self":[{"href":"https:\/\/lavoiedessansvoix.fr\/lavoie\/wp-json\/wp\/v2\/posts\/479","targetHints":{"allow":["GET"]}}],"collection":[{"href":"https:\/\/lavoiedessansvoix.fr\/lavoie\/wp-json\/wp\/v2\/posts"}],"about":[{"href":"https:\/\/lavoiedessansvoix.fr\/lavoie\/wp-json\/wp\/v2\/types\/post"}],"author":[{"embeddable":true,"href":"https:\/\/lavoiedessansvoix.fr\/lavoie\/wp-json\/wp\/v2\/users\/1"}],"replies":[{"embeddable":true,"href":"https:\/\/lavoiedessansvoix.fr\/lavoie\/wp-json\/wp\/v2\/comments?post=479"}],"version-history":[{"count":1,"href":"https:\/\/lavoiedessansvoix.fr\/lavoie\/wp-json\/wp\/v2\/posts\/479\/revisions"}],"predecessor-version":[{"id":2977,"href":"https:\/\/lavoiedessansvoix.fr\/lavoie\/wp-json\/wp\/v2\/posts\/479\/revisions\/2977"}],"wp:featuredmedia":[{"embeddable":true,"href":"https:\/\/lavoiedessansvoix.fr\/lavoie\/wp-json\/wp\/v2\/media\/4060"}],"wp:attachment":[{"href":"https:\/\/lavoiedessansvoix.fr\/lavoie\/wp-json\/wp\/v2\/media?parent=479"}],"wp:term":[{"taxonomy":"category","embeddable":true,"href":"https:\/\/lavoiedessansvoix.fr\/lavoie\/wp-json\/wp\/v2\/categories?post=479"},{"taxonomy":"post_tag","embeddable":true,"href":"https:\/\/lavoiedessansvoix.fr\/lavoie\/wp-json\/wp\/v2\/tags?post=479"}],"curies":[{"name":"wp","href":"https:\/\/api.w.org\/{rel}","templated":true}]}}