{"id":475,"date":"2022-12-08T04:49:00","date_gmt":"2022-12-08T03:49:00","guid":{"rendered":"https:\/\/lavoiedessansvoix.fr\/lavoie\/2022\/12\/08\/archive-soignants-suspendus-la-juste-convergence-lfi-rn\/"},"modified":"2026-04-26T20:36:43","modified_gmt":"2026-04-26T18:36:43","slug":"archive-soignants-suspendus-la-juste-convergence-lfi-rn","status":"publish","type":"post","link":"https:\/\/lavoiedessansvoix.fr\/lavoie\/2022\/12\/08\/archive-soignants-suspendus-la-juste-convergence-lfi-rn\/","title":{"rendered":"SOIGNANTS SUSPENDUS  La juste convergence LFI RN"},"content":{"rendered":"<p>SOIGNANTS SUSPENDUS   La juste convergence LFI RN    C\u2019est par l\u2019obstruction que les d\u00e9put\u00e9s de la majorit\u00e9 pr\u00e9sidentielle ont bloqu\u00e9 une loi sur la r\u00e9int\u00e9gration des soignants suspendus lors de l\u2019examen de celle-ci dans \u00ab\u00a0la niche parlementaire\u00a0\u00bb de L.F.I. il y a deux semaine (24 novembre 2022).  Le m\u00eame texte ou un texte \u00e9quivalent doit \u00eatre \u00e0 nouveau soumis aux d\u00e9put\u00e9s lors de la \u00ab niche parlementaire \u00bb du RN le 12 janvier 2023.  Or voil\u00e0 qu\u2019une cabale est apparue, aliment\u00e9e par les d\u00e9put\u00e9s \u00ab macronistes \u00bb et amplifi\u00e9e par certains de la \u00ab\u00a0Nupes\u00a0\u00bb (non L.F.I.) Socialistes et communistes, d\u00e9non\u00e7ant la collusion de fait voire \u00ab une entente \u00bb entre L.F.I. et le R.N. Selon leur langage v\u00e9n\u00e9neux : entre l\u2019extr\u00eame droite la gauche et l\u2019extr\u00eame gauche.  Il y aurait selon ses directeurs autoproclam\u00e9s de la \u00ab morale politique \u00bb une incompatibilit\u00e9 totale et m\u00eame un \u00ab crime contre celle-ci. \u00bb \u00e0 un tel rapprochement qu\u2019il soit concert\u00e9 ou de facto.  La v\u00e9rit\u00e9 c\u2019est surtout que ces gens qui ont coll\u00e9 comme des petits soldats bien disciplin\u00e9s aux injonctions sanitaires du gouvernement craignent un juste retour de b\u00e2ton. C\u2019est pourquoi ils font corps avec la bande \u00e0 macron pour barrer la route \u00e0 toute remise en question de cette politique qui pourrait ouvrir la voie \u00e0 leur mise en accusation. Ils refusent d\u2019ouvrir la moindre br\u00e8che dans la digue de leur d\u00e9ni de peur que la digue toute enti\u00e8re ne soit emport\u00e9e par le vent de l\u2019Histoire.  OUI ! Un probl\u00e8me de \u00ab moralit\u00e9 politique \u00bb serait pos\u00e9 mais dans le cas seulement ou une telle convergence aurait lieu sur des propositions et id\u00e9es sp\u00e9cifiques caract\u00e9risant l\u2019extr\u00eame droite, ce qui n\u2019est pas le cas de la question de la r\u00e9int\u00e9gration des soignants suspendus.  NON ! Il n\u2019y a pas la moindre incompatibilit\u00e9 politique ni morale \u00e0 une convergence de l\u2019action parlementaire des d\u00e9put\u00e9s L.F.I. et R.N. lorsqu\u2019il s\u2019agit de d\u00e9fendre une cause juste sous tout rapports ce qui est le cas de la question de la r\u00e9int\u00e9gration des soignants suspendus.   La d\u00e9liquescence \u00ab morale \u00bb elle est dans cette question, comme dans bien d\u2019autres actuellement, du c\u00f4t\u00e9 de ce qu\u2019il est convenu d\u2019appeler \u00ab la majorit\u00e9 pr\u00e9sidentielle \u00bb et de ses renforts de circonstances socialistes communistes ou \u00e9cologistes. Ces gens dispos\u00e9s \u00e0 toutes les man\u0153uvres dilatoires, \u00e0 toutes les compositions et compromissions pour emp\u00eacher que justice soit rendu \u00e0 des personnels qui ont \u00e9t\u00e9 interdits d\u2019exercer leur m\u00e9tier et priv\u00e9s de revenus en d\u00e9pits des r\u00e8gles du droit du travail et m\u00eame des droits humains \u00e9l\u00e9mentaires.  La d\u00e9liquescence \u00ab morale \u00bb en politique elle est du c\u00f4t\u00e9 de ceux-l\u00e0 qui font feu de tout bois pour s\u2019opposer \u00e0 la r\u00e9int\u00e9gration de plusieurs milliers de soignants dans un syst\u00e8me de sant\u00e9 au bord de l\u2019effondrement \u00e0 cause pr\u00e9cis\u00e9ment du manque de personnel.   La d\u00e9liquescence \u00ab morale \u00bb elle appartient \u00e0 ceux qui refusent d\u2019apporter le soulagement que serait le retour de leurs coll\u00e8gues \u00e0 des personnels en souffrance \u00e0 cause de la surcharge de travail.  La d\u00e9liquescence morale \u00bb elle est la caract\u00e9ristique de ceux qui s\u2019obstinent \u00e0 entretenir une discrimination indigne en contradiction avec la d\u00e9ontologie m\u00e9dicale et la garantie des libert\u00e9s publiques \u00e9l\u00e9mentaires.   La d\u00e9liquescence morale \u00bb elle est la souillure de ceux qui se pr\u00e9tendent les repr\u00e9sentants, voire m\u00eame les d\u00e9fenseurs, du peuple, des petites gens, des salari\u00e9s ; ceux qui s\u2019en r\u00e9f\u00e8rent \u00e0 la \u00ab classe ouvri\u00e8re \u00bb, se proclament m\u00eame parfois \u00ab parti de la classe ouvri\u00e8re \u00bb et font chorus avec la majorit\u00e9 pr\u00e9sidentielle porteuse des pires attaques contre les acquis sociaux.   Elle est l\u2019infamie de ceux qui participent \u00e0 prolonger cette division, cette plaie purulente, dans les rangs des personnels de sant\u00e9 qui auraient bien besoin pourtant de retrouver leur unit\u00e9 et leur coh\u00e9sion afin de s\u2019opposer efficacement au d\u00e9labrement programm\u00e9 de l\u2019h\u00f4pital public.  Alors je m\u2019adresse \u00e0 tous les d\u00e9put\u00e9s L.F.I. et R.N, et m\u00eame \u00e0 tous ceux qui n\u2019ont pas perdu la \u00ab boussole \u00bb du sens moral et de la justice sociale : La r\u00e9int\u00e9gration avec r\u00e9paration de tous les personnels soignants suspendus au motif qu\u2019ils ont exerc\u00e9 leur libert\u00e9 de refuser un traitement m\u00e9dical, est une cause juste et votre devoir est de la faire aboutir par tous les moyens en votre possession. La convergence circonstancielle qui en r\u00e9sulte n\u2019a rien d\u2019infamant, au contraire. Votre capacit\u00e9 \u00e0 faire fi des sarcasmes et insultes de ceux que la b\u00eatise et l\u2019amoralisme politique rend ignares, ne fera que vous honorer et vous grandir et redonnera un peu de cr\u00e9dit et de lustre \u00e0 l\u2019action parlementaire d\u00e9cr\u00e9dibilis\u00e9es \u00e0 coup de 49-3 ;  Patrick Seignon. \u00ab lavoiedessansvoix.fr \u00bb. Jeudi 8 d\u00e9cembre 2022.<\/p>\n","protected":false},"excerpt":{"rendered":"<p>SOIGNANTS SUSPENDUS La juste convergence LFI RN C\u2019est par l\u2019obstruction que les d\u00e9put\u00e9s de la majorit\u00e9 pr\u00e9sidentielle ont bloqu\u00e9 une [&hellip;]<\/p>\n","protected":false},"author":1,"featured_media":4056,"comment_status":"open","ping_status":"open","sticky":false,"template":"","format":"standard","meta":{"sfsi_plus_gutenberg_text_before_share":"","sfsi_plus_gutenberg_show_text_before_share":"","sfsi_plus_gutenberg_icon_type":"","sfsi_plus_gutenberg_icon_alignemt":"","sfsi_plus_gutenburg_max_per_row":"","site-sidebar-layout":"default","site-content-layout":"","ast-site-content-layout":"default","site-content-style":"default","site-sidebar-style":"default","ast-global-header-display":"","ast-banner-title-visibility":"","ast-main-header-display":"","ast-hfb-above-header-display":"","ast-hfb-below-header-display":"","ast-hfb-mobile-header-display":"","site-post-title":"","ast-breadcrumbs-content":"","ast-featured-img":"","footer-sml-layout":"","ast-disable-related-posts":"","theme-transparent-header-meta":"","adv-header-id-meta":"","stick-header-meta":"","header-above-stick-meta":"","header-main-stick-meta":"","header-below-stick-meta":"","astra-migrate-meta-layouts":"default","ast-page-background-enabled":"default","ast-page-background-meta":{"desktop":{"background-color":"var(--ast-global-color-4)","background-image":"","background-repeat":"repeat","background-position":"center center","background-size":"auto","background-attachment":"scroll","background-type":"","background-media":"","overlay-type":"","overlay-color":"","overlay-opacity":"","overlay-gradient":""},"tablet":{"background-color":"","background-image":"","background-repeat":"repeat","background-position":"center center","background-size":"auto","background-attachment":"scroll","background-type":"","background-media":"","overlay-type":"","overlay-color":"","overlay-opacity":"","overlay-gradient":""},"mobile":{"background-color":"","background-image":"","background-repeat":"repeat","background-position":"center center","background-size":"auto","background-attachment":"scroll","background-type":"","background-media":"","overlay-type":"","overlay-color":"","overlay-opacity":"","overlay-gradient":""}},"ast-content-background-meta":{"desktop":{"background-color":"var(--ast-global-color-5)","background-image":"","background-repeat":"repeat","background-position":"center center","background-size":"auto","background-attachment":"scroll","background-type":"","background-media":"","overlay-type":"","overlay-color":"","overlay-opacity":"","overlay-gradient":""},"tablet":{"background-color":"var(--ast-global-color-5)","background-image":"","background-repeat":"repeat","background-position":"center center","background-size":"auto","background-attachment":"scroll","background-type":"","background-media":"","overlay-type":"","overlay-color":"","overlay-opacity":"","overlay-gradient":""},"mobile":{"background-color":"var(--ast-global-color-5)","background-image":"","background-repeat":"repeat","background-position":"center center","background-size":"auto","background-attachment":"scroll","background-type":"","background-media":"","overlay-type":"","overlay-color":"","overlay-opacity":"","overlay-gradient":""}},"footnotes":""},"categories":[16],"tags":[],"class_list":["post-475","post","type-post","status-publish","format-standard","has-post-thumbnail","hentry","category-archives-cms"],"_links":{"self":[{"href":"https:\/\/lavoiedessansvoix.fr\/lavoie\/wp-json\/wp\/v2\/posts\/475","targetHints":{"allow":["GET"]}}],"collection":[{"href":"https:\/\/lavoiedessansvoix.fr\/lavoie\/wp-json\/wp\/v2\/posts"}],"about":[{"href":"https:\/\/lavoiedessansvoix.fr\/lavoie\/wp-json\/wp\/v2\/types\/post"}],"author":[{"embeddable":true,"href":"https:\/\/lavoiedessansvoix.fr\/lavoie\/wp-json\/wp\/v2\/users\/1"}],"replies":[{"embeddable":true,"href":"https:\/\/lavoiedessansvoix.fr\/lavoie\/wp-json\/wp\/v2\/comments?post=475"}],"version-history":[{"count":1,"href":"https:\/\/lavoiedessansvoix.fr\/lavoie\/wp-json\/wp\/v2\/posts\/475\/revisions"}],"predecessor-version":[{"id":2969,"href":"https:\/\/lavoiedessansvoix.fr\/lavoie\/wp-json\/wp\/v2\/posts\/475\/revisions\/2969"}],"wp:featuredmedia":[{"embeddable":true,"href":"https:\/\/lavoiedessansvoix.fr\/lavoie\/wp-json\/wp\/v2\/media\/4056"}],"wp:attachment":[{"href":"https:\/\/lavoiedessansvoix.fr\/lavoie\/wp-json\/wp\/v2\/media?parent=475"}],"wp:term":[{"taxonomy":"category","embeddable":true,"href":"https:\/\/lavoiedessansvoix.fr\/lavoie\/wp-json\/wp\/v2\/categories?post=475"},{"taxonomy":"post_tag","embeddable":true,"href":"https:\/\/lavoiedessansvoix.fr\/lavoie\/wp-json\/wp\/v2\/tags?post=475"}],"curies":[{"name":"wp","href":"https:\/\/api.w.org\/{rel}","templated":true}]}}