{"id":473,"date":"2022-12-19T18:04:00","date_gmt":"2022-12-19T17:04:00","guid":{"rendered":"https:\/\/lavoiedessansvoix.fr\/lavoie\/2022\/12\/19\/archive-defense-d-adrien-quatennens\/"},"modified":"2026-04-26T20:36:25","modified_gmt":"2026-04-26T18:36:25","slug":"archive-defense-d-adrien-quatennens","status":"publish","type":"post","link":"https:\/\/lavoiedessansvoix.fr\/lavoie\/2022\/12\/19\/archive-defense-d-adrien-quatennens\/","title":{"rendered":"D\u00c9FENSE D\u2019ADRIEN QUATENNENS"},"content":{"rendered":"<p>D\u00c9FENSE D\u2019ADRIEN QUATENNENS     Adrien Qiuatennens, d\u00e9put\u00e9 du Nord, a \u00e9t\u00e9 condamn\u00e9 \u00e0 quatre mois de prison avec sursis pour une gifle qu\u2019il a reconnu avoir donn\u00e9 \u00e0 son \u00e9pouse, il y a plus d\u2019un an, dans un contexte de violence conjugale. La justice a parl\u00e9, la sanction est tomb\u00e9e. Point !\u2026 Les choses devraient en rester l\u00e0. Un jugement ne s\u2019impose pas qu\u2019au mis en cause, il a une valeur sociale et doit \u00eatre respect\u00e9 par tous.   Mais voil\u00e0 que la pression ne se rel\u00e2che pas et que c\u2019est \u00e0 pr\u00e9sent, dans son propre \u00ab camp \u00bb, ses alli\u00e9s et \u00ab amis \u00bb politiques qui ont pris la rel\u00e8ve des m\u00e9dias pour tenter de l\u2019abattre politiquement.  Poursuivre un homme par-del\u00e0 un arr\u00eat de justice, n\u2019est-ce pas une autre mani\u00e8re de contester la l\u00e9gitimit\u00e9 de celui-ci ? N\u2019est-ce pas vouloir infliger au justiciable d\u00e9j\u00e0 condamn\u00e9 une double peine, dans le cas sp\u00e9cifique une peine pire que la sanction initiale. Etonnante d\u00e9monstration d\u2019irrespect de l\u2019institution judiciaire pour des \u00e9lus et des responsables politiques qui se r\u00e9clament des valeurs R\u00e9publicaines et d\u00e9mocratiques.   C\u2019est qu\u2019Adrien Quatennens, bien que jeune, n\u2019est pas n\u2019importe qui. C\u2019est un d\u00e9put\u00e9 brillant, une personnalit\u00e9 forte, une grande pointure d\u00e9j\u00e0 du monde parlementaire et politique. Num\u00e9ro deux de LFI, il en \u00e9tait le porte-parole, et en position de prendre la suite de Jean-luc M\u00e9lenchon.  Quand on est dans sa position politique on peut rapidement en effet devenir la cible, l\u2019homme \u00e0 abattre, de beaucoup de gens de divers \u00ab bords \u00bb m\u00fb par des motivations diverses et multiples.  Beaucoup de gens, oui, mais lesquels ?  Cette affaire ayant trait \u00e0 la vie priv\u00e9e qui aurait d\u00fb rester confidentielle, a \u00e9t\u00e9 \u00e9tal\u00e9e sur la place publique \u00e0 grand renfort de tambours m\u00e9diatique. D\u2019o\u00f9 vient-il qu\u2019une main courante, affectant la vie priv\u00e9e d\u2019un couple, sorte ainsi imm\u00e9diatement de la confidentialit\u00e9 d\u2019un commissariat ou d\u2019une gendarmerie ? Adrien Quatennens, dans une interview \u00e0 la presse il y a Trois jours a supput\u00e9 que la fuite aurait pu \u00eatre sciemment organis\u00e9 par le Minist\u00e8re de l\u2019int\u00e9rieur. Voil\u00e0 une hypoth\u00e8se qui pourrait semble-il ne pas manquer de bon sens et de cr\u00e9dibilit\u00e9   Ceux du pouvoir ?\u2026 Qui supportent mal la contradiction et n\u2019ont eu de cesse depuis 2017 de vouloir faire taire toutes les voix dissidentes ne pourraient-ils s\u2019\u00eatre trouver en effet quelques justifications au lynchage m\u00e9diatique de ce personnage encombrant ? Nuire \u00e0 Quatennens pour ceux-l\u00e0 ne serait-ce pas une mani\u00e8re aussi d\u2019atteindre M\u00e9lenchon et LFI., leur seule opposition de gauche ?  Alors certes G\u00e9rard Darmanin a protest\u00e9 contre cette mise-en-cause et imm\u00e9diatement port\u00e9 plainte pour diffamation. Le contraire \u00e9tait impossible. Impossible en effet qu\u2019il admette \u00eatre \u00e0 l\u2019origine de la fuite. Mais il eut pu tout de m\u00eame laisser \u00ab couler \u00bb, mettant ces propos au cr\u00e9dit d\u2019un homme aux abois. A contrario, ce d\u00e9p\u00f4t de plainte s\u2019inscrit comme une charge suppl\u00e9mentaire dans l\u2019entreprise de lynchage politique d\u2019Adrien Qatennens. Pour autant il ne constitue en rien une preuve de la non implication du Ministre.  2- Ceux des partis concurrents ? Fabien Roussel, premier secr\u00e9taire de la formation qui s\u2019appelle encore Parti Communiste \u00bb (insulte \u00e0 l\u2019Histoire et \u00e0 Marx et Engels co-auteurs du \u00ab Manifeste du Parti communiste \u00bb) c\u2019est particuli\u00e8rement illustr\u00e9 dans cette affaire comme \u00ab lyncheur num\u00e9ro un. Il a d\u2019abord dit que lorsqu\u2019un d\u00e9put\u00e9 est condamn\u00e9 pour violence conjugale il n\u2019avait plus sa place \u00e0 l\u2019Assembl\u00e9e \u00bb. Puis il en a remis une couche : \u00ab si mon fils avait fait cela je ne lui adresserai plus la parole. \u00bb et enfin : \u00ab Lorsqu\u2019on est condamn\u00e9 on n\u2019a plus rien \u00e0 faire en politique. \u00bb Pourquoi tant d\u2019acharnement \u00e0 d\u00e9truire ce gar\u00e7on ? Vous aviez remarqu\u00e9 que Fabien Roussel en se portant candidat aux \u00e9lections pr\u00e9sidentielles de 2022 avait \u00e9t\u00e9 le principal artisan de la division et porte ainsi une lourde responsabilit\u00e9 dans l\u2019impossibilit\u00e9 pour M\u00e9lenchon de figurer au deuxi\u00e8me tour. C\u2019est que Fabien Roussel consid\u00e8re que M\u00e9lenchon et LFI \u00ab bouffent \u00bb l\u2019espace vital de son parti. Ne voulant admettre bien s\u00fbr (il ne voudra probablement l\u2019admettre jamais) que la perte d\u2019audience du PCF est de la responsabilit\u00e9 de celui-ci, la cons\u00e9quence de ses reniements, la sanction de ses trahisons, le juste retour de sa perte d\u2019identit\u00e9, depuis quarante ans, il se cherche des responsables et croient les avoir trouv\u00e9s dans LFI. Alors il est pr\u00eat \u00e0 faire feu de tout bois pour r\u00e9duire l\u2019influence de cette formation, persuad\u00e9 de redonner ainsi du souffle \u00e0 la sienne. Ce faisant Fabien Roussel dans cette affaire n\u2019atteindra de la sorte qu\u2019un r\u00e9sultat se d\u00e9shonorer lui-m\u00eame et pr\u00e9cipiter la m\u00e9moire de son parti dans la fange.  3 &#8211; Les jaloux et les ambitieux :   C\u2019est une cons\u00e9quence des institutions actuelles et de l\u2019\u00e9lection du Pr\u00e9sident de la R\u00e9publique au suffrage universel, toutes les pr\u00e9occupations des \u00ab partis de gouvernement \u00bb sont tendues vers l\u2019horizon de cette prochaine \u00e9ch\u00e9ance. Or, Jean-Luc M\u00e9lenchon n\u2019est plus dans la premi\u00e8re jeunesse. Il aura 76 ans en 2027 ; Il n\u2019est certes pas tenu de sortir encore du \u00ab jeu politique \u00bb, mais il est normal qu\u2019il s\u2019y pr\u00e9pare tout de m\u00eame. On ne sort pas du chapeau comme cela un candidat qui fait le poids. Cela se pr\u00e9pare longtemps en avance. La succession de Jean-Luc est donc ouverte et quelques laur\u00e9ats se pressent au portillon, dispos\u00e9s \u00e0 marcher sur la t\u00eate de qui lui fait ombrage.  Dans cette cat\u00e9gorie il y a bien s\u00fbr tout d\u2019abord la tr\u00e8s bruyante Sandrine Rousseau, non, pas la femme mais l\u2019Erinye qui ne cache gu\u00e8re ses ambitions. Celle-ci n\u2019a pas de mots assez durs pour son coreligionnaire en politique et coll\u00e8gue parlementaire, et s\u2019affiche sur LCI avec un \u00ab violentom\u00e8tre \u00bb, un outil en carton pr\u00e9tendument de pr\u00e9vention et d\u2019\u00e9valuation des violences conjugales dont la fiabilit\u00e9 scientifique est \u00e0 peu pr\u00e8s du niveau de ce qu\u2019est le zodiaque pour prouver l\u2019existence de Dieu. Cette \u00ab hommephobe \u00bb est ravie de bousculer ainsi un individu du \u00ab genre \u00bb des m\u00e2les dominant \u00bb en m\u00eame temps qu\u2019un \u00ab mec \u00bb qui lui fait de l\u2019ombre. Le jeune et brillant d\u00e9put\u00e9 Quatennens \u00e9tant, nous l\u2019avons dit, un des mieux \u00e0 m\u00eame d\u2019assurer la rel\u00e8ve de Jean-Luc, le neutraliser c\u2019est augmenter ses propres chances.  Dans cette cat\u00e9gorie il y a aussi, le \u00ab doux \u00bb, \u00ab tranquille \u00bb et m\u00e9diatique Fran\u00e7ois Ruffin, le tr\u00e8s sympathique d\u00e9put\u00e9 de la Somme qui le 16 octobre prenait un bain de foule dans la rivi\u00e8re humaine qui d\u00e9valait le Faubourg Saint-Antoine, et multipliait les \u00ab Selfies \u00bb avec ses fans et ses \u00ab rufinettes \u00bb. Plus surprenant, lui aussi s\u2019est senti oblig\u00e9 de donner son coup de pied de l\u2019\u00e2ne, afin qu\u2019il ne se redresse pas, \u00e0 l\u2019homme bless\u00e9 d\u00e9j\u00e0 un genou \u00e0 terre. Lui aussi a de la sorte tir\u00e9 un coin du voile laissant entrevoir son ego surdimensionn\u00e9 et la force de l\u2019ambition qui le meut qui est souvent la cause de tous les reniements.  Mais au fond ? Car c\u2019est le fond qui compte pour qui veut comprendre, avant ou \u00e0 d\u00e9faut m\u00eame de juger.  C\u2019est quoi \u00ab la violence conjugale \u00bb ? Ce n\u2019est pas n\u00e9cessairement toujours la violence d\u2019un seul des bin\u00f4mes du couple. C\u2019est quelques fois et m\u00eame peut-\u00eatre souvent une \u00ab violence partag\u00e9e \u00bb. Il faut distinguer entre un homme ou une femme, eh oui \u00e7a existe, violente ou violant, et un d\u00e9rapage circonstanciel lors d\u2019une dispute conjugale. Alors certes les enrag\u00e9es du f\u00e9minisme s\u2019appuyant sur la recommandation des psychologues ont hiss\u00e9 en dogme la th\u00e9orie de la premi\u00e8re gifle. Lorsque celle-ci signale la d\u00e9rive violente d\u2019un individu (homme ou femme) bien entendu il serait de bon sens de s\u2019en \u00e9loigner imm\u00e9diatement. Mais cela ne doit pas cacher que les choses sont parfois plus complexes et qu\u2019un geste malencontreux dans certains contextes n\u2019est pas toujours la preuve d\u2019une violence chronique. On parle beaucoup en ce moment de \u00ab violences faites aux femmes \u00bb mais les violences faites aux hommes \u00e7a existent aussi. Les hommes s\u2019en \u00e9panchent peu et portent moins souvent plainte car l\u2019aveu de celles-ci rudoie leur \u00e9go, mais elles existent pourtant et probablement presque aussi nombreuses que celles faites aux femmes.  Que fait un homme qui re\u00e7oit des coups de sa compagne ? Il doit se maitriser, ne pas r\u00e9pondre par les m\u00eames voies. S\u2019il craque, s\u2019il porte un coup quelconque, une gifle, si elle porte plainte, l\u2019affaire sera entendue. Ce sera lui le compagnon violent. Personne n&rsquo;est dans l\u2019intimit\u00e9 d\u2019un couple. Nul ne connait le contexte qui conduit parfois un homme (ou une femme) \u00e0 donner une gifle \u00e0 son partenaire.   Adrien Quatennens a fait cela. Qu\u2019elles que soit les circonstances il a eu tort. Son \u00e9pouse a port\u00e9 plainte. Le mis en cause a reconnu les faits et a plaid\u00e9 coupable. La justice a statu\u00e9, elle a inflig\u00e9 une peine proportionn\u00e9e \u00e0 la connaissance qu\u2019elle a des faits et du contexte. Cette affaire doit finir l\u00e0.  Faut.il poursuivre \u00e9ternellement un homme condamn\u00e9 et d\u00e9j\u00e0 Humili\u00e9 par cet \u00e9talage m\u00e9diatique de sa vie priv\u00e9e ? faut-il aussi le briser politiquement ? Ceux qui souillent, insultent, condamne sans vraiment savoir, pr\u00e9textant d\u2019un \u00ab principe \u00bb \u00e9rig\u00e9 en dogme, mais en v\u00e9rit\u00e9 pour des motifs peu avouables, ne sont que des lyncheurs, de la pire esp\u00e8ce humaines, des personnes de mauvais aloi auxquelles il convient de n\u2019accorder aucune confiance.  Patrick Seignon. \u00ab lavoiedessansvoix.fr \u00bb Dimanche 18 d\u00e9cembre 2022.<\/p>\n","protected":false},"excerpt":{"rendered":"<p>D\u00c9FENSE D\u2019ADRIEN QUATENNENS Adrien Qiuatennens, d\u00e9put\u00e9 du Nord, a \u00e9t\u00e9 condamn\u00e9 \u00e0 quatre mois de prison avec sursis pour une [&hellip;]<\/p>\n","protected":false},"author":1,"featured_media":4054,"comment_status":"open","ping_status":"open","sticky":false,"template":"","format":"standard","meta":{"sfsi_plus_gutenberg_text_before_share":"","sfsi_plus_gutenberg_show_text_before_share":"","sfsi_plus_gutenberg_icon_type":"","sfsi_plus_gutenberg_icon_alignemt":"","sfsi_plus_gutenburg_max_per_row":"","site-sidebar-layout":"default","site-content-layout":"","ast-site-content-layout":"default","site-content-style":"default","site-sidebar-style":"default","ast-global-header-display":"","ast-banner-title-visibility":"","ast-main-header-display":"","ast-hfb-above-header-display":"","ast-hfb-below-header-display":"","ast-hfb-mobile-header-display":"","site-post-title":"","ast-breadcrumbs-content":"","ast-featured-img":"","footer-sml-layout":"","ast-disable-related-posts":"","theme-transparent-header-meta":"","adv-header-id-meta":"","stick-header-meta":"","header-above-stick-meta":"","header-main-stick-meta":"","header-below-stick-meta":"","astra-migrate-meta-layouts":"default","ast-page-background-enabled":"default","ast-page-background-meta":{"desktop":{"background-color":"var(--ast-global-color-4)","background-image":"","background-repeat":"repeat","background-position":"center center","background-size":"auto","background-attachment":"scroll","background-type":"","background-media":"","overlay-type":"","overlay-color":"","overlay-opacity":"","overlay-gradient":""},"tablet":{"background-color":"","background-image":"","background-repeat":"repeat","background-position":"center center","background-size":"auto","background-attachment":"scroll","background-type":"","background-media":"","overlay-type":"","overlay-color":"","overlay-opacity":"","overlay-gradient":""},"mobile":{"background-color":"","background-image":"","background-repeat":"repeat","background-position":"center center","background-size":"auto","background-attachment":"scroll","background-type":"","background-media":"","overlay-type":"","overlay-color":"","overlay-opacity":"","overlay-gradient":""}},"ast-content-background-meta":{"desktop":{"background-color":"var(--ast-global-color-5)","background-image":"","background-repeat":"repeat","background-position":"center center","background-size":"auto","background-attachment":"scroll","background-type":"","background-media":"","overlay-type":"","overlay-color":"","overlay-opacity":"","overlay-gradient":""},"tablet":{"background-color":"var(--ast-global-color-5)","background-image":"","background-repeat":"repeat","background-position":"center center","background-size":"auto","background-attachment":"scroll","background-type":"","background-media":"","overlay-type":"","overlay-color":"","overlay-opacity":"","overlay-gradient":""},"mobile":{"background-color":"var(--ast-global-color-5)","background-image":"","background-repeat":"repeat","background-position":"center center","background-size":"auto","background-attachment":"scroll","background-type":"","background-media":"","overlay-type":"","overlay-color":"","overlay-opacity":"","overlay-gradient":""}},"footnotes":""},"categories":[16],"tags":[],"class_list":["post-473","post","type-post","status-publish","format-standard","has-post-thumbnail","hentry","category-archives-cms"],"_links":{"self":[{"href":"https:\/\/lavoiedessansvoix.fr\/lavoie\/wp-json\/wp\/v2\/posts\/473","targetHints":{"allow":["GET"]}}],"collection":[{"href":"https:\/\/lavoiedessansvoix.fr\/lavoie\/wp-json\/wp\/v2\/posts"}],"about":[{"href":"https:\/\/lavoiedessansvoix.fr\/lavoie\/wp-json\/wp\/v2\/types\/post"}],"author":[{"embeddable":true,"href":"https:\/\/lavoiedessansvoix.fr\/lavoie\/wp-json\/wp\/v2\/users\/1"}],"replies":[{"embeddable":true,"href":"https:\/\/lavoiedessansvoix.fr\/lavoie\/wp-json\/wp\/v2\/comments?post=473"}],"version-history":[{"count":1,"href":"https:\/\/lavoiedessansvoix.fr\/lavoie\/wp-json\/wp\/v2\/posts\/473\/revisions"}],"predecessor-version":[{"id":2965,"href":"https:\/\/lavoiedessansvoix.fr\/lavoie\/wp-json\/wp\/v2\/posts\/473\/revisions\/2965"}],"wp:featuredmedia":[{"embeddable":true,"href":"https:\/\/lavoiedessansvoix.fr\/lavoie\/wp-json\/wp\/v2\/media\/4054"}],"wp:attachment":[{"href":"https:\/\/lavoiedessansvoix.fr\/lavoie\/wp-json\/wp\/v2\/media?parent=473"}],"wp:term":[{"taxonomy":"category","embeddable":true,"href":"https:\/\/lavoiedessansvoix.fr\/lavoie\/wp-json\/wp\/v2\/categories?post=473"},{"taxonomy":"post_tag","embeddable":true,"href":"https:\/\/lavoiedessansvoix.fr\/lavoie\/wp-json\/wp\/v2\/tags?post=473"}],"curies":[{"name":"wp","href":"https:\/\/api.w.org\/{rel}","templated":true}]}}