{"id":472,"date":"2023-01-05T03:43:00","date_gmt":"2023-01-05T02:43:00","guid":{"rendered":"https:\/\/lavoiedessansvoix.fr\/lavoie\/2023\/01\/05\/archive-j-ai-signe-la-petition-pour-la-liberation-immediate-du-capitaine-alexandre-juvin\/"},"modified":"2026-04-26T20:36:13","modified_gmt":"2026-04-26T18:36:13","slug":"archive-j-ai-signe-la-petition-pour-la-liberation-immediate-du-capitaine-alexandre-juvin","status":"publish","type":"post","link":"https:\/\/lavoiedessansvoix.fr\/lavoie\/2023\/01\/05\/archive-j-ai-signe-la-petition-pour-la-liberation-immediate-du-capitaine-alexandre-juvin\/","title":{"rendered":"J\u2019ai sign\u00e9 la p\u00e9tition pour la  LIBERATION IMMEDIATE DU CAPITAINE ALEXANDRE JUVING BRUNET"},"content":{"rendered":"<p>J\u2019ai sign\u00e9 la p\u00e9tition pour la   LIBERATION IMMEDIATE DU CAPITAINE ALEXANDRE JUVING BRUNET   (Sur \u00ab Change org. \u00bb)   ET VOUS INVITE A EN FAIRE TOUT AUTANT  Et voil\u00e0 le commentaire que j\u2019y ai laiss\u00e9 :  \u00ab Cette affaire de monnaie parall\u00e8le et les motivations abusives de la mise en d\u00e9tention d\u2019Alexandre Juving Brunet ne sont en v\u00e9rit\u00e9 que pr\u00e9textes. Il s\u2019agit pour le pouvoir de neutraliser un opposant auquel il pardonne d\u2019autant moins son engagement contestataire que, Saint-Cyrien et ex-capitaine de gendarmerie, il le consid\u00e8re comme un \u00ab apostat \u00bb qui n\u2019aurait jamais d\u00fb d\u00e9fendre autre chose que \u00ab l\u2019Ordre existant \u00bb.Alexandre Juving Brunet, prisonnier politique, est une victime de la d\u00e9rive autoritaire du pouvoir macronnien qui ne supporte pas la contestation. Si nous laissons faire apr\u00e8s lui il y en aura d\u2019autres, et \u00ab il n\u2019y aurait peut-\u00eatre plus personne pour protester lorsque notre tour viendrait \u00bb.C\u2019est pourquoi, quand bien m\u00eame nous ne partageons pas, la culture ni les options et choix politiques d\u2019Alexandre Juving Brunet, c\u2019est un devoir \u00e0 tout \u00ab citoyen libre \u00bb d\u2019exiger sa remise en libert\u00e9 imm\u00e9diate \u00bb.  Patrick Seignon. \u00ab lavoiedessansvoix.fr. Jeudi 5 Janvier 2023.PS) Pour signer cette p\u00e9tition frapper simplement cette \u00e9nonc\u00e9e: \u00ab\u00a0LIBERATION IMMEDIATE DU CAPITAINE ALEXANDRE JUVING BRUNET \u00a0\u00bb dans \u00ab\u00a0Google\u00a0\u00bb &lsquo;ou un autre moteur de recherche.<\/p>\n","protected":false},"excerpt":{"rendered":"<p>J\u2019ai sign\u00e9 la p\u00e9tition pour la LIBERATION IMMEDIATE DU CAPITAINE ALEXANDRE JUVING BRUNET (Sur \u00ab Change org. \u00bb) ET VOUS [&hellip;]<\/p>\n","protected":false},"author":1,"featured_media":4053,"comment_status":"open","ping_status":"open","sticky":false,"template":"","format":"standard","meta":{"sfsi_plus_gutenberg_text_before_share":"","sfsi_plus_gutenberg_show_text_before_share":"","sfsi_plus_gutenberg_icon_type":"","sfsi_plus_gutenberg_icon_alignemt":"","sfsi_plus_gutenburg_max_per_row":"","site-sidebar-layout":"default","site-content-layout":"","ast-site-content-layout":"default","site-content-style":"default","site-sidebar-style":"default","ast-global-header-display":"","ast-banner-title-visibility":"","ast-main-header-display":"","ast-hfb-above-header-display":"","ast-hfb-below-header-display":"","ast-hfb-mobile-header-display":"","site-post-title":"","ast-breadcrumbs-content":"","ast-featured-img":"","footer-sml-layout":"","ast-disable-related-posts":"","theme-transparent-header-meta":"","adv-header-id-meta":"","stick-header-meta":"","header-above-stick-meta":"","header-main-stick-meta":"","header-below-stick-meta":"","astra-migrate-meta-layouts":"default","ast-page-background-enabled":"default","ast-page-background-meta":{"desktop":{"background-color":"var(--ast-global-color-4)","background-image":"","background-repeat":"repeat","background-position":"center center","background-size":"auto","background-attachment":"scroll","background-type":"","background-media":"","overlay-type":"","overlay-color":"","overlay-opacity":"","overlay-gradient":""},"tablet":{"background-color":"","background-image":"","background-repeat":"repeat","background-position":"center center","background-size":"auto","background-attachment":"scroll","background-type":"","background-media":"","overlay-type":"","overlay-color":"","overlay-opacity":"","overlay-gradient":""},"mobile":{"background-color":"","background-image":"","background-repeat":"repeat","background-position":"center center","background-size":"auto","background-attachment":"scroll","background-type":"","background-media":"","overlay-type":"","overlay-color":"","overlay-opacity":"","overlay-gradient":""}},"ast-content-background-meta":{"desktop":{"background-color":"var(--ast-global-color-5)","background-image":"","background-repeat":"repeat","background-position":"center center","background-size":"auto","background-attachment":"scroll","background-type":"","background-media":"","overlay-type":"","overlay-color":"","overlay-opacity":"","overlay-gradient":""},"tablet":{"background-color":"var(--ast-global-color-5)","background-image":"","background-repeat":"repeat","background-position":"center center","background-size":"auto","background-attachment":"scroll","background-type":"","background-media":"","overlay-type":"","overlay-color":"","overlay-opacity":"","overlay-gradient":""},"mobile":{"background-color":"var(--ast-global-color-5)","background-image":"","background-repeat":"repeat","background-position":"center center","background-size":"auto","background-attachment":"scroll","background-type":"","background-media":"","overlay-type":"","overlay-color":"","overlay-opacity":"","overlay-gradient":""}},"footnotes":""},"categories":[16],"tags":[],"class_list":["post-472","post","type-post","status-publish","format-standard","has-post-thumbnail","hentry","category-archives-cms"],"_links":{"self":[{"href":"https:\/\/lavoiedessansvoix.fr\/lavoie\/wp-json\/wp\/v2\/posts\/472","targetHints":{"allow":["GET"]}}],"collection":[{"href":"https:\/\/lavoiedessansvoix.fr\/lavoie\/wp-json\/wp\/v2\/posts"}],"about":[{"href":"https:\/\/lavoiedessansvoix.fr\/lavoie\/wp-json\/wp\/v2\/types\/post"}],"author":[{"embeddable":true,"href":"https:\/\/lavoiedessansvoix.fr\/lavoie\/wp-json\/wp\/v2\/users\/1"}],"replies":[{"embeddable":true,"href":"https:\/\/lavoiedessansvoix.fr\/lavoie\/wp-json\/wp\/v2\/comments?post=472"}],"version-history":[{"count":1,"href":"https:\/\/lavoiedessansvoix.fr\/lavoie\/wp-json\/wp\/v2\/posts\/472\/revisions"}],"predecessor-version":[{"id":2963,"href":"https:\/\/lavoiedessansvoix.fr\/lavoie\/wp-json\/wp\/v2\/posts\/472\/revisions\/2963"}],"wp:featuredmedia":[{"embeddable":true,"href":"https:\/\/lavoiedessansvoix.fr\/lavoie\/wp-json\/wp\/v2\/media\/4053"}],"wp:attachment":[{"href":"https:\/\/lavoiedessansvoix.fr\/lavoie\/wp-json\/wp\/v2\/media?parent=472"}],"wp:term":[{"taxonomy":"category","embeddable":true,"href":"https:\/\/lavoiedessansvoix.fr\/lavoie\/wp-json\/wp\/v2\/categories?post=472"},{"taxonomy":"post_tag","embeddable":true,"href":"https:\/\/lavoiedessansvoix.fr\/lavoie\/wp-json\/wp\/v2\/tags?post=472"}],"curies":[{"name":"wp","href":"https:\/\/api.w.org\/{rel}","templated":true}]}}