{"id":471,"date":"2023-01-22T02:12:00","date_gmt":"2023-01-22T01:12:00","guid":{"rendered":"https:\/\/lavoiedessansvoix.fr\/lavoie\/2023\/01\/22\/archive-surmortalite-en-france-le-vaccin-n-y-est-pour-rien\/"},"modified":"2026-04-26T20:36:03","modified_gmt":"2026-04-26T18:36:03","slug":"archive-surmortalite-en-france-le-vaccin-n-y-est-pour-rien","status":"publish","type":"post","link":"https:\/\/lavoiedessansvoix.fr\/lavoie\/2023\/01\/22\/archive-surmortalite-en-france-le-vaccin-n-y-est-pour-rien\/","title":{"rendered":"SURMORTALIT\u00c9 EN FRANCE, LE VACCIN N\u2019Y EST POUR RIEN ?"},"content":{"rendered":"<p>SURMORTALIT\u00c9 EN FRANCE,LE VACCIN N\u2019Y EST POUR RIEN ?\u00c7a y est, les chiffres commencent \u00e0 arriver. Il y a bien eu une SUR-mortalit\u00e9 en France en 2022 comme en 2021. Et comme de bien entendu les sceptiques de la vaccination anti-covid sont persuad\u00e9s que celle-ci en est la cause. Que nenni ! Une cohorte de scientifique v\u00e9naux de m\u00e9dias \u00e0 la solde et de d\u00e9cideurs politiques toujours aussi \u00ab responsables mais jamais coupables \u00bb, montent aux cr\u00e9neaux pour d\u00e9mentir ces \u00ab vilains complotistes \u00bb et d\u00e9montrer mille preuves \u00e0 l\u2019appui que cette surmortalit\u00e9 n\u2019a rien \u00e0 voir, mais alors absolument rien, avec la campagne de \u00ab piquouzage \u00bb \u00e0 l\u2019ARN.Ils trouvent toutes sorte d\u2019explications : la grippe, la persistance de l\u2019\u00e9pid\u00e9mie de covid, la canicule, le vieillissement de la population, etc\u2026.C\u2019est le cas de l\u2019article que nous publions, pour l\u2019exemple et en annexe, dont les embrouillaminis ont servis \u00e0 \u00e9clairer (par contraste) le propos du pr\u00e9sent article.Il n\u2019y a pas de preuves. Il est en effet impossible de prouver la responsabilit\u00e9 de la vaccination dans la \u00ab surmortalit\u00e9 et ceux qui pr\u00e9tendent le faire ont n\u00e9cessairement tort. Tenez, un de mes voisin qui n\u2019avait aucun ant\u00e9c\u00e9dent est mort d\u2019une crise cardiaque sur un terrain de tennis \u00e0 l\u2019\u00e2ge de 80 ans, un mois apr\u00e8s sa premi\u00e8re dose. Je connaissais l\u2019homme, il n\u2019\u00e9tait ni grand, ni ob\u00e8se, plut\u00f4t sec, il fut de tout temps tr\u00e8s actif. Pour moi il ne fait pas de moindre doute que cet homme qui devait vivre au moins jusqu\u2019\u00e0 quatre-vingt-dix ans est une victime de la vaccination anticovid. C\u2019est mon intime conviction, mais je n\u2019en ai ni n\u2019en aurait jamais aucune preuve. Le tennis est un sport physiquement violent, il avait quatre-vingt ans, vaccin\u00e9 ou pas ne pouvait-il pas faire un accident cardiaque sur un effort violent ? Cette possibilit\u00e9 existe en effet. C\u2019est une hypoth\u00e8se non une preuve. Je pense que le vaccin l\u2019a tu\u00e9, je ne peux pas le prouver. Ils affirment que le vaccin n\u2019y est pour rien ils n\u2019en ont pas plus de preuves que moi.Premi\u00e8re incoh\u00e9rence. Surtout quand les \u00e9l\u00e9ments de preuve sont dissimul\u00e9es. Mort violente hors de chez soi mon voisin a \u00e9t\u00e9 autopsi\u00e9 et la cause de son d\u00e9c\u00e8s clairement \u00e9tablie : \u00ab crise cardiaque \u00bb. Pas de doute. &#8211; De quoi discutez-vous ? &#8211; M\u2019sieur la crise cardiaque qu\u2019elle en est la cause, le tennis et l\u2019\u00e2ge ou le vaccin ? Il \u00e9tait sur un terrain de tennis avec ses quatre-vingt ans, que voulez-vous de plus. Le possible impact du vaccin a-t-il \u00e9t\u00e9 \u00e9tudi\u00e9 ou seulement envisag\u00e9 ? Mon voisin a \u00e9t\u00e9 incin\u00e9r\u00e9. Les preuves s\u2019il y en avait sont parties en fum\u00e9es. \u00ab De profundis \u00bb. Mais il y a plus grave car plus g\u00e9n\u00e9ral en mati\u00e8re de dissimulation. On nous donne des chiffres, des graphiques, des comparaisons, des donn\u00e9es multiples mais le statut vaccinal des personnes d\u00e9c\u00e9d\u00e9es n\u2019est pas pris en compte. Comment d\u00e8s lors s\u2019arroger le droit de donner un avis sur l\u2019impact de celui-ci qui n\u2019a pas m\u00eame \u00e9t\u00e9 mis s\u00e9rieusement \u00e0 l\u2019\u00e9tude ?Deuxi\u00e8me incoh\u00e9rence. La canicule. Celle-ci aurait fait l\u2019\u00e9t\u00e9 pass\u00e9, des d\u00e9g\u00e2ts dans toute l\u2019Europe et contribuerait ainsi \u00e0 cette hausse de la mortalit\u00e9. Mais il y a un \u00ab hic \u00bb, ou \u00ab un os dans le potage \u00bb, comme vous voudrez, en Islande ou les temp\u00e9ratures n\u2019ont pas d\u00e9pass\u00e9 les 16 ou 18 degr\u00e9s il y a eu durant la m\u00eame p\u00e9riode une surmortalit\u00e9 plus grande encore (en pourcentage) que dans le reste de l\u2019Europe. Alors, \u00ab les pieds pris dans le tapis \u00bb nos scientifiques, statisticiens et \u00e9ditorialistes ; ce sont accroch\u00e9s \u00e0 n\u2019importe quel  arguments, tordus fussent-ils, afin de ne pas paraitre s\u2019\u00e9taler lamentablement. Les chiffres seraient faux \u00e0 l\u2019origine ramenant la hausse de 55 \u00e0 35 %, puis la m\u00e9thode des rapporteurs serait statistiquement fausse ramenant le chiffre de 35 \u00e0 15 %. Bon, 15 % ce sont-ils dit ce n\u2019est point tant si \u00e9norme, l\u2019opinion va avaler. Une couleuvre grosse ou petite c\u2019est toujours une couleuvre. 15 % de d\u00e9c\u00e8s suppl\u00e9mentaire d\u00fb \u00e0 la canicule dans un pays o\u00f9 il n\u2019y a jamais de canicule, c\u2019est toujours trop. Il faudrait trouver une autre explication. Mais justement d\u2019autre explication il n\u2019y en a pas. Sauf \u00e0 repenser \u00e0 la vaccination anti-covid.Mais cela va plus loin encore. Si la canicule n\u2019explique pas la \u00ab surmortalit\u00e9 en Islande \u00bb est-il bien s\u00fbr qu\u2019elle soit la bonne explication de la surmortalit\u00e9 en Europe ?(Je fais en apart\u00e9 un article sp\u00e9cifique sur cette question, que je publierai \u00e0 la suite de celui-ci, et qui s\u2019intitule : \u00ab les pieds dans le tapis \u00bb.)Troisi\u00e8me incoh\u00e9rence. Il faut bien mourir de quelque chose. Chaque ann\u00e9e des gens meurent du cancer, d\u2019AVC, d\u2019arr\u00eat cardiaque, de la grippe, de fausse route, de covid, de bronchiolite, de cirrhoses, d\u2019accidents, d\u2019assassinats, de peur, de froid, de solitude,  et m\u00eame de col\u00e8re. Toute ces causes s\u2019ajoutent pour constituer \u00ab la mortalit\u00e9 g\u00e9n\u00e9rale \u00bb mais aucune d\u2019elle ne constitue en soi, sauf exception, une cause de \u00ab surmortalit\u00e9 \u00bb. La grippe, la persistance de l\u2019\u00e9pid\u00e9mie de covid, la bronchiolite, ne sont pas en soi des explications d\u2019une quelconque surmortalit\u00e9 sauf \u00e0 prouver qu\u2019elles ont \u00e9t\u00e9 particuli\u00e8rement virulente et fait v\u00e9ritablement plus de d\u00e9g\u00e2ts que les ann\u00e9es pr\u00e9c\u00e9dentes. Evoquer leur existence et leur impact sur la mortalit\u00e9 g\u00e9n\u00e9rale ne suffit pas \u00e0 d\u00e9montrer qu\u2019elles aient une quelconque responsabilit\u00e9 dans la \u00ab surmortalit\u00e9 \u00bb.Quatri\u00e8me incoh\u00e9rence ; Le vieillissement de la population. Bon, on a entendu dire r\u00e9cemment que l\u2019allongement de l\u2019esp\u00e9rance de vie s\u2019\u00e9tait invers\u00e9, ce qui devrait logiquement amortir cette tendance au vieillissement de la population. Mais admettons tout de m\u00eame, la population vieillit. La mortalit\u00e9 de 2020 d\u00fb \u00e0 la crise covid a effac\u00e9 un grand nombre de vieillards cacochymes et de personnes fragilis\u00e9es par des comorbidit\u00e9s. Un \u00ab nettoyage \u00bb en quelque sorte, pour le dire en des termes atroces de nature \u00e0 choquer notre humanit\u00e9.  Mais celui-ci ayant eu lieu en 2020, bien qu\u2019il restent encore en 2021 et 2022 des vieillards cacochymes et des grands ob\u00e8ses, la tendance g\u00e9n\u00e9rale aurait d\u00fb \u00eatre au tassement de la mortalit\u00e9 dans ces cat\u00e9gories et non pas l\u2019explication d\u2019une quelconque surmortalit\u00e9.\u2026\u2026\u2026\u2026\u2026\u2026\u2026\u2026\u2026\u2026\u2026\u2026\u2026\u2026\u2026..Conclusion :Certes les d\u00e9tracteurs de la campagne vaccinale anti covid, peinent \u00e0 apporter des preuves intangibles pour confirmer leurs th\u00e8ses. D\u2019autant plus qu\u2019ils ne sont pas maitre des donn\u00e9es statistiques (ni des m\u00e9thodes de recueil, ni de celles de leur traitement). et que celles-existantes sont incompl\u00e8tes ou qu\u2019elles occultent carr\u00e9ment (peut-\u00eatre m\u00eame sciemment) une partie de la r\u00e9alit\u00e9.Mais les donneurs de le\u00e7on des gouvernements, Les empoisonneurs d\u00e9guis\u00e9s en \u00ab d\u00e9sintoxiqueurs \u00bb, ceux qui s\u2019arrogent le monopole de la \u00ab v\u00e9rit\u00e9 \u00bb scientifique, les m\u00e9dias qui alignent les arguments pour contredire \u00ab ces vilains complotistes, ne parviennent eux-m\u00eames \u00e0 faire qu\u2019une seule preuve, celle qu\u2019il n\u2019ont pas de preuves \u00e0 l\u2019appui de leur th\u00e8ses.Dans ce cas l\u2019humilit\u00e9 voudrait qu\u2019ils se taisent.Patrick Seignon. \u00ab lavoiedessansvoix.fr \u00bb. Vendredi 20 janvier 2023. (Publi\u00e9 dimanche 22 janvier 2023).ANNEXE :attribu\u00e9e aux vaccins anti-CovidLa surmortalit\u00e9 en France en 2022 n&rsquo;est pasGa\u00eblle GEOFFROY, AFP Francemar. 17 janvier 2023 \u00e0 4:36 PM UTC+1B]L&rsquo;ann\u00e9e 2022 a \u00e9t\u00e9 marqu\u00e9e en France par une surmortalit\u00e9 dans la population, c&rsquo;est-\u00e0-dire qu&rsquo;il y a eu plus de d\u00e9c\u00e8s qu&rsquo;attendu. De nombreux internautes affirment pourtant que le ph\u00e9nom\u00e8ne serait d\u00fb aux vaccins contre le Covid alors qu&rsquo;aucune preuve scientifique ne vient \u00e9tayer un quelconque lien de causalit\u00e9 entre vaccins et surmortalit\u00e9. La grippe, le Covid, la canicule et le vieillissement de la population, qui aboutit \u00e0 une augmentation du nombre de personnes fragiles, font partie des \u00e9l\u00e9ments cit\u00e9s par les experts, dont l&rsquo;Insee, pour expliquer ce surcro\u00eet de mortalit\u00e9.De nombreuses publications sur Twitter relay\u00e9es plusieurs centaines de fois depuis fin 2022 affirment, ou sous-entendent, parfois sans prononcer le mot vaccin mais en utilisant des \u00e9motic\u00f4nes &lsquo;seringues&rsquo;, qu&rsquo;une surmortalit\u00e9 ces derniers mois en France serait provoqu\u00e9e par les vaccins contre le Covid-19: Capture d&rsquo;\u00e9cran d&rsquo;un tweet r\u00e9alis\u00e9e le 10 janvier 2023 Capture d&rsquo;\u00e9cran d&rsquo;un tweet r\u00e9alis\u00e9e le 10 janvier 2023  Le pr\u00e9sident des Patriotes Florian Philippot a aussi relay\u00e9 ces all\u00e9gations dans ce tweet.Sur Facebook, les posts parfois peu relay\u00e9s individuellement, sont \u00e9galement tr\u00e8s nombreux. Capture d&rsquo;\u00e9cran r\u00e9alis\u00e9e le 17 janvier 2023La th\u00e9orie selon laquelle les vaccins contre le Covid seraient dangereux est virale sur les r\u00e9seaux sociaux depuis les premi\u00e8res injections fin 2020. Depuis quelques mois, s&rsquo;est ajout\u00e9e l&rsquo;id\u00e9e que les vaccins provoqueraient m\u00eame des \u00ab\u00a0morts subites\u00a0\u00bb inexpliqu\u00e9es, ce que de nombreux m\u00e9decins ont r\u00e9fut\u00e9.La th\u00e9orie d&rsquo;une pr\u00e9tendue \u00e9pid\u00e9mie de morts subites a m\u00eame connu un regain de succ\u00e8s avec la sortie \u00e0 l&rsquo;automne 2022 sur des plateformes vid\u00e9o d&rsquo;un \u00ab\u00a0documentaire\u00a0\u00bb intitul\u00e9 \u00ab\u00a0Died suddenly\u00a0\u00bb, qui reprenait toutes les all\u00e9gations de morts subites qui seraient provoqu\u00e9es par ces vaccins. L&rsquo;AFP a \u00e9crit \u00e0 cette occasion un article de v\u00e9rification qui d\u00e9montre l&rsquo;inexactitude de ces affirmations.En France, d\u00e9but janvier, de nombreux internautes se sont saisis d&rsquo;un reportage de RMC\/BFMTV dans des cr\u00e9matoriums, dont l&rsquo;activit\u00e9 atteignait alors, \u00ab\u00a0pour certains\u00a0\u00bb, un niveau \u00ab\u00a0in\u00e9dit\u00a0\u00bb, selon le descriptif de la cha\u00eene sur son site internet.On entend dans le reportage notamment un g\u00e9rant d&rsquo;un cr\u00e9matorium en Loire-Atlantique affirmer n&rsquo;avoir \u00ab\u00a0jamais vu \u00e7a (\u2026) En dix ans, c&rsquo;est la premi\u00e8re fois qu&rsquo;on a un pic aussi important\u00a0\u00bb de d\u00e9c\u00e8s. Des propos qui peuvent laisser penser que la situation serait pire encore que lors des premi\u00e8res vagues de la pand\u00e9mie de Covid en 2020, o\u00f9 les morts de la maladie se comptaient chaque jour par centaines sur l&rsquo;ensemble de la France.De nombreux relais de rh\u00e9torique anti-vaccinale sur Twitter et Facebook se sont imm\u00e9diatement empar\u00e9s de ce reportage, liant la hausse de l&rsquo;activit\u00e9 de ce cr\u00e9matorium aux vaccins.Pourtant, RMC mentionne bien comme \u00e9l\u00e9ments d&rsquo;explication la grippe et les \u00ab\u00a0h\u00f4pitaux encombr\u00e9s\u00a0\u00bb, ainsi que des \u00ab\u00a0tensions\u00a0\u00bb en mati\u00e8re de recrutement de personnels.\u00a0\u00bbP\u00e9riode aigu\u00eb\u00a0\u00bbContact\u00e9 par l&rsquo;AFP le 11 janvier 2023, Gautier Caton, porte-parole de la Conf\u00e9d\u00e9ration des Professionnels du Fun\u00e9raire et de la Marbrerie (CPFM), a confirm\u00e9 que la profession devait g\u00e9rer depuis la fin d\u00e9cembre 2022 un nombre \u00e9lev\u00e9 de d\u00e9c\u00e8s: \u00ab\u00a0les retours que nous avons montrent que nous sommes dans une p\u00e9riode aigu\u00eb\u00a0\u00bb, a-t-il expliqu\u00e9. Mais il s&rsquo;agit d'\u00a0\u00bbune phase normale d&rsquo;une p\u00e9riode de surmortalit\u00e9\u00a0\u00bb, a-t-il assur\u00e9.A la question de savoir pourquoi le g\u00e9rant de pompes fun\u00e8bres \u00e0 Nantes dans le reportage de RMC\/BFMTV parlait d&rsquo;une situation in\u00e9dite, M. Caton a fait remarquer que les Pays-de-la-Loire avaient \u00e9t\u00e9 moins touch\u00e9s par les premi\u00e8res vagues tr\u00e8s meurtri\u00e8res du Covid en 2020 que les r\u00e9gions parisiennes ou de l&rsquo;Est de la France, et pourraient effectivement rencontrer pendant l&rsquo;hiver 2022-2023 une situation plus tendue qu&rsquo;en 2020.\u00a0\u00bbHistoriquement, il y a des cycles de d\u00e9c\u00e8s en France, avec plus de d\u00e9c\u00e8s de novembre \u00e0 mars\u00a0\u00bb en raison des \u00ab\u00a0pics \u00e9pid\u00e9miques\u00a0\u00bb, notamment de la grippe, a-t-il ajout\u00e9. De plus, la part des personnes \u00e2g\u00e9es dans la population fran\u00e7aise ne cesse de cro\u00eetre, et actuellement, \u00ab\u00a0les d\u00e9c\u00e8s sont principalement ceux de gens tr\u00e8s \u00e2g\u00e9s\u00a0\u00bb, a-t-il soulign\u00e9.Cet hiver 2022-2023 a surtout ceci de particulier selon lui que l&rsquo;\u00e9pid\u00e9mie de grippe a explos\u00e9 peu avant les f\u00eates de fin d&rsquo;ann\u00e9e, une p\u00e9riode qui a compliqu\u00e9 la gestion des cr\u00e9mations puisque les salari\u00e9s du secteur \u00e9taient nombreux \u00e0 \u00eatre en cong\u00e9s \u00e0 ce moment-l\u00e0.Or la profession, qui demande des comp\u00e9tences et une formation particuli\u00e8res en mati\u00e8re de relations humaines, se caract\u00e9rise par le fait que \u00ab\u00a0nous ne faisons pas appel aux ressources int\u00e9rimaires\u00a0\u00bb, a encore expliqu\u00e9 Gautier Caton.Plus d&rsquo;activit\u00e9, des salari\u00e9s en cong\u00e9s; r\u00e9sultat: trouver des places dans les fun\u00e9rariums pouvait s&rsquo;av\u00e9rer compliqu\u00e9 dans cette p\u00e9riode et les d\u00e9lais de cr\u00e9mation se sont donc dans certaines communes allong\u00e9s, jusqu&rsquo;\u00e0 \u00ab\u00a012, 14 jours, voire 20 jours\u00a0\u00bb. Mais \u00ab\u00a0certaines familles pr\u00e9f\u00e8rent aussi attendre et ne pas voir le d\u00e9funt \u00eatre transport\u00e9 \u00e0 50 km\u00a0\u00bb dans un cr\u00e9matorium qui aurait de la place, ce qui rallonge d&rsquo;autant son d\u00e9lai d&rsquo;attente, a pr\u00e9cis\u00e9 M. Caton, par ailleurs directeur g\u00e9n\u00e9ral d&rsquo;une entreprise de pompes fun\u00e8bres \u00e0 Orl\u00e9ans (Loiret).Pas de lien entre vaccins anti-Covid et d\u00e9c\u00e8sLes campagnes de vaccination s&rsquo;accompagnent d&rsquo;une surveillance des effets secondaires. En France, l&rsquo;Autorit\u00e9 de s\u00e9curit\u00e9 du m\u00e9dicament (ANSM) publie r\u00e9guli\u00e8rement ses donn\u00e9es de pharmacovigilance. Elles n&rsquo;ont pas \u00e9tabli de lien causal entre vagues de d\u00e9c\u00e8s et vaccin Covid.Au contraire, \u00e9tudes scientifiques et campagnes de vaccination en vie r\u00e9elle ont en outre montr\u00e9 l&rsquo;efficacit\u00e9 des vaccins contre les formes grave et les d\u00e9c\u00e8s, m\u00eame si cette protection diminue avec le temps, l&rsquo;\u00e2ge et l&rsquo;\u00e9tat de sant\u00e9 du vaccin\u00e9 et les diff\u00e9rents variants apparus depuis le d\u00e9but de la pand\u00e9mie.Une \u00e9tude de l&rsquo;Imperial College of London publi\u00e9e le 22 juin 2022 a \u00e9valu\u00e9 \u00e0 19,8 millions le nombre de d\u00e9c\u00e8s \u00e9vit\u00e9s dans 185 pays sur une ann\u00e9e, entre le 8 d\u00e9cembre 2020 et le 8 d\u00e9cembre 2021, gr\u00e2ce \u00e0 la vaccination contre le Covid.L&rsquo;AFP a \u00e9crit de nombreux articles de v\u00e9rification sur ce sujet, en interrogeant de nombreux chercheurs et autorit\u00e9s de sant\u00e9, en France et \u00e0 l&rsquo;\u00e9tranger, comme ici, ici, ici ou encore ici.Il y a bien eu une surmortalit\u00e9 en 2022La surmortalit\u00e9 se d\u00e9finit par un exc\u00e8s de d\u00e9c\u00e8s observ\u00e9 par rapport \u00e0 ce qui \u00e9tait attendu \u00e0 partir des statistiques d\u2019\u00e9tat civil et des estimations de population, qui sont r\u00e9alis\u00e9es en France par l&rsquo;Institut national de la statistique et des \u00e9tudes \u00e9conomiques (Insee).\u00a0\u00bbIl y a des choses nettes: le niveau de d\u00e9c\u00e8s est \u00e9lev\u00e9, il n&rsquo;y a aucun doute l\u00e0-dessus\u00a0\u00bb, a constat\u00e9 Sylvie Le Minez, responsable de l\u2019unit\u00e9 des \u00e9tudes d\u00e9mographiques et sociales \u00e0 l&rsquo;Insee dans un entretien avec l&rsquo;AFP le 11 janvier 2023.Les chiffres d\u00e9voil\u00e9s le 16 janvier par l&rsquo;institut, qui sont des chiffres arr\u00eat\u00e9s \u00e0 fin novembre 2022, confirment ce haut niveau de d\u00e9c\u00e8s et une surmortalit\u00e9. Elle est \u00e9valu\u00e9e \u00e0 46.000 d\u00e9c\u00e8s toutes causes confondues, c&rsquo;est-\u00e0-dire que la France a connu 46.000 d\u00e9c\u00e8s de plus que ce qui \u00e9tait attendu dans les projections.Cette surmortalit\u00e9 avait \u00e9t\u00e9 \u00e9valu\u00e9e \u00e0 48.000 en 2020.En 2021, la surmortalit\u00e9 avait \u00e9t\u00e9 \u00e9tablie \u00e0 43.000 d\u00e9c\u00e8s, \u00ab\u00a0malgr\u00e9 les effets positifs de la campagne de vaccination\u00a0\u00bb contre le Covid, indique l&rsquo;Insee, et \u00e0 56.000 en 2020 apr\u00e8s les tr\u00e8s fortes premi\u00e8res vagues du Covid.Au total, il y a eu 667.000 d\u00e9c\u00e8s toutes causes confondues en 2022 en France, \u00ab\u00a0soit +0,8% par rapport \u00e0 2021 et -0,3% par rapport \u00e0 2020\u00a0\u00bb, qui avait pr\u00e9sent\u00e9 en raison du Covid un nombre de d\u00e9c\u00e8s jamais-vu depuis 70 ans.Ce total de 667.000 d\u00e9c\u00e8s en repr\u00e9sente \u00ab\u00a05.000 de plus qu&rsquo;en 2021 et 2.000 de moins qu&rsquo;en 2020 (\u2026), et nettement plus qu\u2019en 2019 (+54.000)\u00a0\u00bb, avant que l&rsquo;\u00e9pid\u00e9mie de Covid n&rsquo;\u00e9clate, indique l&rsquo;Insee dans son dossier de presse. Capture d&rsquo;\u00e9cran de la pr\u00e9sentation de l&rsquo;Insee du 17 janvier 2023L&rsquo;Institut identifie clairement les raisons de la progression des d\u00e9c\u00e8s en 2022: \u00ab\u00a0le maintien d&rsquo;un nombre \u00e9lev\u00e9 de d\u00e9c\u00e8s en 2022 s&rsquo;explique par la poursuite de la pand\u00e9mie et les canicules\u00a0\u00bb, et par le \u00ab\u00a0vieillissement de la population\u00a0\u00bb.\u00a0\u00bbMais nous ne sommes pas en mesure de faire la diff\u00e9rence entre les d\u00e9c\u00e8s li\u00e9s \u00e0 la canicule et ceux li\u00e9s \u00e0 l&rsquo;\u00e9pid\u00e9mie de Covid\u00a0\u00bb, explique Sylvie Le Minez. Nous verrons plus tard pourquoi, mais c&rsquo;est la raison pour laquelle l&rsquo;Insee parle toujours de d\u00e9c\u00e8s \u00ab\u00a0toutes causes confondues\u00a0\u00bb.L&rsquo;institut est n\u00e9anmoins en mesure de dire que la hausse de 54.000 d\u00e9c\u00e8s par rapport \u00e0 2019, p\u00e9riode de r\u00e9f\u00e9rence car le Covid n&rsquo;\u00e9tait pas encore apparu, se d\u00e9compose en \u00ab\u00a0+29.000 dus au vieillissement et \u00e0 la hausse de la population, -21.000 dus \u00e0 la tendance \u00e0 la baisse des quotients de mortalit\u00e9 (pour un \u00e2ge donn\u00e9, probabilit\u00e9, pour les personnes survivant \u00e0 cet \u00e2ge, de d\u00e9c\u00e9der avant l&rsquo;\u00e2ge suivant, NDLR) et +46.000 d\u2019\u00e9cart entre les d\u00e9c\u00e8s attendus et observ\u00e9s\u00a0\u00bb. Capture d&rsquo;\u00e9cran du dossier de presse de l&rsquo;Insee du 17 janvier 2023Un syst\u00e8me de compilation des donn\u00e9es complexeLes chiffres des d\u00e9c\u00e8s publi\u00e9s par l&rsquo;Insee s&rsquo;entendent donc \u00ab\u00a0toutes causes confondues\u00a0\u00bb, c&rsquo;est -\u00e0-dire que l&rsquo;Insee n&rsquo;est pas en mesure de distinguer tr\u00e8s pr\u00e9cis\u00e9ment les raisons &#8211; \u00e9pid\u00e9mies, maladies, canicules, accidents, morts naturelles &#8211; des d\u00e9c\u00e8s.Ceci est d\u00fb au souci d&rsquo;anonymisation et de \u00ab\u00a0confidentalit\u00e9\u00a0\u00bb des donn\u00e9es sur les d\u00e9c\u00e8s compil\u00e9es en France, comme le rappelle l&rsquo;agence sanitaire Sant\u00e9 Publique France sur son site internet.Dans un document intitul\u00e9 \u00ab\u00a0Certification et codification des causes m\u00e9dicales de d\u00e9c\u00e8s\u00a0\u00bb, il est rappel\u00e9 que la certification des d\u00e9c\u00e8s par les m\u00e9decins est encadr\u00e9e par la loi 93-23 du 8 janvier 1993, et leur codification, qui permet de recenser les causes, par la Classification internationale des maladies (CIM) de l\u2019Organisation mondiale de la Sant\u00e9.Dans le syst\u00e8me fran\u00e7ais, la mairie transmet \u00e0 l&rsquo;Institut national de la sant\u00e9 et de la recherche m\u00e9dicale (Inserm) le bulletin de d\u00e9c\u00e8s, qui comporte les causes de la mort mais pas le nom du d\u00e9funt, et \u00e0 l&rsquo;Insee l&rsquo;avis de d\u00e9c\u00e8s, qui comporte son \u00e9tat civil, mais pas les causes de sa mort. Des documents \u00e9lectroniques ou r\u00e9dig\u00e9s sur papier, d&rsquo;o\u00f9 un traitement de ces donn\u00e9es qui prend du temps. Capture d&rsquo;\u00e9cran, r\u00e9alis\u00e9e le 16 janvier 2023, du document \u00ab\u00a0Certification et codification des causes m\u00e9dicales de d\u00e9c\u00e8s\u00a0\u00bb disponible sur le site de Sant\u00e9 Publique FranceAvec ces remont\u00e9es des mairies, l&rsquo;Insee peut actualiser le R\u00e9pertoire national d\u2019identification des personnes physiques (RNIPP), \u00e0 partir duquel l&rsquo;institut \u00e9tablit ses statistiques des d\u00e9c\u00e8s \u00ab\u00a0toutes causes confondues\u00a0\u00bb.L&rsquo;Inserm, lui, dispose d&rsquo;une unit\u00e9 baptis\u00e9e Centre d&rsquo;\u00e9pid\u00e9miologie sur les causes m\u00e9dicales de d\u00e9c\u00e8s (C\u00e9piDc) qui produit ses propres donn\u00e9es, pr\u00e9cisant et expliquant pr\u00e9cis\u00e9ment les causes des d\u00e9c\u00e8s.Aux c\u00f4t\u00e9s de ces deux instituts, Sant\u00e9 publique France assure la veille sanitaire, met en place des indicateurs d\u2019alerte et peut produire des bilans en cas de crise et des analyses de long terme.Coder et analyser les causes des d\u00e9c\u00e8s prend du temps, et le C\u00e9piDC, lui, n&rsquo;a pas encore de donn\u00e9es disponibles sur les causes des d\u00e9c\u00e8s en 2022: ses derni\u00e8res statistiques remontent \u00e0 2020.Si les chiffres publi\u00e9s par l&rsquo;Insee ne permettent pas, eux, d&rsquo;expliquer tr\u00e8s pr\u00e9cis\u00e9ment avec des liens de causalit\u00e9 directe les causes des d\u00e9c\u00e8s, il est toutefois possible de mettre en parall\u00e8le des p\u00e9riodes de surmortalit\u00e9, l&rsquo;hiver par exemple, avec des p\u00e9riodes d&rsquo;\u00e9pid\u00e9mies, comme celle de la grippe, et de se r\u00e9f\u00e9rer aussi aux \u00e9tudes de Sant\u00e9 publique France, sur l&rsquo;impact de la canicule par exemple.L&rsquo;ann\u00e9e 2022 peut ainsi se d\u00e9couper en plusieurs p\u00e9riodes o\u00f9 les niveaux de d\u00e9c\u00e8s quotidiens ont augment\u00e9: \u00ab\u00a0en d\u00e9but d&rsquo;ann\u00e9e au moment de la fin de la 5e vague de Covid, au printemps\u00a0\u00bb lorsque s\u00e9vissait toujours l&rsquo;\u00e9pid\u00e9mie de Covid et une grippe \u00ab\u00a0tardive\u00a0\u00bb, pendant l&rsquo;\u00e9t\u00e9 avec \u00ab\u00a0trois \u00e9pisodes de canicule\u00a0\u00bb, \u00e0 l&rsquo;automne, et au mois de d\u00e9cembre, a d\u00e9taill\u00e9 Sylvie Le Minez lors de la conf\u00e9rence de presse de pr\u00e9sentation du bilan d\u00e9mographique 2022 de l&rsquo;institut, le 17 janvier.Une population qui vieillitEn toile de fond, il ne faut pas perdre de vue que la population fran\u00e7aise vieillit, c&rsquo;est-\u00e0-dire que la part des personnes \u00e2g\u00e9es et donc plus fragiles et plus sensibles aux maladies et accidents, augmente.L&rsquo;Institut national des \u00e9tudes d\u00e9mographiques (Ined) soulignait en septembre 2021 que \u00ab\u00a0le vieillissement de la population fran\u00e7aise s&rsquo;acc\u00e9l\u00e8re en France\u00a0\u00bb.\u00a0\u00bbLe vieillissement de la population fran\u00e7aise s&rsquo;accentue de plus en plus, avec, en 2022, deux g\u00e9n\u00e9rations nombreuses du baby-boom, de 1946 et 1947, qui entrent dans les tranches des 75 ans ou plus, o\u00f9 les d\u00e9c\u00e8s sont plus nombreux\u00a0\u00bb, explique \u00e0 l&rsquo;AFP Sylvie Le Minez.Au 1er janvier 2023, 21,3% de la population fran\u00e7aise \u00e9tait \u00e2g\u00e9e de 65 ans ou plus, contre 13% dans les ann\u00e9es 80, et 10,1% l&rsquo;\u00e9tait de 75 ans ou plus, a pr\u00e9cis\u00e9 Mme Le Minez en conf\u00e9rence de presse. Capture d&rsquo;\u00e9cran du dossier de presse de l&rsquo;Insee du 17 janvier 2023Cons\u00e9quence de ce vieillissement: \u00ab\u00a0le nombre de d\u00e9c\u00e8s a tendance \u00e0 augmenter ces derni\u00e8res ann\u00e9es (+0,7% par an en moyenne entre 2004 et 2014, puis +1,9% entre 2014 et 2019)\u00a0\u00bb, a soulign\u00e9 l&rsquo;Insee dans sa publication du 17 janvier.Une population qui vieillit est une population plus vuln\u00e9rable. Dans le cas du Covid, l&rsquo;impact de l&rsquo;\u00e9pid\u00e9mie sur les plus \u00e2g\u00e9s a \u00e9t\u00e9 bien mesur\u00e9 par les experts: leurs \u00e9tudes montrent que la maladie a avanc\u00e9 la date du d\u00e9c\u00e8s des plus fragiles.Dans un bilan publi\u00e9 en mai 2022, l&rsquo;Insee soulignait que de mars 2020 \u00e0 d\u00e9cembre 2021, \u00ab\u00a0les d\u00e9c\u00e8s observ\u00e9s ont \u00e9t\u00e9 nettement sup\u00e9rieurs \u00e0 ceux attendus en l\u2019absence d\u2019\u00e9pid\u00e9mie de Covid-19\u00a0\u00bb, avec un exc\u00e9dent de morts toutes causes confondues de 95.000. Un chiffre qui s&rsquo;av\u00e8re en fait \u00ab\u00a0inf\u00e9rieur au nombre de d\u00e9c\u00e8s attribuables \u00e0 la Covid-19, estim\u00e9 entre 130.000 et 146.000\u00a0\u00bb, qui, lui, \u00ab\u00a0inclut les d\u00e9c\u00e8s de personnes fragiles qui seraient d\u00e9c\u00e9d\u00e9es m\u00eame sans l\u2019\u00e9pid\u00e9mie en 2020 ou 2021\u00a0\u00bb.Le Covid tue toujours massivementQu&rsquo;il s&rsquo;agisse des naissances ou des d\u00e9c\u00e8s, \u00ab\u00a0les \u00e9volutions d\u00e9mographiques r\u00e9centes restent tr\u00e8s marqu\u00e9es par l&rsquo;\u00e9pid\u00e9mie de Covid et ses cons\u00e9quences\u00a0\u00bb, a soulign\u00e9 Christel Colin, directrice des statistiques d\u00e9mographiques et sociales de l&rsquo;Insee, en conf\u00e9rence de presse.M\u00eame si les chiffres de l&rsquo;Insee publi\u00e9s le 17 janvier ne courent que jusqu&rsquo;\u00e0 fin novembre, on sait que 2022 se caract\u00e9rise en fin d&rsquo;ann\u00e9e par une \u00ab\u00a0triple \u00e9pid\u00e9mie\u00a0\u00bb &#8211; Covid, grippe et bronchiolite &#8211; qui aura un impact certain.D&rsquo;autres sources que l&rsquo;Insee ont mesur\u00e9 celui de l&rsquo;\u00e9pid\u00e9mie de Covid. Le virus, qui a fait plus de 163.000 morts en France depuis le d\u00e9but de l&rsquo;\u00e9pid\u00e9mie d\u00e9but 2020, a encore tu\u00e9 40.000 personnes en 2022, selon des donn\u00e9es provisoires publi\u00e9e mi-d\u00e9cembre par Sant\u00e9 publique France, et il a continu\u00e9 de frapper fin 2022, g\u00e9n\u00e9rant une mortalit\u00e9 qui n&rsquo;existait pas avant 2020.Fin d\u00e9cembre 2022, l&rsquo;\u00e9pid\u00e9mie ralentissait, mais Sant\u00e9 Publique France recensait tout de m\u00eame encore 676 d\u00e9c\u00e8s \u00e0 l&rsquo;h\u00f4pital, dans les Ehpad ou les \u00e9tablissements m\u00e9dico-sociaux sur la semaine 52, la derni\u00e8re de l&rsquo;ann\u00e9e 2022, apr\u00e8s 784 durant la semaine pr\u00e9c\u00e9dente. Capture d&rsquo;\u00e9cran, r\u00e9alis\u00e9e le 10 janvier 2023, du bulletin de Sant\u00e9 publique France pour le Covid en semaine 52 de 2022Le Covid a pu aussi indirectement provoquer des morts qui auraient pu \u00eatre \u00e9vit\u00e9es, par exemple en retardant le diagnostic et la prise en charge d&rsquo;autres maladies, comme par exemple le cancer. Un impact que les experts ont du mal \u00e0 mesurer pr\u00e9cis\u00e9ment encore, mais qui est certain.Les effets variables de la grippeC\u00f4t\u00e9 grippe, 2022 cumule \u00ab\u00a0un pic en avril\u00a0\u00bb de l&rsquo;\u00e9pid\u00e9mie de l&rsquo;hiver 2021-2022, qui \u00e9tait \u00ab\u00a0tardive\u00a0\u00bb, souligne l&rsquo;Insee, tandis que l&rsquo;\u00e9pid\u00e9mie de l&rsquo;hiver 2022-2023 a \u00e9t\u00e9 \u00e0 l&rsquo;inverse pr\u00e9coce et virulente.Dans une publication du 6 janvier 2023, l&rsquo;Insee avait relev\u00e9 que sur la p\u00e9riode janvier-f\u00e9vrier 2022, les d\u00e9c\u00e8s toutes causes confondues \u00e9taient \u00ab\u00a0proches des d\u00e9c\u00e8s en 2021\u00a0\u00bb mais \u00ab\u00a0nettement sup\u00e9rieurs \u00e0 ceux de janvier-f\u00e9vrier 2020, en raison d\u2019une grippe saisonni\u00e8re ayant entra\u00een\u00e9 peu de d\u00e9c\u00e8s d\u00e9but 2020\u00a0\u00bb.Les chiffres de l&rsquo;Insee n&rsquo;int\u00e8grent pas les donn\u00e9es de la toute fin d&rsquo;ann\u00e9e, mais le bulletin \u00e9pid\u00e9miologique de Sant\u00e9 Publique France pour la semaine 52 \u00e9voque encore un \u00ab\u00a0niveau \u00e9lev\u00e9\u00a0\u00bb de la circulation des virus grippaux, m\u00eame s&rsquo;ils tendaient alors \u00e0 ralentir. Le document recense 261 d\u00e9c\u00e8s provoqu\u00e9s par eux sur cette seule semaine, avec une \u00ab\u00a0part de la grippe parmi l\u2019ensemble des d\u00e9c\u00e8s certifi\u00e9s \u00e9lectroniquement (\u2026) de 4,5% tous \u00e2ges confondus, plus \u00e9lev\u00e9e chez les 65 ans ou plus (4,6%), les 15-64 ans (4,2%) et les moins de 15 ans (2,1%)\u00a0\u00bb.Selon les ann\u00e9es, la plus ou moins grande pr\u00e9cocit\u00e9 des \u00e9pid\u00e9mies de grippe, leur virulence variable, et le moment o\u00f9 intervient leur pic, ont un effet net sur les variations du nombre de morts qu&rsquo;elles provoquent, comme on peut le voir dans les graphiques ci-dessous, tir\u00e9s du site internet de Sant\u00e9 publique France: Capture d&rsquo;\u00e9cran, r\u00e9alis\u00e9e le 10 janvier 2023, de graphiques pr\u00e9sent\u00e9s dans le bulletin \u00e9pid\u00e9miologique de Sant\u00e9 Publique France concernant la grippe en semaine 52 de 2022Par exemple, le bilan de la surveillance de la saison de grippe 2019-2020 publi\u00e9 par Sant\u00e9 publique France en octobre 2020 avait \u00e9tabli \u00e0 3.680 tous \u00e2ges confondus le nombre de d\u00e9c\u00e8s li\u00e9s \u00e0 la grippe pour cet hiver-l\u00e0. Un chiffre \u00ab\u00a0bien inf\u00e9rieur au nombre moyen de d\u00e9c\u00e8s li\u00e9s \u00e0 la grippe chaque ann\u00e9e en France depuis 2011-2012 (environ 9.000 d\u00e9c\u00e8s)\u00a0\u00bb. Services d&rsquo;urgences satur\u00e9s = surplus de d\u00e9c\u00e8s ?Grippe, Covid, mais aussi bronchiolite, qui a mis encore un peu plus la pression sur les services de sant\u00e9, exsangues apr\u00e8s deux ann\u00e9es sous pand\u00e9mie. Plus de 1.300 enfants souffrant de cette maladie \u00e9taient encore hospitalis\u00e9s pendant la derni\u00e8re semaine de 2022. Capture d&rsquo;\u00e9cran, r\u00e9alis\u00e9e le 10 janvier 2023, du bulletin hebdomadaire sur le suivi de l&rsquo;\u00e9pid\u00e9mie de bronchiolite par Sant\u00e9 Publique France en semaine 52 de 2022Les professionnels de sant\u00e9 dans les h\u00f4pitaux ont ainsi tir\u00e9 cet hiver une nouvelle fois la sonnette d&rsquo;alarme sur leurs conditions de travail d\u00e9grad\u00e9es mais aussi l&rsquo;accueil et la prise en charge retard\u00e9e de patients, qui ont pu selon certains provoquer des morts pr\u00e9matur\u00e9es.Samu Urgences de France a lanc\u00e9 un recensement des morts \u00ab\u00a0inattendues\u00a0\u00bb, les morts qui auraient selon eux pu \u00eatre \u00e9vit\u00e9es si les services d&rsquo;urgence n&rsquo;avaient pas \u00e9t\u00e9 satur\u00e9s, et en a d\u00e9compt\u00e9 31 sur l&rsquo;ensemble du mois de d\u00e9cembre 2022.Philippe Juvin, d\u00e9put\u00e9 Les R\u00e9publicains des Hauts-de-Seine et chef des urgences \u00e0 l&rsquo;h\u00f4pital Georges-Pompidou \u00e0 Paris, estime, lui, \u00e0 \u00ab\u00a0plus de 100 personnes\u00a0\u00bb le nombre de morts \u00ab\u00a0sur des brancards en d\u00e9cembre\u00a0\u00bb en France. ( Ga\u00eblle GEOFFROY)Pr\u00e8s de 3.000 morts de la caniculeEnfin 2022 est une ann\u00e9e particuli\u00e8re car elle a enregistr\u00e9 des \u00e9pisodes de canicule marqu\u00e9s, qui ont eu une incidence sur le nombre de d\u00e9c\u00e8s.Dans son bilan de la p\u00e9riode estivale, Sant\u00e9 publique France a \u00e9tabli \u00e0 2.816 le nombre de d\u00e9c\u00e8s en exc\u00e8s \u00ab\u00a0toutes causes confondues\u00a0\u00bb (\u00ab\u00a0surmortalit\u00e9 de 16,7%\u00a0\u00bb) en France m\u00e9tropolitaine \u00ab\u00a0pendant les p\u00e9riodes de canicule\u00a0\u00bb, et \u00e0 10.420 le nombre de d\u00e9c\u00e8s enregistr\u00e9 sur l&rsquo;ensemble de la p\u00e9riode, soit du 1er juin au 15 septembre.Toutes causes confondues, \u00ab\u00a0sur la p\u00e9riode allant du 1er juin au 31 ao\u00fbt 2022, 155.736 d\u00e9c\u00e8s ont \u00e9t\u00e9 enregistr\u00e9s en France, soit +9,9% par rapport \u00e0 la m\u00eame p\u00e9riode en 2019 (+14.044), et +6,2% par rapport \u00e0 la m\u00eame p\u00e9riode en 2021 (+9 079)\u00a0\u00bb, a indiqu\u00e9 l&rsquo;Insee dans sa publication du 6 janvier.Sylvie Le Minez a indiqu\u00e9 le 17 janvier que l&rsquo;Insee publierait courant 2023 une \u00ab\u00a0analyse assez fouill\u00e9e\u00a0\u00bb des 46.000 d\u00e9c\u00e8s exc\u00e9dentaires en 2022, avec notamment le d\u00e9tail \u00ab\u00a0p\u00e9riode par p\u00e9riode et \u00e2ge par \u00e2ge\u00a0\u00bb.<\/p>\n","protected":false},"excerpt":{"rendered":"<p>SURMORTALIT\u00c9 EN FRANCE,LE VACCIN N\u2019Y EST POUR RIEN ?\u00c7a y est, les chiffres commencent \u00e0 arriver. Il y a bien [&hellip;]<\/p>\n","protected":false},"author":1,"featured_media":4052,"comment_status":"open","ping_status":"open","sticky":false,"template":"","format":"standard","meta":{"sfsi_plus_gutenberg_text_before_share":"","sfsi_plus_gutenberg_show_text_before_share":"","sfsi_plus_gutenberg_icon_type":"","sfsi_plus_gutenberg_icon_alignemt":"","sfsi_plus_gutenburg_max_per_row":"","site-sidebar-layout":"default","site-content-layout":"","ast-site-content-layout":"default","site-content-style":"default","site-sidebar-style":"default","ast-global-header-display":"","ast-banner-title-visibility":"","ast-main-header-display":"","ast-hfb-above-header-display":"","ast-hfb-below-header-display":"","ast-hfb-mobile-header-display":"","site-post-title":"","ast-breadcrumbs-content":"","ast-featured-img":"","footer-sml-layout":"","ast-disable-related-posts":"","theme-transparent-header-meta":"","adv-header-id-meta":"","stick-header-meta":"","header-above-stick-meta":"","header-main-stick-meta":"","header-below-stick-meta":"","astra-migrate-meta-layouts":"default","ast-page-background-enabled":"default","ast-page-background-meta":{"desktop":{"background-color":"var(--ast-global-color-4)","background-image":"","background-repeat":"repeat","background-position":"center center","background-size":"auto","background-attachment":"scroll","background-type":"","background-media":"","overlay-type":"","overlay-color":"","overlay-opacity":"","overlay-gradient":""},"tablet":{"background-color":"","background-image":"","background-repeat":"repeat","background-position":"center center","background-size":"auto","background-attachment":"scroll","background-type":"","background-media":"","overlay-type":"","overlay-color":"","overlay-opacity":"","overlay-gradient":""},"mobile":{"background-color":"","background-image":"","background-repeat":"repeat","background-position":"center center","background-size":"auto","background-attachment":"scroll","background-type":"","background-media":"","overlay-type":"","overlay-color":"","overlay-opacity":"","overlay-gradient":""}},"ast-content-background-meta":{"desktop":{"background-color":"var(--ast-global-color-5)","background-image":"","background-repeat":"repeat","background-position":"center center","background-size":"auto","background-attachment":"scroll","background-type":"","background-media":"","overlay-type":"","overlay-color":"","overlay-opacity":"","overlay-gradient":""},"tablet":{"background-color":"var(--ast-global-color-5)","background-image":"","background-repeat":"repeat","background-position":"center center","background-size":"auto","background-attachment":"scroll","background-type":"","background-media":"","overlay-type":"","overlay-color":"","overlay-opacity":"","overlay-gradient":""},"mobile":{"background-color":"var(--ast-global-color-5)","background-image":"","background-repeat":"repeat","background-position":"center center","background-size":"auto","background-attachment":"scroll","background-type":"","background-media":"","overlay-type":"","overlay-color":"","overlay-opacity":"","overlay-gradient":""}},"footnotes":""},"categories":[16],"tags":[],"class_list":["post-471","post","type-post","status-publish","format-standard","has-post-thumbnail","hentry","category-archives-cms"],"_links":{"self":[{"href":"https:\/\/lavoiedessansvoix.fr\/lavoie\/wp-json\/wp\/v2\/posts\/471","targetHints":{"allow":["GET"]}}],"collection":[{"href":"https:\/\/lavoiedessansvoix.fr\/lavoie\/wp-json\/wp\/v2\/posts"}],"about":[{"href":"https:\/\/lavoiedessansvoix.fr\/lavoie\/wp-json\/wp\/v2\/types\/post"}],"author":[{"embeddable":true,"href":"https:\/\/lavoiedessansvoix.fr\/lavoie\/wp-json\/wp\/v2\/users\/1"}],"replies":[{"embeddable":true,"href":"https:\/\/lavoiedessansvoix.fr\/lavoie\/wp-json\/wp\/v2\/comments?post=471"}],"version-history":[{"count":1,"href":"https:\/\/lavoiedessansvoix.fr\/lavoie\/wp-json\/wp\/v2\/posts\/471\/revisions"}],"predecessor-version":[{"id":2961,"href":"https:\/\/lavoiedessansvoix.fr\/lavoie\/wp-json\/wp\/v2\/posts\/471\/revisions\/2961"}],"wp:featuredmedia":[{"embeddable":true,"href":"https:\/\/lavoiedessansvoix.fr\/lavoie\/wp-json\/wp\/v2\/media\/4052"}],"wp:attachment":[{"href":"https:\/\/lavoiedessansvoix.fr\/lavoie\/wp-json\/wp\/v2\/media?parent=471"}],"wp:term":[{"taxonomy":"category","embeddable":true,"href":"https:\/\/lavoiedessansvoix.fr\/lavoie\/wp-json\/wp\/v2\/categories?post=471"},{"taxonomy":"post_tag","embeddable":true,"href":"https:\/\/lavoiedessansvoix.fr\/lavoie\/wp-json\/wp\/v2\/tags?post=471"}],"curies":[{"name":"wp","href":"https:\/\/api.w.org\/{rel}","templated":true}]}}