{"id":470,"date":"2023-01-22T02:46:00","date_gmt":"2023-01-22T01:46:00","guid":{"rendered":"https:\/\/lavoiedessansvoix.fr\/lavoie\/2023\/01\/22\/archive-l-homme-qui-ne-voulait-pas-se-taire\/"},"modified":"2026-04-26T20:35:52","modified_gmt":"2026-04-26T18:35:52","slug":"archive-l-homme-qui-ne-voulait-pas-se-taire","status":"publish","type":"post","link":"https:\/\/lavoiedessansvoix.fr\/lavoie\/2023\/01\/22\/archive-l-homme-qui-ne-voulait-pas-se-taire\/","title":{"rendered":"L\u2019HOMME QUI NE VOULAIT PAS SE TAIRE"},"content":{"rendered":"<p>L\u2019HOMME QUI NE VOULAIT PAS SE TAIREJ\u2019ai ou\u00efe dire que certains individus naviguant dans la mouvance LFI (mais probablement \u00ab pas que \u00bb) s\u2019excitaient \u00e0 nouveau au pr\u00e9texte de mes interventions appelant \u00e0 la lib\u00e9ration imm\u00e9diate d\u2019Alexandre Juving Brunet.Je suppute qu\u2019il s\u2019agit des m\u00eames illumin\u00e9s qui s\u2019en \u00e9taient pris \u00e0 \u00ab moi \u00bb il y a quelques \u00ab mois \u00bb au pr\u00e9texte que j\u2019avais n\u00e9goci\u00e9 avec \u00ab Des Tours et des Lys \u00bb (caract\u00e9ris\u00e9 extr\u00eame droite), la bonne tenue des manifestations anti-passe \u00e0 Tours. Juving-Brunet : Saint-Cyrien, Capitaine de gendarmerie, catholique fervent, chef d\u2019entreprise, n\u00e9cessairement un \u00ab homme d\u2019extr\u00eame droite \u00bb pour ces esprits obtus. Et voil\u00e0 qu\u2019une nouvelle fois \u00ab Seignon \u00bb prend fait et cause pour l\u2019extr\u00eame droite ; La preuve !La preuve ?La preeeeeeuve !\u2026\u2026.Mais la preuve de quoi ?L\u2019\u00e9troitesse d\u2019esprit me d\u00e9sole, elle m\u2019effraie m\u00eame parfois. Mais elle ne r\u00e9ussira pas \u00e0 m\u2019impressionner. Je ne me laisserai jamais dicter ma pens\u00e9e ou ma conduite par les esprits mesquins.Il n\u2019y a aucune inconduite dans la d\u00e9marche d\u2019Alexandre. Et pour l\u2019heure \u00e0 ma connaissance aucune plainte contre lui qui \u00e9taieraient l\u2019accusation d\u2019escroquerie en bande organis\u00e9e \u00bb. Il est vrai que cela peut encore se produire si certains contributeurs se laissent influencer (impressionner) ou si certains provocateurs avaient achet\u00e9 des francs libres en amont avec l\u2019intention expresse de le pi\u00e9ger. Peut-\u00eatre a-t-il commis une faute, non intentionnelle qui l\u2019a conduit dans l\u2019ill\u00e9galit\u00e9. En ce cas il suffisait il me semble d\u2019une injonction du ministre des finances ou d\u2019un r\u00e9f\u00e9r\u00e9 de justice pour le mettre en demeure de suspendre son entreprise et de restituer les sommes per\u00e7ues. Un proc\u00e8s ne s\u2019imposait pas, encore moins une mise en d\u00e9tention provisoire.La proc\u00e9dure adopt\u00e9e rel\u00e8ve clairement de la volont\u00e9 d\u2019intimider un opposant dont la qualit\u00e9 pr\u00e9sum\u00e9e de \u00ab gardien de l\u2019ordre \u00bb (Saint-Cyrien et Capitaine de gendarmerie) d\u00e9range au plus haut point l\u2019\u00e9tat autoritaire.Alors certes je sais, les militants de LFI (quelques individus non repr\u00e9sentatifs) qui fulminent contre ma ligne de conduite sont en total d\u00e9saccord avec Alexandre Juving Brunet. Plus que moi-m\u00eame ? \u00c7a n\u2019est pas certain. Mais ils imaginent \u00e0 cette raison \u00eatre fond\u00e9s \u00e0 justifier son incarc\u00e9ration. C\u2019est lamentable, c\u2019est terrifiant concernant des gens dont les valeurs devraient les dresser vent debout pour la d\u00e9fense des libert\u00e9s. C\u2019est hallucinant cette vision de myope. C\u2019est quoi \u00e0 cette aune, \u00e7a signifie quoi exactement dans ce cas, la libert\u00e9 de pens\u00e9e ? \u00ab La libert\u00e9 de penser comme soi-m\u00eame ? La libert\u00e9 de penser comme la majorit\u00e9 ? C\u2019est-\u00e0-dire la libert\u00e9 de penser comme tous ? C\u2019est \u00e0 dire la pens\u00e9e unique !Eh bien que \u00e7a se sache. Au premier jour o\u00f9 ce concept a \u00e9t\u00e9 formul\u00e9 je me suis inscrit en faux contre lui et jur\u00e9 de le combattre qui qu\u2019en soit les laudateurs. C\u2019est un des engagements fondateurs de mon blog \u00ab La voie des sans voix \u00bb.La libre pens\u00e9e c\u2019est le droit de ne pas penser comme moi. Alexandre Juving Brunet ne pense pas comme moi. C\u2019est son droit le plus absolu et je me battrai jusqu\u2019\u00e0 \u00e9puisement si c\u2019est n\u00e9cessaire pour qu\u2019il recouvre sa libert\u00e9 physique et de parole. Et je combattrai sans rel\u00e2che les g\u00e9\u00f4liers qui mettent la libre pens\u00e9e \u00e0 l\u2019\u00e9crou de leur aveuglement id\u00e9ologique.  Eh oui, et j\u2019ai un maitre, un Mentor, un ant\u00e9c\u00e9dent historique, pour ne pas le nommer le grand Voltaire : \u00ab l\u2019homme qui ne voulait pas se taire \u00bb.A son instar je ne me tairai pas :\u00ab Lib\u00e9rez Alexandre Juving Brunet ! \u00bbPatrick Seignon. \u00ab lavoiedessansvoix.fr \u00bb. Vendredi 20 juillet 2023.(Publi\u00e9 dimanche 22 janvier 2023.)<\/p>\n","protected":false},"excerpt":{"rendered":"<p>L\u2019HOMME QUI NE VOULAIT PAS SE TAIREJ\u2019ai ou\u00efe dire que certains individus naviguant dans la mouvance LFI (mais probablement \u00ab [&hellip;]<\/p>\n","protected":false},"author":1,"featured_media":4051,"comment_status":"open","ping_status":"open","sticky":false,"template":"","format":"standard","meta":{"sfsi_plus_gutenberg_text_before_share":"","sfsi_plus_gutenberg_show_text_before_share":"","sfsi_plus_gutenberg_icon_type":"","sfsi_plus_gutenberg_icon_alignemt":"","sfsi_plus_gutenburg_max_per_row":"","site-sidebar-layout":"default","site-content-layout":"","ast-site-content-layout":"default","site-content-style":"default","site-sidebar-style":"default","ast-global-header-display":"","ast-banner-title-visibility":"","ast-main-header-display":"","ast-hfb-above-header-display":"","ast-hfb-below-header-display":"","ast-hfb-mobile-header-display":"","site-post-title":"","ast-breadcrumbs-content":"","ast-featured-img":"","footer-sml-layout":"","ast-disable-related-posts":"","theme-transparent-header-meta":"","adv-header-id-meta":"","stick-header-meta":"","header-above-stick-meta":"","header-main-stick-meta":"","header-below-stick-meta":"","astra-migrate-meta-layouts":"default","ast-page-background-enabled":"default","ast-page-background-meta":{"desktop":{"background-color":"var(--ast-global-color-4)","background-image":"","background-repeat":"repeat","background-position":"center center","background-size":"auto","background-attachment":"scroll","background-type":"","background-media":"","overlay-type":"","overlay-color":"","overlay-opacity":"","overlay-gradient":""},"tablet":{"background-color":"","background-image":"","background-repeat":"repeat","background-position":"center center","background-size":"auto","background-attachment":"scroll","background-type":"","background-media":"","overlay-type":"","overlay-color":"","overlay-opacity":"","overlay-gradient":""},"mobile":{"background-color":"","background-image":"","background-repeat":"repeat","background-position":"center center","background-size":"auto","background-attachment":"scroll","background-type":"","background-media":"","overlay-type":"","overlay-color":"","overlay-opacity":"","overlay-gradient":""}},"ast-content-background-meta":{"desktop":{"background-color":"var(--ast-global-color-5)","background-image":"","background-repeat":"repeat","background-position":"center center","background-size":"auto","background-attachment":"scroll","background-type":"","background-media":"","overlay-type":"","overlay-color":"","overlay-opacity":"","overlay-gradient":""},"tablet":{"background-color":"var(--ast-global-color-5)","background-image":"","background-repeat":"repeat","background-position":"center center","background-size":"auto","background-attachment":"scroll","background-type":"","background-media":"","overlay-type":"","overlay-color":"","overlay-opacity":"","overlay-gradient":""},"mobile":{"background-color":"var(--ast-global-color-5)","background-image":"","background-repeat":"repeat","background-position":"center center","background-size":"auto","background-attachment":"scroll","background-type":"","background-media":"","overlay-type":"","overlay-color":"","overlay-opacity":"","overlay-gradient":""}},"footnotes":""},"categories":[16],"tags":[],"class_list":["post-470","post","type-post","status-publish","format-standard","has-post-thumbnail","hentry","category-archives-cms"],"_links":{"self":[{"href":"https:\/\/lavoiedessansvoix.fr\/lavoie\/wp-json\/wp\/v2\/posts\/470","targetHints":{"allow":["GET"]}}],"collection":[{"href":"https:\/\/lavoiedessansvoix.fr\/lavoie\/wp-json\/wp\/v2\/posts"}],"about":[{"href":"https:\/\/lavoiedessansvoix.fr\/lavoie\/wp-json\/wp\/v2\/types\/post"}],"author":[{"embeddable":true,"href":"https:\/\/lavoiedessansvoix.fr\/lavoie\/wp-json\/wp\/v2\/users\/1"}],"replies":[{"embeddable":true,"href":"https:\/\/lavoiedessansvoix.fr\/lavoie\/wp-json\/wp\/v2\/comments?post=470"}],"version-history":[{"count":1,"href":"https:\/\/lavoiedessansvoix.fr\/lavoie\/wp-json\/wp\/v2\/posts\/470\/revisions"}],"predecessor-version":[{"id":2959,"href":"https:\/\/lavoiedessansvoix.fr\/lavoie\/wp-json\/wp\/v2\/posts\/470\/revisions\/2959"}],"wp:featuredmedia":[{"embeddable":true,"href":"https:\/\/lavoiedessansvoix.fr\/lavoie\/wp-json\/wp\/v2\/media\/4051"}],"wp:attachment":[{"href":"https:\/\/lavoiedessansvoix.fr\/lavoie\/wp-json\/wp\/v2\/media?parent=470"}],"wp:term":[{"taxonomy":"category","embeddable":true,"href":"https:\/\/lavoiedessansvoix.fr\/lavoie\/wp-json\/wp\/v2\/categories?post=470"},{"taxonomy":"post_tag","embeddable":true,"href":"https:\/\/lavoiedessansvoix.fr\/lavoie\/wp-json\/wp\/v2\/tags?post=470"}],"curies":[{"name":"wp","href":"https:\/\/api.w.org\/{rel}","templated":true}]}}