{"id":469,"date":"2023-01-22T03:22:00","date_gmt":"2023-01-22T02:22:00","guid":{"rendered":"https:\/\/lavoiedessansvoix.fr\/lavoie\/2023\/01\/22\/archive-rencontre-avec-l-eglise-evangelique\/"},"modified":"2026-04-26T20:35:42","modified_gmt":"2026-04-26T18:35:42","slug":"archive-rencontre-avec-l-eglise-evangelique","status":"publish","type":"post","link":"https:\/\/lavoiedessansvoix.fr\/lavoie\/2023\/01\/22\/archive-rencontre-avec-l-eglise-evangelique\/","title":{"rendered":"RENCONTRE AVEC L\u2019\u00c9GLISE EVANGELIQUE"},"content":{"rendered":"<p>RENCONTRE AVEC L\u2019\u00c9GLISE EVANGELIQUE Comme chaque semaine, peu nombreux mais obstin\u00e9s nous \u00e9tions pr\u00e9sent le samedi 14 janvier sur la place Jean Jaur\u00e8s de Tours, ou plus exactement sur le secteur c\u00f4t\u00e9 H\u00f4tel de ville s\u00e9par\u00e9 de l\u2019autre moiti\u00e9 par la rue nationale et les rails du \u00ab itram \u00bb. Vis \u00e0 vis, sur l\u2019autre secteur, c\u00f4t\u00e9 palais de justice, un autre groupe \u00e9tait venu s\u2019installer avec une table, des boissons chaudes et quelques \u00ab flayers \u00bb.Qui sont-ils ? \u00ab Allez les voir, ils vous offriront un caf\u00e9 chaud \u00bb, me r\u00e9pondit laconique un homme qui de toute \u00e9vidence avait \u2018travers\u00e9 la rue \u00bb pour se trouver un \u00ab job \u00bb en faisant du pros\u00e9lytisme.Lorsque le temps m\u2019en fut donn\u00e9 je traversai la rue pour faire mon boulot \u00e0 moi, \u00e0 mon tour, faire cette \u00ab rencontre du troisi\u00e8me type \u00bb.On a tout vu place Jean-Jaur\u00e8s, le mouvement de la paix, la libre pens\u00e9e, \u00ab Des tours et des lys \u00bb, des gilets jaunes \u00ab d\u00e9ters \u00bb s\u00fbrs qu\u2019en criant plus fort ils seront mieux entendus et qu\u2019en donnant des coups de pieds dans les poubelles ils seront plus efficaces, des \u00ab antifas \u00bb qui, avec des m\u00e9thodes de \u00ab chemises noires \u00bb s\u2019approprient l\u2019espace public et veulent en expulser \u00ab les fascistes que leur invente leur entendement malade \u00bb, des climato optimistes qui implorent Attila en personne de cesser de faire courir son cheval d\u00e9vastateur, des pacifistes qui supplient les pays de l\u2019OTAN d\u2019envoyer des armes en Ukraine, et m\u00eame des \u00ab complotistes \u00bb amoureux de la libert\u00e9.Bonjour messieurs dames, dis-je, je viens faire connaissance avec vous, qui \u00eates-vous ?Mais ceux-l\u00e0 on ne les avait encore jamais vu, c\u2019\u00e9tait la premi\u00e8re fois : \u00ab l\u2019\u00e9glise \u00e9vang\u00e9lique \u00bb des t\u00e9moins de Dieu.\u00a0\u00bbVous buvez un th\u00e9 ou un caf\u00e9 ?\u00a0\u00bbUn caf\u00e9\u00a0\u00bbNous sommes l\u2019\u00e9glise \u00e9vang\u00e9lique. Nous venons apporter la parole du Christ.\u00a0\u00bbAh bon, autant vous dire d\u2019embl\u00e9e que je ne partage gu\u00e8re. Je ne crois pas en Dieu. Mais je veux bien causer.\u00a0\u00bbEh bien justement nous sommes l\u00e0 pour vous faire entendre sa parole.\u00a0\u00bb\u00a0\u00bbIci c\u2019est le Bon-Dieu\u00a0\u00bb me dit-elle. Il y a de la braise dans ses yeux ; Est-ce celle de l\u2019illumination ou bien celle de l\u2019inquisition. Je ne vais pas tarder \u00e0 me poser la question. \u00ab\u00a0Dieu est bont\u00e9 ; Dieu est juste\u00a0\u00bb ; poursuit-elle, \u00ab\u00a0Dieu c\u2019est l\u2019ORDRE, ici c\u2019est l\u2019ordre pas comme l\u00e0-bas \u00bb, elle montre du doigt l\u2019autre c\u00f4t\u00e9 de la place d\u2019o\u00f9 je viens et o\u00f9 sont encore mes amis. \u00ab \u00c7a c\u2019est le d\u00e9sordre \u00bb Dieu n\u2019aime pas le d\u00e9sordre\u00a0\u00bb. Elle fulminerait presque. Si ses yeux \u00e9taient des lances flammes elle eut t\u00f4t fait de r\u00e9duire le d\u00e9sordre en cendre avec tous les petits diablotins mes amis Citoyens libres et Gilets-jaunes. \u00ab \u00c7a ce n\u2019est pas bien, c\u2019est le d\u00e9sordre, il ne faut pas faire \u00e7a \u2013 (l\u00e0 \u00e7a s\u2019adresse probablement \u00e0 moi-m\u00eame, elle me tance, va-t-elle me donner la fess\u00e9e ?) \u00ab\u00a0Dieu veut l\u2019ordre.  Il faut prier Dieu, c\u2019est ce que nous faisons nous. Si on le lui demande il adoucira le c\u0153ur de notre Pr\u00e9sident pour que celui-ci att\u00e9nue nos souffrances \u00bb. Bpn, j\u2019en ai assez entendu. Fort heureusement j\u2019ai fini mon caf\u00e9.Au revoir madame !Au revoir Monsieur et n\u2019h\u00e9sitez pas \u00e0 venir nous voir et prier avec nousJ\u2019imagine d\u00e9j\u00e0 la pri\u00e8re que je pourrais adresser au p\u00e8re \u00e9ternel : \u00ab Ah mon Dieu je vous en prie, irriguez de bont\u00e9 le c\u0153ur endurcit de notre psychopathe national. \u00bb ; Tient, je n\u2019aurais pas l\u2019air con quand une voix off venue de derri\u00e8re les nuages de la b\u00eatise me r\u00e9pondrait. \u00ab Je l\u2019ai d\u00e9j\u00e0 sond\u00e9, il n\u2019a pas de c\u0153ur. \u00c7a n&rsquo;est pas moi qui ait cr\u00e9\u00e9 celui-l\u00e0, Belz\u00e9buth peut-\u00eatre ou le Baron de Rothschild ; Je ne voit qu\u2019un coffre-fort \u00e0 la place habituelle o\u00f9 il devrait avoir un c\u0153ur.Patrick Seignon. \u00ab lavoiedessansvoix.fr. Jeudi 20 janvier 2023. (Publi\u00e9 dimanche 22 janvier 2023).Petit additif ! DE LA FIERT\u00c9 DE DIEU. Dieu est-il veule ? Dieu est-il servile ? ;Alors dites-moi brave pr\u00eatresse (ou Pastourelle) de l\u2019\u00e9glise \u00e9vang\u00e9lique, comment Dieu qui nous a fait \u00e0 son image pourrait-il bien vouloir, selon ce que vous en dites, d\u2019un peuple de d\u00e9biles, servile et moutonnier ?Dieu s\u2019il existe, ne peut vouloir, j\u2019en suis certain, qu\u2019un peuple debout et fier qui connait son \u00ab P\u00e8re \u00bb mais pas de maitre.11 h. 30.<\/p>\n","protected":false},"excerpt":{"rendered":"<p>RENCONTRE AVEC L\u2019\u00c9GLISE EVANGELIQUE Comme chaque semaine, peu nombreux mais obstin\u00e9s nous \u00e9tions pr\u00e9sent le samedi 14 janvier sur la [&hellip;]<\/p>\n","protected":false},"author":1,"featured_media":4050,"comment_status":"open","ping_status":"open","sticky":false,"template":"","format":"standard","meta":{"sfsi_plus_gutenberg_text_before_share":"","sfsi_plus_gutenberg_show_text_before_share":"","sfsi_plus_gutenberg_icon_type":"","sfsi_plus_gutenberg_icon_alignemt":"","sfsi_plus_gutenburg_max_per_row":"","site-sidebar-layout":"default","site-content-layout":"","ast-site-content-layout":"default","site-content-style":"default","site-sidebar-style":"default","ast-global-header-display":"","ast-banner-title-visibility":"","ast-main-header-display":"","ast-hfb-above-header-display":"","ast-hfb-below-header-display":"","ast-hfb-mobile-header-display":"","site-post-title":"","ast-breadcrumbs-content":"","ast-featured-img":"","footer-sml-layout":"","ast-disable-related-posts":"","theme-transparent-header-meta":"","adv-header-id-meta":"","stick-header-meta":"","header-above-stick-meta":"","header-main-stick-meta":"","header-below-stick-meta":"","astra-migrate-meta-layouts":"default","ast-page-background-enabled":"default","ast-page-background-meta":{"desktop":{"background-color":"var(--ast-global-color-4)","background-image":"","background-repeat":"repeat","background-position":"center center","background-size":"auto","background-attachment":"scroll","background-type":"","background-media":"","overlay-type":"","overlay-color":"","overlay-opacity":"","overlay-gradient":""},"tablet":{"background-color":"","background-image":"","background-repeat":"repeat","background-position":"center center","background-size":"auto","background-attachment":"scroll","background-type":"","background-media":"","overlay-type":"","overlay-color":"","overlay-opacity":"","overlay-gradient":""},"mobile":{"background-color":"","background-image":"","background-repeat":"repeat","background-position":"center center","background-size":"auto","background-attachment":"scroll","background-type":"","background-media":"","overlay-type":"","overlay-color":"","overlay-opacity":"","overlay-gradient":""}},"ast-content-background-meta":{"desktop":{"background-color":"var(--ast-global-color-5)","background-image":"","background-repeat":"repeat","background-position":"center center","background-size":"auto","background-attachment":"scroll","background-type":"","background-media":"","overlay-type":"","overlay-color":"","overlay-opacity":"","overlay-gradient":""},"tablet":{"background-color":"var(--ast-global-color-5)","background-image":"","background-repeat":"repeat","background-position":"center center","background-size":"auto","background-attachment":"scroll","background-type":"","background-media":"","overlay-type":"","overlay-color":"","overlay-opacity":"","overlay-gradient":""},"mobile":{"background-color":"var(--ast-global-color-5)","background-image":"","background-repeat":"repeat","background-position":"center center","background-size":"auto","background-attachment":"scroll","background-type":"","background-media":"","overlay-type":"","overlay-color":"","overlay-opacity":"","overlay-gradient":""}},"footnotes":""},"categories":[16],"tags":[],"class_list":["post-469","post","type-post","status-publish","format-standard","has-post-thumbnail","hentry","category-archives-cms"],"_links":{"self":[{"href":"https:\/\/lavoiedessansvoix.fr\/lavoie\/wp-json\/wp\/v2\/posts\/469","targetHints":{"allow":["GET"]}}],"collection":[{"href":"https:\/\/lavoiedessansvoix.fr\/lavoie\/wp-json\/wp\/v2\/posts"}],"about":[{"href":"https:\/\/lavoiedessansvoix.fr\/lavoie\/wp-json\/wp\/v2\/types\/post"}],"author":[{"embeddable":true,"href":"https:\/\/lavoiedessansvoix.fr\/lavoie\/wp-json\/wp\/v2\/users\/1"}],"replies":[{"embeddable":true,"href":"https:\/\/lavoiedessansvoix.fr\/lavoie\/wp-json\/wp\/v2\/comments?post=469"}],"version-history":[{"count":1,"href":"https:\/\/lavoiedessansvoix.fr\/lavoie\/wp-json\/wp\/v2\/posts\/469\/revisions"}],"predecessor-version":[{"id":2957,"href":"https:\/\/lavoiedessansvoix.fr\/lavoie\/wp-json\/wp\/v2\/posts\/469\/revisions\/2957"}],"wp:featuredmedia":[{"embeddable":true,"href":"https:\/\/lavoiedessansvoix.fr\/lavoie\/wp-json\/wp\/v2\/media\/4050"}],"wp:attachment":[{"href":"https:\/\/lavoiedessansvoix.fr\/lavoie\/wp-json\/wp\/v2\/media?parent=469"}],"wp:term":[{"taxonomy":"category","embeddable":true,"href":"https:\/\/lavoiedessansvoix.fr\/lavoie\/wp-json\/wp\/v2\/categories?post=469"},{"taxonomy":"post_tag","embeddable":true,"href":"https:\/\/lavoiedessansvoix.fr\/lavoie\/wp-json\/wp\/v2\/tags?post=469"}],"curies":[{"name":"wp","href":"https:\/\/api.w.org\/{rel}","templated":true}]}}