{"id":468,"date":"2023-01-23T06:01:00","date_gmt":"2023-01-23T05:01:00","guid":{"rendered":"https:\/\/lavoiedessansvoix.fr\/lavoie\/2023\/01\/23\/archive-l-escroc\/"},"modified":"2026-04-26T20:35:33","modified_gmt":"2026-04-26T18:35:33","slug":"archive-l-escroc","status":"publish","type":"post","link":"https:\/\/lavoiedessansvoix.fr\/lavoie\/2023\/01\/23\/archive-l-escroc\/","title":{"rendered":"L\u2019ESCROC"},"content":{"rendered":"<p>L\u2019ESCROChttps:\/\/ibb.co\/cXXhW8n\u00a0\u00bb>https:\/\/i.ibb.co\/wrrhnQm\/Sans-titre-1.jpg\u00a0\u00bb alt=\u00a0\u00bbSans-titre-1&Prime; border=\u00a0\u00bb0&Prime;>Le jeudi 19 janvier quand des millions de fran\u00e7ais manifestaient contre la \u00ab R\u00e9forme des retraites \u00bb dont il est le porteur, Emmanuel Macron s\u2019en \u00e9tait all\u00e9 \u00e0 Barcelone. Une mani\u00e8re d\u2019afficher une nouvelle fois, \u00e0 l\u2019\u00e9gard de ses concitoyens le m\u00e9pris et l\u2019arrogance qui sont sa marque de fabrique : \u00ab Manifestaient toujours, je n\u2019en ai rien \u00e0 battre \u00bb.Croyez-vous qu\u2019il s\u2019agi l\u00e0 d\u2019une simple interpr\u00e9tation de sa posture qui n\u2019engagerait que l\u2019auteur de ces lignes ? Que nenni !  C\u2019est plus qu\u2019une interpr\u00e9tation, c\u2019est la mise au clair de la r\u00e9alit\u00e9. V\u00e9ran, son ministre ch\u00e9ri tout aussi cynique que lui le confirme sans vergogne lorsqu\u2019il d\u00e9clare que :\u00ab Le nombre des manifestant n\u2019y fera rien. \u00bb (\u2026\u2026\u2026) Et lui-m\u00eame lorsqu\u2019il affirme depuis Barcelone, r\u00e9pondant aux questions d\u2019un journaliste, alors que le projet n\u2019a pas encore fait l\u2019objet de d\u00e9bats au parlement : \u00ab La r\u00e9forme des retraites a \u00e9t\u00e9 \u00ab\u00a0d\u00e9mocratiquement pr\u00e9sent\u00e9e, valid\u00e9e\u00a0\u00bb  A d\u00e9faut du d\u00e9bat parlementaire qui n\u2019a pas encore eut lieu,  sur quels crit\u00e8res macron se croit-ainsi justifi\u00e9 \u00e0 pr\u00e9tendre que \u00ab la r\u00e9forme des retraites a \u00e9t\u00e9 d\u00e9mocratiquement pr\u00e9sent\u00e9e, valid\u00e9e \u00bb ? (pardon, pour \u00e9dicter les mensonges les plus odieux macron il est vrai n\u2019a jamais eu besoin de la moindre justification).\u00ab Il faut que les choses soient dites au moment o\u00f9 les choix d\u00e9mocratiques sont faits. Et \u00e0 l&rsquo;\u00e9lection pr\u00e9sidentielle qui s&rsquo;est tenue somme toute il n&rsquo;y a que quelques mois, et aux \u00e9lections l\u00e9gislatives qui ne se sont tenues y compris qu&rsquo;il y a quelques mois, les choses ont \u00e9t\u00e9 dites clairement \u00bb, Autrement dit : \u00ab le moment des choix d\u00e9mocratiques \u00bb ce serait l\u2019\u00e9lection pr\u00e9sidentielle prolong\u00e9 par les \u00e9lections l\u00e9gislatives au-del\u00e0 de quoi il n\u2019y aurait plus qu\u2019\u00e0 acquiescer. \u00ab L\u00e0 les choses sont dites \u00bb apr\u00e8s on la ferme. Le parlement n\u2019a pour r\u00f4le d\u00e8s lors que de peaufiner, \u00ab enrichir \u00bb, avaliser, le projet pr\u00e9sidentiel ; Quant aux fran\u00e7ais ils peuvent toujours manifester si bon leur semble, \u00e0 la condition expresse toutefois de ne pas trop \u00ab foutre la merde \u00bb (Sinon attention aux LBD) \u00ab je n\u2019en ai rien \u00e0 cirer \u00bb. Voil\u00e0 ainsi r\u00e9sum\u00e9e toute la conception macronienne de la vie d\u00e9mocratique d\u2019une grande nation.C\u2019est une escroquerie morale et politique.Macron est un escroc.Bien me direz-vous, mais il n\u2019\u00e9tait point besoin d\u2019attendre cette \u00ab sortie \u00bb de Barcelone pour savoir cela. Deux fois \u00e9lu \u00e0 la pr\u00e9sidence de la r\u00e9publique il l\u2019a \u00e9t\u00e9 deux fois avec des m\u00e9thodes de faussaire.Soit ! Mais allons plus loin encore. Emmanuel macron a \u00e9t\u00e9 en v\u00e9rit\u00e9 \u00e9lu par moins de 30% des fran\u00e7ais. Seul 30 pour cent environ des fran\u00e7ais ont donc clairement valid\u00e9 le choix de cet homme pour veiller au destin de notre R\u00e9publique. Or, parmi ceux-l\u00e0 il y en a au demeurant qui lui ont donn\u00e9 leur suffrage, certe en toute clart\u00e9, mais non pas pour \u00ab valider \u00bb son \u00ab programme \u00bb et encore moins son projet de nouvelle (contre) r\u00e9forme des retraites, mais par rejet de Marine Le Pen.Pire encore : en quoi, et depuis quand, quelques mots ou lignes dans un programme \u00e9lectoral constituent-ils un \u00ab projet clair \u00bb et exhaustif sur lequel les fran\u00e7ais pourraient se prononcer en connaissance de cause ?Escroc ? Oui mais aussi menteur et ren\u00e9gat. Ces diverses \u00ab aptitudes \u00bb vont ensemble me direz-vous, elles sont m\u00eame indissociables. Cet escroc n\u2019avait-il pas dit qu\u2019il ne reviendrait pas sur l\u2019\u00e2ge de d\u00e9part \u00e0 la retraite ? Remarquez, peut-\u00eatre pas. Peut-\u00eatre n\u2019a-t-il pas menti sur ce point. Je ne reviendrais pas sur l\u2019\u00e2ge de d\u00e9part \u00e0 la retraite : vous avez cr\u00fb entendre qu\u2019il ne le prolongerait pas, mais lui voulait peut-\u00eatre dire qu\u2019il \u00ab ne reviendrait \u00bb pas en arri\u00e8re, \u00e0 la retraite \u00e0 soixante ans. Le langage pr\u00e9sente parfois de ces ambigu\u00eft\u00e9s !Macron veut passer son projet de r\u00e9forme des retraites en force, en d\u00e9pit de toutes les r\u00e8gles d\u00e9mocratiques. \u00ab En d\u00e9pit des r\u00e8gles d\u00e9mocratiques \u00bb avons-nous \u00e9crit, non pas des r\u00e8gles constitutionnelles. Il a en effet d\u00e9got\u00e9 une astuce que personne en soixante ans d\u2019existence de la 5me R\u00e9publique (Celle du \u00ab Coup d\u2019Etat permanent) n\u2019avait encore os\u00e9 utiliser ; Il s\u2019agit de l\u2019article 47-1., dont nous allons entendre beaucoup parler dans les jours \u00e0 venir. Mais d\u00e8s lors que le chef de l\u2019Etat recours \u00e0 des m\u00e9thodes \u00ab putschiste. \u00bb qui annulent la vie d\u00e9mocratique, les fran\u00e7ais ne sont-ils pas autoris\u00e9s \u00e0 s\u2019\u00e9manciper des pr\u00e9jug\u00e9s d\u00e9mocratiques et s\u2019opposer \u00e0 ce \u00ab coup de force \u00bb de toutes leurs \u00e9nergies et par tous les moyens ? D\u2019ailleurs aucune r\u00e8gle d\u00e9mocratique n\u2019est habilit\u00e9e \u00e0 justifier \u00ab un braquage \u00bb contre une partie (majoritaire ou pas) de la population. Si au coin d\u2019une rue une bande de petits truands veulent vous faire les poches, ils sont six, vous \u00eates seuls, ils ont certes avec eux la raison de la force \u00e0 laquelle vous vous rendrez peut-\u00eatre, mais peuvent-ils au pr\u00e9texte qu\u2019ils sont six et que vous \u00eates seuls arguer de leur droit d\u00e9mocratique \u00e0 vous spolier ? aucune r\u00e8gle ni argutie d\u00e9mocratique n\u2019est de nature \u00e0 justifier la spoliation d\u2019une partie de la population fut-telle minoritaire. Les acquis sociaux rel\u00e8vent du \u00ab contrat social \u00bb et les termes d\u2019un contrat doivent \u00eatre respect\u00e9s par les \u00ab parties \u00bb. Le \u00ab CONTRAT \u00bb ne rel\u00e8ve pas de la d\u00e9mocratie ni de la r\u00e8gle majoritaire.Patrick Seignon. \u00ab\u00a0lavoiedessansvoix.fr\u00a0\u00bb. Lundi 23 janvier 2923.<\/p>\n","protected":false},"excerpt":{"rendered":"<p>L\u2019ESCROChttps:\/\/ibb.co\/cXXhW8n\u00a0\u00bb>https:\/\/i.ibb.co\/wrrhnQm\/Sans-titre-1.jpg\u00a0\u00bb alt=\u00a0\u00bbSans-titre-1&Prime; border=\u00a0\u00bb0&Prime;>Le jeudi 19 janvier quand des millions de fran\u00e7ais manifestaient contre la \u00ab R\u00e9forme des retraites \u00bb dont [&hellip;]<\/p>\n","protected":false},"author":1,"featured_media":4049,"comment_status":"open","ping_status":"open","sticky":false,"template":"","format":"standard","meta":{"sfsi_plus_gutenberg_text_before_share":"","sfsi_plus_gutenberg_show_text_before_share":"","sfsi_plus_gutenberg_icon_type":"","sfsi_plus_gutenberg_icon_alignemt":"","sfsi_plus_gutenburg_max_per_row":"","site-sidebar-layout":"default","site-content-layout":"","ast-site-content-layout":"default","site-content-style":"default","site-sidebar-style":"default","ast-global-header-display":"","ast-banner-title-visibility":"","ast-main-header-display":"","ast-hfb-above-header-display":"","ast-hfb-below-header-display":"","ast-hfb-mobile-header-display":"","site-post-title":"","ast-breadcrumbs-content":"","ast-featured-img":"","footer-sml-layout":"","ast-disable-related-posts":"","theme-transparent-header-meta":"","adv-header-id-meta":"","stick-header-meta":"","header-above-stick-meta":"","header-main-stick-meta":"","header-below-stick-meta":"","astra-migrate-meta-layouts":"default","ast-page-background-enabled":"default","ast-page-background-meta":{"desktop":{"background-color":"var(--ast-global-color-4)","background-image":"","background-repeat":"repeat","background-position":"center center","background-size":"auto","background-attachment":"scroll","background-type":"","background-media":"","overlay-type":"","overlay-color":"","overlay-opacity":"","overlay-gradient":""},"tablet":{"background-color":"","background-image":"","background-repeat":"repeat","background-position":"center center","background-size":"auto","background-attachment":"scroll","background-type":"","background-media":"","overlay-type":"","overlay-color":"","overlay-opacity":"","overlay-gradient":""},"mobile":{"background-color":"","background-image":"","background-repeat":"repeat","background-position":"center center","background-size":"auto","background-attachment":"scroll","background-type":"","background-media":"","overlay-type":"","overlay-color":"","overlay-opacity":"","overlay-gradient":""}},"ast-content-background-meta":{"desktop":{"background-color":"var(--ast-global-color-5)","background-image":"","background-repeat":"repeat","background-position":"center center","background-size":"auto","background-attachment":"scroll","background-type":"","background-media":"","overlay-type":"","overlay-color":"","overlay-opacity":"","overlay-gradient":""},"tablet":{"background-color":"var(--ast-global-color-5)","background-image":"","background-repeat":"repeat","background-position":"center center","background-size":"auto","background-attachment":"scroll","background-type":"","background-media":"","overlay-type":"","overlay-color":"","overlay-opacity":"","overlay-gradient":""},"mobile":{"background-color":"var(--ast-global-color-5)","background-image":"","background-repeat":"repeat","background-position":"center center","background-size":"auto","background-attachment":"scroll","background-type":"","background-media":"","overlay-type":"","overlay-color":"","overlay-opacity":"","overlay-gradient":""}},"footnotes":""},"categories":[16],"tags":[],"class_list":["post-468","post","type-post","status-publish","format-standard","has-post-thumbnail","hentry","category-archives-cms"],"_links":{"self":[{"href":"https:\/\/lavoiedessansvoix.fr\/lavoie\/wp-json\/wp\/v2\/posts\/468","targetHints":{"allow":["GET"]}}],"collection":[{"href":"https:\/\/lavoiedessansvoix.fr\/lavoie\/wp-json\/wp\/v2\/posts"}],"about":[{"href":"https:\/\/lavoiedessansvoix.fr\/lavoie\/wp-json\/wp\/v2\/types\/post"}],"author":[{"embeddable":true,"href":"https:\/\/lavoiedessansvoix.fr\/lavoie\/wp-json\/wp\/v2\/users\/1"}],"replies":[{"embeddable":true,"href":"https:\/\/lavoiedessansvoix.fr\/lavoie\/wp-json\/wp\/v2\/comments?post=468"}],"version-history":[{"count":1,"href":"https:\/\/lavoiedessansvoix.fr\/lavoie\/wp-json\/wp\/v2\/posts\/468\/revisions"}],"predecessor-version":[{"id":2955,"href":"https:\/\/lavoiedessansvoix.fr\/lavoie\/wp-json\/wp\/v2\/posts\/468\/revisions\/2955"}],"wp:featuredmedia":[{"embeddable":true,"href":"https:\/\/lavoiedessansvoix.fr\/lavoie\/wp-json\/wp\/v2\/media\/4049"}],"wp:attachment":[{"href":"https:\/\/lavoiedessansvoix.fr\/lavoie\/wp-json\/wp\/v2\/media?parent=468"}],"wp:term":[{"taxonomy":"category","embeddable":true,"href":"https:\/\/lavoiedessansvoix.fr\/lavoie\/wp-json\/wp\/v2\/categories?post=468"},{"taxonomy":"post_tag","embeddable":true,"href":"https:\/\/lavoiedessansvoix.fr\/lavoie\/wp-json\/wp\/v2\/tags?post=468"}],"curies":[{"name":"wp","href":"https:\/\/api.w.org\/{rel}","templated":true}]}}