{"id":467,"date":"2023-01-24T05:50:00","date_gmt":"2023-01-24T04:50:00","guid":{"rendered":"https:\/\/lavoiedessansvoix.fr\/lavoie\/2023\/01\/24\/archive-lettre-publique-a-madame-marine-le-pen\/"},"modified":"2026-04-26T20:35:24","modified_gmt":"2026-04-26T18:35:24","slug":"archive-lettre-publique-a-madame-marine-le-pen","status":"publish","type":"post","link":"https:\/\/lavoiedessansvoix.fr\/lavoie\/2023\/01\/24\/archive-lettre-publique-a-madame-marine-le-pen\/","title":{"rendered":"LETTRE PUBLIQUE A MADAME MARINE LE PEN"},"content":{"rendered":"<p>LETTRE PUBLIQUE A MADAME MARINE LE PENMadame,Soyons clair, j\u2019ai toujours \u00e9t\u00e9 un militant ouvrier, syndicaliste et politique de culture marxiste. Vous en avez d\u00e9j\u00e0 conclu que je ne suis pas du cercle de vos amis, ni admirateurs, ni \u00e9lecteurs. Je ne suis pas partie prenante de votre courant politique mais lorsque vous d\u00e9fendez les droits \u00e0 la retraite des petites gens, lorsque vous vous opposez \u00e0 l\u2019inique r\u00e9forme voulu par le chef de l\u2019Etat, je ne vois pas de raison de vous rabrouer et juge m\u00eame inconvenant pour ne pas dire totalement \u00ab idiot \u00bb de vous interdire de vous joindre aux manifestations populaires.A croire que ceux qui font cela sont beaucoup plus int\u00e9ress\u00e9 de leurs petites compositions politiciennes que de la v\u00e9ritable d\u00e9fense des int\u00e9r\u00eats des travailleurs et salari\u00e9s qu\u2019ils sont cens\u00e9s repr\u00e9senter et qui sont ceux de l\u2019\u00e9crasante majorit\u00e9 des Fran\u00e7ais.Le \u00ab Rassemblement National \u00bb dont vous \u00eates la figure de proue repr\u00e9sente actuellement plus de 20% de l\u2019\u00e9lectorat de notre pays. Lors des derni\u00e8res \u00e9lections pr\u00e9sidentielles, malgr\u00e9 l\u2019ostracisme dont il fait l\u2019objet, plus de 40 % des \u00e9lecteurs se sont port\u00e9 sur le nom de sa Pr\u00e9sidente. Parmi ceux-l\u00e0 des millions de travailleurs qui dans une R\u00e9publique r\u00e9put\u00e9e d\u00e9mocratique devraient avoir droit au chapitre tout autant que les autres, qui ont tout autant que les autres le droit de d\u00e9fendre leur syst\u00e8me de retraite et de manifester pour cela. Ces salari\u00e9s qui votent \u00ab Le Pen \u00bb depuis des ann\u00e9es, a-t-on le droit de les rejeter ? Ceux-l\u00e0 pour beaucoup votez \u00ab communistes \u00bb avant de se sentir flou\u00e9s par la \u00ab Gauche de gouvernement \u00bb. Ceux qui les ont trahis sont-ils bien fond\u00e9s \u00e0 les stigmatiser ? Ceux qui le font ne pratiquent qu\u2019en paroles l\u2019unit\u00e9 de \u00ab la classe ouvri\u00e8re \u00bb qu\u2019ils divisent en v\u00e9rit\u00e9. Qu\u2019il vote Le Pen, Roussel ou M\u00e9lenchon, tout salari\u00e9 tout travailleurs (cela inclus les artisans commer\u00e7ants et professions lib\u00e9rales, et m\u00eame les petits entrepreneurs, et les travailleurs priv\u00e9s d\u2019emplois), sans distinction a autant de raison, et je dirai m\u00eame de devoir, que quiconque de d\u00e9fendre ses droits, son niveau et sa qualit\u00e9 de vie. Pour ce qui me concerne, par-dessus les \u00ab politicailleries \u00bb et le sectarisme id\u00e9ologiques, je veux tendre la main \u00e0 toutes mes s\u0153urs, fr\u00e8res et camarades.Face \u00e0 la d\u00e9termination du \u00ab Bourreau du peuple \u00bb, ainsi que vous l\u2019avez r\u00e9cemment nomm\u00e9, et de ses maitres et affid\u00e9s bien d\u00e9cid\u00e9s \u00e0 nous imposer par la force leur anti-r\u00e9forme de r\u00e9gression sociale, faut-il diviser les rangs des salari\u00e9s en lutte ? Stigmatiser une partie de ceux-ci dans l\u2019instant o\u00f9 la mobilisation exige que l\u2019on soit en possession de toutes nos forces, si ce n\u2019est pas encore tout \u00e0 fait une trahison n\u2019est-ce pas en tout cas une agression voire une mutilation de l\u2019unit\u00e9 n\u00e9cessaire ?Confront\u00e9 \u00e0 l\u2019ostracisme dont les \u00e9lus RN ont \u00e9t\u00e9 jusqu\u2019ici l\u2019objet de la part d\u2019une certaine gauche \u00bb et des syndicats, vous avez r\u00e9solus de ne pas prendre part aux manifestations avec lesquelles vous \u00eates pourtant fondamentalement d\u2019accord. D\u2019un point de vue tactique vous avez eu raison car certains n\u2019h\u00e9siteraient pas si vous y veniez \u00e0 cr\u00e9er un ou des incidents destructeurs et irr\u00e9m\u00e9diables pour la mobilisation populaire en cours.Mais il ne faut pas \u00e0 mon sens vous en tenir l\u00e0.J\u2019ai lu r\u00e9cemment que votre parti avait l\u2019intention de se replier sur l\u2019action parlementaire pour porter son opposition \u00e0 la r\u00e9forme. Cela ne saurait suffire, cela n\u2019est pas satisfaisant. Le d\u00e9bat parlementaire va \u00eatre tronqu\u00e9. Le parlement va \u00eatre une fois de plus marginalis\u00e9, rabrou\u00e9, annul\u00e9. S\u2019en tenir \u00e0 l\u2019action parlementaire c\u2019est prendre le risque de n\u2019apparaitre que comme \u00ab des clowns \u00bb ; Pire, comme les idiots utiles du pouvoir.Pour \u00eatre \u00e0 la hauteur et en conformit\u00e9 avec votre profession de foi sur cette question, pour vous faire entendre, \u00eatre vu et surtout \u00eatre cru, pris au s\u00e9rieux par l\u2019opinion, vous devez prendre part \u00e0 la mobilisation populaire de rue. Certes pas, je l\u2019ai d\u00e9j\u00e0 dit, et j\u2019en ai donn\u00e9 la raison, en vous joignant aux manifestations syndicales ou de \u00ab gauche \u00bb o\u00f9 certain n\u2019h\u00e9siteraient pas \u00e0 occasionner des incidents de nature \u00e0 provoquer une fracture sans retour, mais en organisant vos propres manifestations. Avec pourquoi pas d\u2019autres partis et formations apparent\u00e9s ? Certes ce ne sera pas encore l\u2019unit\u00e9 souhaitable dans la riposte, mais une force suppl\u00e9mentaire tout de m\u00eame, plusieurs dizaines ou centaines de milliers de manifestants qui \u00e0 d\u00e9faut d\u2019\u00eatre tous ensemble dans la rue s\u2019agr\u00e9geront tout de m\u00eame dans les d\u00e9comptes, et les analyses de l\u2019\u00e9tat r\u00e9el de l\u2019opinions et des rapports de forces.Je vous remercie de votre attention et vous prie Madame de recevoir mes sinc\u00e8res salutations.Patrick Seignon. 24 janvier 2023.(Cette lettre a \u00e9t\u00e9 communiqu\u00e9 \u00e0 Marine Le Pen, ce jour, sur son adresse e-mail de l&rsquo;Assembl\u00e9e Nationale.) \u00bb )<\/p>\n","protected":false},"excerpt":{"rendered":"<p>LETTRE PUBLIQUE A MADAME MARINE LE PENMadame,Soyons clair, j\u2019ai toujours \u00e9t\u00e9 un militant ouvrier, syndicaliste et politique de culture marxiste. [&hellip;]<\/p>\n","protected":false},"author":1,"featured_media":4048,"comment_status":"open","ping_status":"open","sticky":false,"template":"","format":"standard","meta":{"sfsi_plus_gutenberg_text_before_share":"","sfsi_plus_gutenberg_show_text_before_share":"","sfsi_plus_gutenberg_icon_type":"","sfsi_plus_gutenberg_icon_alignemt":"","sfsi_plus_gutenburg_max_per_row":"","site-sidebar-layout":"default","site-content-layout":"","ast-site-content-layout":"default","site-content-style":"default","site-sidebar-style":"default","ast-global-header-display":"","ast-banner-title-visibility":"","ast-main-header-display":"","ast-hfb-above-header-display":"","ast-hfb-below-header-display":"","ast-hfb-mobile-header-display":"","site-post-title":"","ast-breadcrumbs-content":"","ast-featured-img":"","footer-sml-layout":"","ast-disable-related-posts":"","theme-transparent-header-meta":"","adv-header-id-meta":"","stick-header-meta":"","header-above-stick-meta":"","header-main-stick-meta":"","header-below-stick-meta":"","astra-migrate-meta-layouts":"default","ast-page-background-enabled":"default","ast-page-background-meta":{"desktop":{"background-color":"var(--ast-global-color-4)","background-image":"","background-repeat":"repeat","background-position":"center center","background-size":"auto","background-attachment":"scroll","background-type":"","background-media":"","overlay-type":"","overlay-color":"","overlay-opacity":"","overlay-gradient":""},"tablet":{"background-color":"","background-image":"","background-repeat":"repeat","background-position":"center center","background-size":"auto","background-attachment":"scroll","background-type":"","background-media":"","overlay-type":"","overlay-color":"","overlay-opacity":"","overlay-gradient":""},"mobile":{"background-color":"","background-image":"","background-repeat":"repeat","background-position":"center center","background-size":"auto","background-attachment":"scroll","background-type":"","background-media":"","overlay-type":"","overlay-color":"","overlay-opacity":"","overlay-gradient":""}},"ast-content-background-meta":{"desktop":{"background-color":"var(--ast-global-color-5)","background-image":"","background-repeat":"repeat","background-position":"center center","background-size":"auto","background-attachment":"scroll","background-type":"","background-media":"","overlay-type":"","overlay-color":"","overlay-opacity":"","overlay-gradient":""},"tablet":{"background-color":"var(--ast-global-color-5)","background-image":"","background-repeat":"repeat","background-position":"center center","background-size":"auto","background-attachment":"scroll","background-type":"","background-media":"","overlay-type":"","overlay-color":"","overlay-opacity":"","overlay-gradient":""},"mobile":{"background-color":"var(--ast-global-color-5)","background-image":"","background-repeat":"repeat","background-position":"center center","background-size":"auto","background-attachment":"scroll","background-type":"","background-media":"","overlay-type":"","overlay-color":"","overlay-opacity":"","overlay-gradient":""}},"footnotes":""},"categories":[16],"tags":[],"class_list":["post-467","post","type-post","status-publish","format-standard","has-post-thumbnail","hentry","category-archives-cms"],"_links":{"self":[{"href":"https:\/\/lavoiedessansvoix.fr\/lavoie\/wp-json\/wp\/v2\/posts\/467","targetHints":{"allow":["GET"]}}],"collection":[{"href":"https:\/\/lavoiedessansvoix.fr\/lavoie\/wp-json\/wp\/v2\/posts"}],"about":[{"href":"https:\/\/lavoiedessansvoix.fr\/lavoie\/wp-json\/wp\/v2\/types\/post"}],"author":[{"embeddable":true,"href":"https:\/\/lavoiedessansvoix.fr\/lavoie\/wp-json\/wp\/v2\/users\/1"}],"replies":[{"embeddable":true,"href":"https:\/\/lavoiedessansvoix.fr\/lavoie\/wp-json\/wp\/v2\/comments?post=467"}],"version-history":[{"count":1,"href":"https:\/\/lavoiedessansvoix.fr\/lavoie\/wp-json\/wp\/v2\/posts\/467\/revisions"}],"predecessor-version":[{"id":2953,"href":"https:\/\/lavoiedessansvoix.fr\/lavoie\/wp-json\/wp\/v2\/posts\/467\/revisions\/2953"}],"wp:featuredmedia":[{"embeddable":true,"href":"https:\/\/lavoiedessansvoix.fr\/lavoie\/wp-json\/wp\/v2\/media\/4048"}],"wp:attachment":[{"href":"https:\/\/lavoiedessansvoix.fr\/lavoie\/wp-json\/wp\/v2\/media?parent=467"}],"wp:term":[{"taxonomy":"category","embeddable":true,"href":"https:\/\/lavoiedessansvoix.fr\/lavoie\/wp-json\/wp\/v2\/categories?post=467"},{"taxonomy":"post_tag","embeddable":true,"href":"https:\/\/lavoiedessansvoix.fr\/lavoie\/wp-json\/wp\/v2\/tags?post=467"}],"curies":[{"name":"wp","href":"https:\/\/api.w.org\/{rel}","templated":true}]}}