{"id":465,"date":"2023-02-15T12:10:00","date_gmt":"2023-02-15T11:10:00","guid":{"rendered":"https:\/\/lavoiedessansvoix.fr\/lavoie\/2023\/02\/15\/archive-la-rose-et-le-reseda\/"},"modified":"2026-04-26T20:35:05","modified_gmt":"2026-04-26T18:35:05","slug":"archive-la-rose-et-le-reseda","status":"publish","type":"post","link":"https:\/\/lavoiedessansvoix.fr\/lavoie\/2023\/02\/15\/archive-la-rose-et-le-reseda\/","title":{"rendered":"\u00ab La Rose et le R\u00e9s\u00e9da \u00bb"},"content":{"rendered":"<p>\u00ab La Rose et le R\u00e9s\u00e9da \u00bb En ces temps o\u00f9 la b\u00eatise s\u2019est empar\u00e9 des cercles militants \u00ab de gauche \u00bb, ceux qui se proclament encore \u00ab progressistes \u00bb, et des \u00e9lites intellectuelles, il est salvateur parfois de rendre la parole au po\u00e8te.Louis Aragon \u00e9tait un po\u00e8te, probablement l\u2019un des plus grands de la langue fran\u00e7aise. Il a \u00e9crit un jour sombre de l\u2019occupation allemande de notre pays, en 1943, un texte intitul\u00e9 \u00ab La rose et le r\u00e9s\u00e9da \u00bb. Beaucoup de fran\u00e7ais le connaissent. Beaucoup l\u2019ont appris sur les bancs de l\u2019\u00e9cole primaire, mais combien l\u2019ont retenu, m\u00e9dit\u00e9, combien en ont compris le sens profond, combien en ont tir\u00e9 quelques b\u00e9n\u00e9fices dans leur propre conduite de vie ?Nous venons de cauchemarder \u00e9veill\u00e9s deux ann\u00e9es terribles et celles qui viennent s\u2019annoncent pires. Nous \u00e9tions confront\u00e9s, sous pr\u00e9texte de crise sanitaire \u00e0 des confiscations iniques de certaines, et des restrictions d\u2019autres de nos libert\u00e9s. Et des gens de \u00ab gauche \u00bb, des \u00ab libres penseurs \u00bb, des \u00ab\u00a0pr\u00e9tendants r\u00e9volutionnaires\u00a0\u00bb, plut\u00f4t que faire front commun avec tous ceux qui s\u2019opposaient \u00e0 cette d\u00e9rive liberticide, renvoyaient \u00ab l\u2019autre \u00bb dans les cordes pr\u00e9textant qu\u2019il \u00e9tait \u00ab anti science \u00bb, \u00ab anti-progr\u00e8s \u00bb, \u00ab anti vax \u00bb, \u00ab catholique int\u00e9griste. \u00bb, voire \u00ab confusionniste \u00bb, complotiste \u00bb, \u00ab rouge-brun \u00bb ou m\u00eame \u00ab fascisant \u00bb.Notre syst\u00e8me de sant\u00e9 subit une crise grave. Structurelle, financi\u00e8re, mais aussi par manque de personnel. Des personnels soignants ont \u00e9t\u00e9 suspendus sans salaires sans revenus et avec l\u2019interdiction de travailler ailleurs. Des comp\u00e9tences gel\u00e9es pendant que d\u2019autres souffrent de la surcharge de travail et les patients du d\u00e9litement (c\u2019est le cas de le dire) de l\u2019H\u00f4pital public. Tous les pays du monde qui avaient pris de telles mesures \u00e0 l\u2019\u00e9gard de leurs soignants qui refusaient la vaccination anti covid, les ont depuis r\u00e9int\u00e9gr\u00e9s, la plupart du temps avec r\u00e9paration du pr\u00e9judice subi. Sauf la France. Sauf la macronnie. Et nos d\u00e9put\u00e9s \u00ab progressistes \u00bb, de gauche, pr\u00e9f\u00e8rent enterrer la question au parlement plut\u00f4t que joindre leurs voix, leurs talents et leurs efforts \u00e0 ceux des d\u00e9put\u00e9s du \u00ab Rassemblement National \u00bb. Si ce n\u2019est pas une trahison c\u2019est au moins le quatri\u00e8me dessous de la b\u00eatise.Et voil\u00e0 qu\u2019\u00e0 son tour vient dans l\u2019actualit\u00e9 la br\u00fblante question de la \u00ab Contre-R\u00e9forme des retraites \u00bb projet\u00e9e par le gouvernement le plus r\u00e9actionnaire de la France depuis Louis XVIII. Et voil\u00e0 que recommencent les m\u00eames absurdit\u00e9s. Le R.N. veut prendre part aux manifestations populaires, vent debout les \u00ab pl\u00e9nipotentiaires \u00bb syndicaux le lui interdisent. Bien entendu, cela ne fait aucun doute, si le gouvernement fait encore une fois  usage du 49.3, nos lumineux, d\u00e9mocratiques et avis\u00e9s d\u00e9put\u00e9s \u00ab progressistes de gauche \u00bb, refuseront de voter la m\u00eame motion de censure que le parti de Marine Le Pen. Choisiront la d\u00e9faite et l\u2019humiliation en rase campagne plut\u00f4t que se \u00ab compromettre avec l\u2019extr\u00eame droite \u00bb. Mais ils ne rechigneront pas, par voie de cons\u00e9quence, \u00e0 se faire les complices de la pire attaque d\u2019un gouvernement contemporain contre les droits acquis des salari\u00e9s.Et puis voil\u00e0 que le pire des pires arrive, LA GUERRE. L\u2019Empire d\u2019Occident (USA, Angleterre, France) par son action a rendu celle-ci in\u00e9vitable et jette \u00e0 pr\u00e9sent de l\u2019huile sur le feu au risque de d\u00e9clencher une troisi\u00e8me conflagration mondiale et peut-\u00eatre un cataclysme nucl\u00e9aire. Cela dans le but avou\u00e9 de mettre la Russie \u00e0 genoux. C\u2019est Poutine qui a commenc\u00e9, c\u2019est Poutine le m\u00e9chant hurlent-ils de toute la puissance de leurs trompettes m\u00e9diatiques. Et lorsque vous vous avisez de sugg\u00e9rer que les choses ne sont pas si simples : Ma\u00efdan, le Donbass, la guerre contre les R\u00e9publiques s\u00e9paratistes. Ils vous collent aussi sec l\u2019\u00e9tiquette infamante, \u00e0 leur sens, de laudateur de la \u00ab Poutinosph\u00e8re \u00bb. Le d\u00e9bat fini l\u00e0, plus rien \u00e0 dire.Pourtant il y en a dans \u00ab l\u2019occidentosph\u00e8re \u00bb qui redoutent le danger qui cro\u00eet, qui militent pour la paix (certains tout de m\u00eame en envoyant des cr\u00e9dits de guerre et des armes), Qui pr\u00e9tendent vouloir stopper cette folie en refusant de voir la r\u00e9alit\u00e9 bien en face qui les obligerait \u00e0 condamner sans d\u00e9tour l\u2019action de leur propre imp\u00e9rialisme. Ils ne comprennent pas que dire que c\u2019est la faute de Poutine en refusant de voir l\u2019ant\u00e9riorit\u00e9 du conflit, cela revient pour l\u2019opinion g\u00e9n\u00e9rale \u00e0 justifier l\u2019escalade guerri\u00e8re : Si c\u2019est Poutine qui a commenc\u00e9, pourquoi s\u2019arr\u00eaterait-il si on ne l\u2019arr\u00eate par les armes ?Si on n\u2019arr\u00eate pas ce d\u00e9ferlement de d\u00e9bilit\u00e9s, des millions d\u2019\u00eatres humains vont p\u00e9rir encore, pour \u00ab d\u00e9fendre \u00bb l\u2019Ukraine en l\u2019immolant, et c\u2019est l\u00e0 encore le \u00ab moins pire \u00bb des sc\u00e9narios. Ce sont des centaines de millions de morts que ferait une guerre mondiale et des r\u00e9gions enti\u00e8res de la plan\u00e8te rendues vides de toute existence humaine et animale pour des milliers d\u2019ann\u00e9es en cas de d\u00e9rapage nucl\u00e9aire.Alors ?\u2026 Communiste ou Extr\u00eame droite ?\u2026 La\u00efque ou Catholique int\u00e9griste ? \u00ab Rouge-brun \u00bb ou \u00ab Brun-Noir \u00bb ? De droite de gauche ou du milieu ? Doit-on attendre l\u2019issue fatale pour se solidariser contre les forces mal\u00e9fiques que l\u2019on combat s\u00e9par\u00e9ment ?\u00ab Quand les bl\u00e9s sont sous la gr\u00ealeFou qui fait le d\u00e9licatFou qui songe \u00e0 ses querellesAu c\u0153ur du commun combat \u00bbLisez plut\u00f4t ce vibrant po\u00e8me de Louis Aragon :Patrick Seignon. \u00ab lavoiedessansvoix.fr \u00bb Mercredi 15 f\u00e9vrier 2023.\u00c0 Gabriel P\u00e9ri et d\u2019Estienne d\u2019Orves comme \u00e0 Guy M\u00f4quet et Gilbert Dru\u00ab La Rose et le R\u00e9s\u00e9da \u00bb Celui qui croyait au cielCelui qui n&rsquo;y croyait pasTous deux adoraient la bellePrisonni\u00e8re des soldatsLequel montait \u00e0 l&rsquo;\u00e9chelleEt lequel guettait en basCelui qui croyait au cielCelui qui n&rsquo;y croyait pasQu&rsquo;importe comment s&rsquo;appelleCette clart\u00e9 sur leur pasQue l&rsquo;un f\u00fbt de la chapelleEt l&rsquo;autre s&rsquo;y d\u00e9rob\u00e2tCelui qui croyait au cielCelui qui n&rsquo;y croyait pasTous les deux \u00e9taient fid\u00e8lesDes l\u00e8vres du coeur des brasEt tous les deux disaient qu&rsquo;elleVive et qui vivra verraCelui qui croyait au cielCelui qui n&rsquo;y croyait pasQuand les bl\u00e9s sont sous la gr\u00ealeFou qui fait le d\u00e9licatFou qui songe \u00e0 ses querellesAu coeur du commun combatCelui qui croyait au cielCelui qui n&rsquo;y croyait pasDu haut de la citadelleLa sentinelle tiraPar deux fois et l&rsquo;un chancelleL&rsquo;autre tombe qui mourraCelui qui croyait au cielCelui qui n&rsquo;y croyait pasIls sont en prison LequelA le plus triste grabatLequel plus que l&rsquo;autre g\u00e8leLequel pr\u00e9f\u00e8re les ratsCelui qui croyait au cielCelui qui n&rsquo;y croyait pasUn rebelle est un rebelleNos sanglots font un seul glasEt quand vient l&rsquo;aube cruellePassent de vie \u00e0 tr\u00e9pasCelui qui croyait au cielCelui qui n&rsquo;y croyait pasR\u00e9p\u00e9tant le nom de celleQu&rsquo;aucun des deux ne trompaEt leur sang rouge ruisselleM\u00eame couleur m\u00eame \u00e9clatCelui qui croyait au cielCelui qui n&rsquo;y croyait pasIl coule il coule il se m\u00ealeA la terre qu&rsquo;il aimaPour qu&rsquo;\u00e0 la saison nouvelleM\u00fbrisse un raisin muscatCelui qui croyait au cielCelui qui n&rsquo;y croyait pasL&rsquo;un court et l&rsquo;autre a des ailesDe Bretagne ou du JuraEt framboise ou mirabelleLe grillon rechanteraDites fl\u00fbte ou violoncelleLe double amour qui br\u00fblaL&rsquo;alouette et l&rsquo;hirondelleLa rose et le r\u00e9s\u00e9da Louis Aragon, \u00ab La Rose et le R\u00e9s\u00e9da \u00bb, mars 1943.Repris dans La Diane fran\u00e7aise, Paris, \u00c9ditions Seghers, 1944.\u00a9 \u00c9ditions Seghers, 1944<\/p>\n","protected":false},"excerpt":{"rendered":"<p>\u00ab La Rose et le R\u00e9s\u00e9da \u00bb En ces temps o\u00f9 la b\u00eatise s\u2019est empar\u00e9 des cercles militants \u00ab de [&hellip;]<\/p>\n","protected":false},"author":1,"featured_media":4046,"comment_status":"open","ping_status":"open","sticky":false,"template":"","format":"standard","meta":{"sfsi_plus_gutenberg_text_before_share":"","sfsi_plus_gutenberg_show_text_before_share":"","sfsi_plus_gutenberg_icon_type":"","sfsi_plus_gutenberg_icon_alignemt":"","sfsi_plus_gutenburg_max_per_row":"","site-sidebar-layout":"default","site-content-layout":"","ast-site-content-layout":"default","site-content-style":"default","site-sidebar-style":"default","ast-global-header-display":"","ast-banner-title-visibility":"","ast-main-header-display":"","ast-hfb-above-header-display":"","ast-hfb-below-header-display":"","ast-hfb-mobile-header-display":"","site-post-title":"","ast-breadcrumbs-content":"","ast-featured-img":"","footer-sml-layout":"","ast-disable-related-posts":"","theme-transparent-header-meta":"","adv-header-id-meta":"","stick-header-meta":"","header-above-stick-meta":"","header-main-stick-meta":"","header-below-stick-meta":"","astra-migrate-meta-layouts":"default","ast-page-background-enabled":"default","ast-page-background-meta":{"desktop":{"background-color":"var(--ast-global-color-4)","background-image":"","background-repeat":"repeat","background-position":"center center","background-size":"auto","background-attachment":"scroll","background-type":"","background-media":"","overlay-type":"","overlay-color":"","overlay-opacity":"","overlay-gradient":""},"tablet":{"background-color":"","background-image":"","background-repeat":"repeat","background-position":"center center","background-size":"auto","background-attachment":"scroll","background-type":"","background-media":"","overlay-type":"","overlay-color":"","overlay-opacity":"","overlay-gradient":""},"mobile":{"background-color":"","background-image":"","background-repeat":"repeat","background-position":"center center","background-size":"auto","background-attachment":"scroll","background-type":"","background-media":"","overlay-type":"","overlay-color":"","overlay-opacity":"","overlay-gradient":""}},"ast-content-background-meta":{"desktop":{"background-color":"var(--ast-global-color-5)","background-image":"","background-repeat":"repeat","background-position":"center center","background-size":"auto","background-attachment":"scroll","background-type":"","background-media":"","overlay-type":"","overlay-color":"","overlay-opacity":"","overlay-gradient":""},"tablet":{"background-color":"var(--ast-global-color-5)","background-image":"","background-repeat":"repeat","background-position":"center center","background-size":"auto","background-attachment":"scroll","background-type":"","background-media":"","overlay-type":"","overlay-color":"","overlay-opacity":"","overlay-gradient":""},"mobile":{"background-color":"var(--ast-global-color-5)","background-image":"","background-repeat":"repeat","background-position":"center center","background-size":"auto","background-attachment":"scroll","background-type":"","background-media":"","overlay-type":"","overlay-color":"","overlay-opacity":"","overlay-gradient":""}},"footnotes":""},"categories":[16],"tags":[],"class_list":["post-465","post","type-post","status-publish","format-standard","has-post-thumbnail","hentry","category-archives-cms"],"_links":{"self":[{"href":"https:\/\/lavoiedessansvoix.fr\/lavoie\/wp-json\/wp\/v2\/posts\/465","targetHints":{"allow":["GET"]}}],"collection":[{"href":"https:\/\/lavoiedessansvoix.fr\/lavoie\/wp-json\/wp\/v2\/posts"}],"about":[{"href":"https:\/\/lavoiedessansvoix.fr\/lavoie\/wp-json\/wp\/v2\/types\/post"}],"author":[{"embeddable":true,"href":"https:\/\/lavoiedessansvoix.fr\/lavoie\/wp-json\/wp\/v2\/users\/1"}],"replies":[{"embeddable":true,"href":"https:\/\/lavoiedessansvoix.fr\/lavoie\/wp-json\/wp\/v2\/comments?post=465"}],"version-history":[{"count":1,"href":"https:\/\/lavoiedessansvoix.fr\/lavoie\/wp-json\/wp\/v2\/posts\/465\/revisions"}],"predecessor-version":[{"id":2949,"href":"https:\/\/lavoiedessansvoix.fr\/lavoie\/wp-json\/wp\/v2\/posts\/465\/revisions\/2949"}],"wp:featuredmedia":[{"embeddable":true,"href":"https:\/\/lavoiedessansvoix.fr\/lavoie\/wp-json\/wp\/v2\/media\/4046"}],"wp:attachment":[{"href":"https:\/\/lavoiedessansvoix.fr\/lavoie\/wp-json\/wp\/v2\/media?parent=465"}],"wp:term":[{"taxonomy":"category","embeddable":true,"href":"https:\/\/lavoiedessansvoix.fr\/lavoie\/wp-json\/wp\/v2\/categories?post=465"},{"taxonomy":"post_tag","embeddable":true,"href":"https:\/\/lavoiedessansvoix.fr\/lavoie\/wp-json\/wp\/v2\/tags?post=465"}],"curies":[{"name":"wp","href":"https:\/\/api.w.org\/{rel}","templated":true}]}}