{"id":464,"date":"2023-02-17T07:37:00","date_gmt":"2023-02-17T06:37:00","guid":{"rendered":"https:\/\/lavoiedessansvoix.fr\/lavoie\/2023\/02\/17\/archive-petite-chronique-de-la-decadence-intellectuelle-a-l-adresse-de-mr-jacques-pezet\/"},"modified":"2026-04-26T20:34:56","modified_gmt":"2026-04-26T18:34:56","slug":"archive-petite-chronique-de-la-decadence-intellectuelle-a-l-adresse-de-mr-jacques-pezet","status":"publish","type":"post","link":"https:\/\/lavoiedessansvoix.fr\/lavoie\/2023\/02\/17\/archive-petite-chronique-de-la-decadence-intellectuelle-a-l-adresse-de-mr-jacques-pezet\/","title":{"rendered":"PETITE CHRONIQUE DE LA DECADENCE INTELLECTUELLE (A l\u2019adresse de Mr jacques Pezet et ses semblables.)"},"content":{"rendered":"<p>PETITE CHRONIQUE DE LA D\u00c9CADENCE INTELLECTUELLE(A l\u2019adresse de Mr jacques Pezet et ses semblables.)Dans \u00ab le manifeste du parti communiste \u00bb, en 1848, Karl Marx et Friedrich Engels \u00e9crivaient d\u00e9j\u00e0\u2026 \u00ab La bourgeoisie a d\u00e9pouill\u00e9 de leur aur\u00e9ole toutes les activit\u00e9s  qui passaient jusque-l\u00e0 pour v\u00e9n\u00e9rables et qu\u2019on consid\u00e9rait avec un saint respect. Le m\u00e9decin, le juriste, le pr\u00eatre, le po\u00e8te, le savant, elle en a fait des salari\u00e9s \u00e0 ses gages. \u00bb. Le journaliste bien s\u00fbr aussi. Or il existait encore \u00e0 l\u2019\u00e9poque une presse d\u2019opinion, ind\u00e9pendante, en lien avec les partis politiques. En France, \u00e0 la lib\u00e9ration, en 1945, sous l\u2019impulsion du CNR il y eut un \u00ab fleurissement \u00bb de titres de la presse \u00e9crite, de nombreux journaux ind\u00e9pendants. Mais les m\u00e9dias audiovisuels ont pris le dessus. Les gens pas tous certes, mais un grand nombre, se sont d\u00e9sint\u00e9ress\u00e9s de la lecture lui pr\u00e9f\u00e9rant la facilit\u00e9 du \u00ab gavage m\u00e9diatique \u00bb pr\u00e9 dig\u00e9r\u00e9. Les titres de la presse \u00e9crite ont disparus comme neige au soleil. Quelques-uns subsistent ou surnagent presque tous devenus la propri\u00e9t\u00e9 de Magnas de la presse, de quelques grands groupes financiers ou de banques. Ce fut le cas de Lib\u00e9ration \u00bb disparu puis ressuscit\u00e9 en 1969 par Jean-Paul Sartre et vendu depuis, corps et \u00e2me \u00e0 De Rothschild. Le bon crit\u00e8re pour \u00eatre journaliste ce n\u2019est plus la culture g\u00e9n\u00e9rale l\u2019ouverture d\u2019esprit ou le sens critique, c\u2019est la docilit\u00e9 et l\u2019ob\u00e9issance. Jamais l\u2019observation du manifeste de 1848 n\u2019avait \u00e9t\u00e9 aussi vraie qu\u2019\u00e0 pr\u00e9sent.On ne forme pas des intellectuels brillants et critiques de cette mani\u00e8re-l\u00e0. L\u2019argent, le mercantilisme, la v\u00e9nalit\u00e9, sont des mat\u00e9riaux qui \u00ab bouffe \u00bb l\u2019oxyg\u00e8ne de l\u2019intelligence et \u00e9teignent les lumi\u00e8res de l\u2019esprit.Certains s\u2019\u00e9tonnent parfois de la m\u00e9diocrit\u00e9 actuelle des interf\u00e9rences de \u00ab l\u2019intelligentsia \u00bb dans la vie publique. Il n\u2019y a rien d\u2019\u00e9tonnant pourtant \u00e0 cela.  La mondialisation et \u00ab la pens\u00e9e imp\u00e9rialiste unique \u00bb ont provoqu\u00e9 une r\u00e9gression intellectuelle, la perte m\u00eame du \u00ab libre arbitre \u00bb. Il y a belle lurette que la France des philosophes ne produit plus de \u00ab lumi\u00e8res \u00bb, ceux d\u2019\u00e0 pr\u00e9sent sont plut\u00f4t cr\u00e9pusculaires.Et bien s\u00fbr il ne saurait en aller autrement des journalistes simples scribes au service d\u2019un patron.Voyez plut\u00f4t cet exemple \u00e9difiant :Non, Montesquieu n\u2019a pas \u00e9crit\u2009: \u00abIl faut condamner celui qui fait la guerre, mais plus encore celui qui l\u2019a rendue in\u00e9vitable\u00bb(*)S\u2019indigne Jacques Pezet journaliste dans \u00ab Lib\u00e9ration \u00bb (*)Et de poursuivre : \u00ab Brandie par les poutinophiles comme caution intellectuelle pour d\u00e9fendre l\u2019invasion, cette ann\u00e9e, de l\u2019Ukraine par la Russie, la phrase pr\u00eat\u00e9e \u00e0 Montesquieu n\u2019est pas de lui mais d\u2019un historien du XVIIIe si\u00e8cle, qui justifiait la guerre franco-autrichienne de 1\u2009792. \u00bbLes opposants \u00e0 l\u2019obligation vaccinale covid et au passe sanitaire ; \u00ab anti-vax \u00bb \u00ab complotistes \u00bb et voil\u00e0 d\u00e9j\u00e0 les contestataires de la propagande guerri\u00e8re occidentale boul\u00e9s dans les cordes avec l\u2019\u00e9pith\u00e8te sens\u00e9e \u00eatre infamante de \u00ab Poutinophile \u00bb. Le \u00ab poutinophile \u00bb \u00e9tant je suppose \u00ab l\u2019imb\u00e9cile \u00bb qui gobe la propagande de guerre russe. Cela est tout au moins le point de vue des \u00ab imb\u00e9ciles am\u00e9ricanophiles \u00bb qui se croient plus intelligents d\u2019avoir ingurgit\u00e9 une overdose de propagande de guerre otanesque.Ce genre d\u2019insultes n\u2019apportent rien \u00e0 la r\u00e9flexion. Elles ont pour objet de finir le d\u00e9bat avant de l\u2019avoir commenc\u00e9. Dr\u00f4le de pr\u00e9ambule pour des \u00ab Intellectuels \u00bb dont la pens\u00e9e th\u00e9oriquement commande l\u2019\u00e9coute de l\u2019autre et un sens aigu du discernement.Toutefois l\u2019essentiel n\u2019est pas l\u00e0. \u00ab Les v\u00e9ritables responsables des guerres ne sont pas ceux qui les font mais ceux qui les ont rendues in\u00e9vitables. \u00bb Cette phrase est superbe. Rondement tourn\u00e9e et d\u2019une profondeur incontestable. Elle fait \u00e9cho \u00e0 cette autre qui dit que \u00ab les guerres sont faites par des gens qui s\u2019entretuent sans se connaitre au profit d\u2019autres qui se connaissent mais ne s\u2019entretuent pas. \u00bb.Cette phrase est superbe. Rondement tourn\u00e9e et d\u2019une profondeur incontestable. Elle m\u00e9riterait que notre journaliste s\u2019y attarde. En explique le sens profond et la port\u00e9e philosophique, je ne sais quoi encore. L\u2019ex\u00e9g\u00e8se est l\u2019attribue des intellectuels professionnels \u00bb, pas des autodidactes de mon esp\u00e8ce.Mais Jacques Pezet, lui s\u2019acharne, longuement \u00e0 nous d\u00e9montrer qu\u2019elle n\u2019est pas de Montesquieu la phrase que de m\u00e9chants poutinophiles voudraient s\u2019accaparer \u00e0 titre de \u00ab caution \u00bb intellectuelle. Elle serait d\u2019un historien du 18\u00e8me si\u00e8cle, probablement ex\u00e9crable lui aussi puisqu\u2019il voulait justifier la guerre franco-allemande de 1870. A moins que ce ne soit une invention de Napol\u00e9on III ?Vous remarquerez au passage, que cette citation que l\u2019on croyait cens\u00e9e, voire m\u00eame intelligente et avis\u00e9e, a \u00e9t\u00e9 r\u00e9trograd\u00e9e par notre \u00ab scribouillard \u00bb au rang de simple \u00ab slogan \u00bb de la propagande belliciste, bonne \u00e0 tous les temps et \u00e0 toutes les guerres.Ses efforts sont vains, son texte aussi inutile que d\u00e9suet. En se pr\u00eatant \u00e0 cet exercice futile Jacques Pezet ne parvient qu\u2019\u00e0 se ranger au nombre, faramineux de nos jours, des intellectuels d\u00e9cadents.Qu\u2019est-ce donc qu\u2019on en a v\u00e9ritablement \u00e0 fiche que cette citation soit de qui elle veut ? Cette phrase est superbe. Rondement tourn\u00e9e et d\u2019une profondeur incontestable. Voil\u00e0-t-il pas l\u2019essentiel ? Qu\u2019est-ce que cela enl\u00e8ve vraiment \u00e0 son sens et \u00e0 sa profondeur si elle n\u2019est pas de Montesquieu ? Serait-elle l\u2019\u0153uvre d\u2019un ivrogne r\u00e9pertori\u00e9e dans les \u00ab Br\u00e8ves de comptoirs \u00bb de Jean-Marie Gourio,  elle n\u2019en aurait pas moins de valeur.Voil\u00e0 un vrai sujet de dissertation. S\u2019il poss\u00e8de encore quelques neurones op\u00e9rants il me serait agr\u00e9able que Monsieur Jacques Pezet s\u2019efforce d\u2019y consacrer un peu de son temps. Ne vous astreignez pas messieurs les intellectuels \u00e0 disserter sur la forme, le style ou l\u2019authenticit\u00e9 des textes, cela est du ressort des seules \u00ab t\u00eates bien remplies \u00bb, mais interrogez-vous, interrogez-nous sur le fond des choses qui est du ressort des \u00ab t\u00eates bien faites \u00bb.Patrick Seignon. \u00ab lavoiedessansvoix.fr \u00bb . Vendredi 17 f\u00e9vrier 2023.(*)par Jacques Pezetpubli\u00e9 le 23 octobre 2022 \u00e0 19h37<\/p>\n","protected":false},"excerpt":{"rendered":"<p>PETITE CHRONIQUE DE LA D\u00c9CADENCE INTELLECTUELLE(A l\u2019adresse de Mr jacques Pezet et ses semblables.)Dans \u00ab le manifeste du parti communiste [&hellip;]<\/p>\n","protected":false},"author":1,"featured_media":4044,"comment_status":"open","ping_status":"open","sticky":false,"template":"","format":"standard","meta":{"sfsi_plus_gutenberg_text_before_share":"","sfsi_plus_gutenberg_show_text_before_share":"","sfsi_plus_gutenberg_icon_type":"","sfsi_plus_gutenberg_icon_alignemt":"","sfsi_plus_gutenburg_max_per_row":"","site-sidebar-layout":"default","site-content-layout":"","ast-site-content-layout":"default","site-content-style":"default","site-sidebar-style":"default","ast-global-header-display":"","ast-banner-title-visibility":"","ast-main-header-display":"","ast-hfb-above-header-display":"","ast-hfb-below-header-display":"","ast-hfb-mobile-header-display":"","site-post-title":"","ast-breadcrumbs-content":"","ast-featured-img":"","footer-sml-layout":"","ast-disable-related-posts":"","theme-transparent-header-meta":"","adv-header-id-meta":"","stick-header-meta":"","header-above-stick-meta":"","header-main-stick-meta":"","header-below-stick-meta":"","astra-migrate-meta-layouts":"default","ast-page-background-enabled":"default","ast-page-background-meta":{"desktop":{"background-color":"var(--ast-global-color-4)","background-image":"","background-repeat":"repeat","background-position":"center center","background-size":"auto","background-attachment":"scroll","background-type":"","background-media":"","overlay-type":"","overlay-color":"","overlay-opacity":"","overlay-gradient":""},"tablet":{"background-color":"","background-image":"","background-repeat":"repeat","background-position":"center center","background-size":"auto","background-attachment":"scroll","background-type":"","background-media":"","overlay-type":"","overlay-color":"","overlay-opacity":"","overlay-gradient":""},"mobile":{"background-color":"","background-image":"","background-repeat":"repeat","background-position":"center center","background-size":"auto","background-attachment":"scroll","background-type":"","background-media":"","overlay-type":"","overlay-color":"","overlay-opacity":"","overlay-gradient":""}},"ast-content-background-meta":{"desktop":{"background-color":"var(--ast-global-color-5)","background-image":"","background-repeat":"repeat","background-position":"center center","background-size":"auto","background-attachment":"scroll","background-type":"","background-media":"","overlay-type":"","overlay-color":"","overlay-opacity":"","overlay-gradient":""},"tablet":{"background-color":"var(--ast-global-color-5)","background-image":"","background-repeat":"repeat","background-position":"center center","background-size":"auto","background-attachment":"scroll","background-type":"","background-media":"","overlay-type":"","overlay-color":"","overlay-opacity":"","overlay-gradient":""},"mobile":{"background-color":"var(--ast-global-color-5)","background-image":"","background-repeat":"repeat","background-position":"center center","background-size":"auto","background-attachment":"scroll","background-type":"","background-media":"","overlay-type":"","overlay-color":"","overlay-opacity":"","overlay-gradient":""}},"footnotes":""},"categories":[16],"tags":[],"class_list":["post-464","post","type-post","status-publish","format-standard","has-post-thumbnail","hentry","category-archives-cms"],"_links":{"self":[{"href":"https:\/\/lavoiedessansvoix.fr\/lavoie\/wp-json\/wp\/v2\/posts\/464","targetHints":{"allow":["GET"]}}],"collection":[{"href":"https:\/\/lavoiedessansvoix.fr\/lavoie\/wp-json\/wp\/v2\/posts"}],"about":[{"href":"https:\/\/lavoiedessansvoix.fr\/lavoie\/wp-json\/wp\/v2\/types\/post"}],"author":[{"embeddable":true,"href":"https:\/\/lavoiedessansvoix.fr\/lavoie\/wp-json\/wp\/v2\/users\/1"}],"replies":[{"embeddable":true,"href":"https:\/\/lavoiedessansvoix.fr\/lavoie\/wp-json\/wp\/v2\/comments?post=464"}],"version-history":[{"count":2,"href":"https:\/\/lavoiedessansvoix.fr\/lavoie\/wp-json\/wp\/v2\/posts\/464\/revisions"}],"predecessor-version":[{"id":4045,"href":"https:\/\/lavoiedessansvoix.fr\/lavoie\/wp-json\/wp\/v2\/posts\/464\/revisions\/4045"}],"wp:featuredmedia":[{"embeddable":true,"href":"https:\/\/lavoiedessansvoix.fr\/lavoie\/wp-json\/wp\/v2\/media\/4044"}],"wp:attachment":[{"href":"https:\/\/lavoiedessansvoix.fr\/lavoie\/wp-json\/wp\/v2\/media?parent=464"}],"wp:term":[{"taxonomy":"category","embeddable":true,"href":"https:\/\/lavoiedessansvoix.fr\/lavoie\/wp-json\/wp\/v2\/categories?post=464"},{"taxonomy":"post_tag","embeddable":true,"href":"https:\/\/lavoiedessansvoix.fr\/lavoie\/wp-json\/wp\/v2\/tags?post=464"}],"curies":[{"name":"wp","href":"https:\/\/api.w.org\/{rel}","templated":true}]}}