{"id":463,"date":"2023-02-21T09:14:00","date_gmt":"2023-02-21T08:14:00","guid":{"rendered":"https:\/\/lavoiedessansvoix.fr\/lavoie\/2023\/02\/21\/archive-tout-comprendre-de-la-guerre-en-ukraine-i-de-l-ombre-de-la-propagande-a-la-lumie\/"},"modified":"2026-04-26T20:34:43","modified_gmt":"2026-04-26T18:34:43","slug":"archive-tout-comprendre-de-la-guerre-en-ukraine-i-de-l-ombre-de-la-propagande-a-la-lumie","status":"publish","type":"post","link":"https:\/\/lavoiedessansvoix.fr\/lavoie\/2023\/02\/21\/archive-tout-comprendre-de-la-guerre-en-ukraine-i-de-l-ombre-de-la-propagande-a-la-lumie\/","title":{"rendered":"TOUT COMPRENDRE DE LA GUERRE EN UKRAINE. I -DE L\u2019OMBRE DE LA PROPAGANDE A LA LUMIERE DE LA VERITE."},"content":{"rendered":"<p>TOUT COMPRENDRE DE LA GUERRE EN UKRAINECe long article en 5 volets, dont je publierai la totalit\u00e9, un chaque jour du 21 au 25 f\u00e9vrier inclus, proc\u00e8de de la volont\u00e9 de faire mentir l\u2019Histoire et que cette fois les peuples debout contre la guerre conjurent la catastrophe qui les menace.Patrick Seignon. 21 f&#038;vrier 202I -DE L\u2019OMBRE DE LA PROPAGANDE A LA LUMI\u00c8RE DE LA V\u00c9RIT\u00c9.1 &#8211; Nous reprendrons l\u2019Alsace et la Lorraine \u00bb !L\u2019horizon \u00e0 atteindre c\u2019\u00e9tait \u00ab La ligne bleue des Vosges \u00bb. Ouvriers et paysans enr\u00f4l\u00e9s partirent dit-on \u00ab la fleur au fusil \u00bb fiche en une semaine une racl\u00e9e aux \u2018casques \u00e0 pointe \u00bb de Guillaume. La fureur nationaliste qui s\u2019empara des peuples \u00e0 l\u2019or\u00e9e de la premi\u00e8re guerre mondiale, d\u2019anciens combattants en croix de feu, de faisceaux \u00bb en \u00ab nazisme \u00bb se prolongea jusqu\u2019\u00e0 la deuxi\u00e8me guerre mondiale Il a fallu plusieurs d\u00e9cennies pour que les yeux se d\u00e9cillent ; pour que les descendants de \u00ab ses h\u00e9ros \u00bb malgr\u00e9 eux r\u00e9alisent que leurs a\u00efeux avaient \u00e9t\u00e9 bern\u00e9s. Ces braves poilus furent surtout des martyres, la chair \u00e0 canon de l\u2019industrie et de la banque. Ils s\u2019entretuaient au nom de la Patrie et ils mourraient pour Krupp et De Vandel. Pour la satisfaction des app\u00e9tits de profits, boulimiques, des maitres de forges. Il a fallu plusieurs d\u00e9cennies pour que le grand public apprenne que beaucoup de ces \u00ab h\u00e9ros \u00bb soi-disant morts la ba\u00efonnette au canon, dans les tranch\u00e9es pestilentielles, avaient \u00e9t\u00e9 abattus par leurs propres officiers lorsqu\u2019ils refusaient d\u2019avancer.La \u00ab grande deuxi\u00e8me \u00bb il est vrai \u00e0 brouill\u00e9 les cartes, et les consciences. Ce fut dit le narratif officiel qui est celui des vainqueurs, une guerre des id\u00e9es et de la morale. La guerre pour la \u00ab Libert\u00e9 \u00bb contre \u00ab les totalitarismes \u00bb, contre l\u2019antis\u00e9mitisme et les discriminations. De quoi faire l\u2019unanimit\u00e9 des opinions. Il aura fallu l\u00e0 encore, attendre 80 ans pour que quelques yeux se d\u00e9cillent, pas tous, que des historiens peu nombreux, une fraction de l\u2019opinion mondiale, comprennent et osent dirent, que celle-l\u00e0 comme la pr\u00e9c\u00e9dente \u00e9tait, par-del\u00e0 l\u2019\u00e9cran des id\u00e9es, une guerre pour les int\u00e9r\u00eats des puissances de l\u2019industrie et de la banque.Non, l\u2019Allemagne n\u2019est pas entr\u00e9e en guerre afin de mettre en \u0153uvre \u00ab la Shoa \u00bb ni pour abattre la \u00ab d\u00e9mocratie \u00bb. L\u2019Allemagne est entr\u00e9e en guerre, pour sustenter sa puissance en s\u2019emparant des territoires europ\u00e9ens de peuplement germaniques et germanophones, afin d\u2019\u00eatre de taille \u00e0 disputer, leurs empires coloniaux et la domination des mers, \u00e0 l\u2019Angleterre et \u00e0 la France.La France et l\u2019Angleterre ne sont pas entr\u00e9e en Guerre contre l\u2019Allemagne et \u00ab l\u2019Axe \u00bb pour d\u00e9fendre la d\u00e9mocratie, la libert\u00e9, ou autres \u00ab balivernes \u00bb, elles sont entr\u00e9es en guerre pour d\u00e9fendre leur statut respectif de premi\u00e8res puissance coloniales mondiales et de maitres du commerce maritime.Les \u00c9tats-Unis eux-m\u00eames n\u2019en avaient \u00ab rien \u00e0 battre \u00bb de la d\u00e9mocratie, de la libert\u00e9 des peuples europ\u00e9ens, du martyre de l\u2019Union sovi\u00e9tique, du martyre des juifs. Ces valeurs politiques et morales c\u2019est bon pour \u00ab la galerie \u00bb, pour duper les bons peuples na\u00effs. Ils le prouv\u00e8rent maintes fois ensuite, quand devenus maitre du jeu, ils les foul\u00e8rent aux pieds par mille interventions militaires brutales ou autres ing\u00e9rences, par leur soutien \u00e0 toutes les dictatures sanglantes de la plan\u00e8te de ce temps. Ils leur pr\u00e9f\u00e8rent nettement des valeurs plus \u00ab sonnantes et tr\u00e9buchantes \u00bb. S\u2019ils entr\u00e8rent tardivement en guerre ce ne fut pas m\u00fb par le d\u00e9sir de lib\u00e9rer les camps de concentration nazis mais pour imposer leur domination plan\u00e9taire. La vraie guerre des USA fut celle pour la domination du pacifique que lui disputait le Japon. S\u2019ls d\u00e9barqu\u00e8rent sur les plages de la Manche se fut afin de pouvoir partager avec l\u2019Union Sovi\u00e9tique les lauriers de la victoire contre \u00ab le nazisme \u00bb (dixit l\u2019Allemagne) dont l\u2019Arm\u00e9e Rouge avaient bouscul\u00e9es les hordes \u00e0 travers toute l\u2019Europe et approchaient \u00e0 pr\u00e9sent de Berlin. Partager les \u00ab lauriers \u00bb de la victoire \u00e9tait indispensable \u00e0 l\u2019acquisition de la qualit\u00e9 de \u00ab lib\u00e9rateur \u00bb et au soin de la l\u00e9gende de la \u00ab statue de la libert\u00e9 \u00bb.La conf\u00e9rence de Yalta, (Staline, Churchill, Roosevelt), \u00e0 l\u2019instar de celle de Berlin en 1895, ne fut rien autre qu\u2019une conf\u00e9rence pour un nouveau partage du monde par laquelle les USA actaient leur nouveau statut de premi\u00e8re puissance mondiale et l\u2019Urss s\u2019enveloppait d\u2019un \u00ab manteau \u00bb strat\u00e9gique d\u2019Etats satellites. Le plan Marshall \u00e9tait un plan de colonisation am\u00e9ricaine de l\u2019Europe.2 \u2013 \u00c7a recommence. \u00ab\u00a0Nous reprendrons la Crim\u00e9e et Donbass!\u00a0\u00bb.Et voil\u00e0 que l\u2019on remet \u00e7a quelques quatre-vingt ans apr\u00e8s et que les peuples modernes que l\u2019on eut esp\u00e9r\u00e9s plus \u00e9clair\u00e9s, se laissent encore embobiner par la grossi\u00e8re propagande de guerre. Les \u00ab principes internationaux \u00bb, les grandes id\u00e9es, les belles d\u00e9clarations d\u2019intentions, la libert\u00e9, la d\u00e9mocratie, les droits de l\u2019Homme, le droit d\u2019ing\u00e9rence humanitaire, et autres balivernes. Autant de \u00ab BEAUX \u00bb principes auxquels on pourrait et devrait adh\u00e9rer, mais qui ne sont en v\u00e9rit\u00e9 que fadaises et menteries sous l\u2019empire de la domination imp\u00e9rialiste des USA. Les guerres imp\u00e9rialistes ne sont jamais faites pour de telles \u00ab futilit\u00e9s \u00bb, elles sont faites pour le p\u00e9trole, le gaz, les \u00ab terres-rares \u00bb, l\u2019uranium, les possessions territoriales, et que sais-je encore ? Les richesses quoi ! Les grands principes et la morale n\u2019ont rien \u00e0 voir l\u00e0-dedans.La guerre qui a actuellement cours en Ukraine n\u2019\u00e9chappe pas \u00e0 la r\u00e8gle.  Non \u00e7a n\u2019est pas celle du monde libre contre l\u2019autoritarisme. Non \u00e7a n\u2019est pas celle de la d\u00e9mocratie contre la dictature. C\u2019est la guerre de la puissance imp\u00e9rialiste dominante que sont les USA contre une puissance subalterne dont elle craint l\u2019\u00e9mergence et qu\u2019elle veut r\u00e9duire en miettes (diviser pour r\u00e9gner,) afin de la soumettre d\u00e9finitivement et de s\u2019emparer de ses richesses : P\u00e9trole, gaz, terres rares, etc. ? Cette r\u00e9alit\u00e9 est occult\u00e9e par la propagande officielle, mais c\u2019est la seule qui vaille.Mais bien s\u00fbr, lorsque la machine m\u00e9diatique de la propagande guerri\u00e8re se met \u00e0 hurler \u00e0 la guerre, il est rare que les populations r\u00e9sistent aux chants des sir\u00e8nes d\u00e9biles. Seule une petite fraction des opinions \u00e9chappe \u00e0 cet \u00ab enchantement morbide. \u00bb, et une plus petite encore ose se dresser contre la v\u00e9rit\u00e9 \u00bb officielle, ramer \u00e0 \u00ab contre-courant \u00bb, s\u2019exposer aux insultes d\u2019abord (poutinosph\u00e8re, etc.) \u00e0 la r\u00e9pression et au meurtre apr\u00e8s. (Jean Jaur\u00e8s figure de proue du mouvement antiguerre en France fut assassin\u00e9 le 31 juillet 1914 au caf\u00e9 le croissant rue Montmartre \u00e0 Paris, 3 jours avant la d\u00e9claration de guerre) Quand, le peuple d\u2019Ukraine apprendra-t-il qu\u2019il a \u00e9t\u00e9 flou\u00e9 encore comme le furent ses ain\u00e9s ? Quand r\u00e9alisera-t-il qu\u2019il a \u00e9t\u00e9 l\u2019objet d\u2019une escroquerie historique ; Quand apprendra-t-il qu\u2019il a fait une guerre, s\u2019est sacrifi\u00e9, assist\u00e9 et m\u00eame contribu\u00e9 \u00e0 la d\u00e9vastation de son pays, non pour lui-m\u00eame, sa propre s\u00e9curit\u00e9, son avenir, ses int\u00e9r\u00eats, mais pour le service des desseins m\u00e9galomaniaques de l\u2019Empire Am\u00e9ricain d\u2019Occident ? Quand r\u00e9alisera-t-il qu\u2019il a \u00e9t\u00e9 enr\u00f4l\u00e9, souvent de force, dans une guerre par d\u00e9l\u00e9gation contre ses fr\u00e8res Russes ? Quand nos propres peuples d\u2019occident arracheront-ils le voile noir de la propagande de guerre \u00ab otanesque \u00bb, quand s\u2019\u00e9veilleront-ils \u00e0 la lumi\u00e8re de la v\u00e9rit\u00e9 ?3 \u2013 La v\u00e9rit\u00e9 comme antidoteLa lumi\u00e8re est plus puissante que l\u2019ombre. La v\u00e9rit\u00e9 finira toujours par sortir de son puits, malheureusement souvent longtemps apr\u00e8s la catastrophe. Il ne faut pourtant pas partir battu. Il faut esp\u00e9rer que cette fois sera diff\u00e9rente des pr\u00e9c\u00e9dentes. Que l\u2019Histoire consentira \u00e0 faire une entorse \u00e0 sa r\u00e8gle. C\u2019est ce \u00e0 quoi pour ma part je suis r\u00e9solu \u00e0 travailler. Ce long article en 5 volets, dont je publierai la totalit\u00e9, un chaque jour du 21 au 25 f\u00e9vrier inclus, proc\u00e8de de cette volont\u00e9. (*)\u00ab Le parti de la guerre a le vent en poupe \u00bb. Il en va presque toujours ainsi au d\u00e9but des hostilit\u00e9s, quand les peuples sid\u00e9r\u00e9s ne comprennent pas encore la catastrophe o\u00f9 les pr\u00e9cipites les (ir)responsbles du monde. Le poison de la propagande annihile les volont\u00e9s. L\u2019argument sur lequel elle surfe, c\u2019est l\u2019agressivit\u00e9 suppos\u00e9 de la Russie, et la responsabilit\u00e9 r\u00e9put\u00e9e seule et enti\u00e8re du Pr\u00e9sident Poutine dans le d\u00e9clenchement de cette guerre. D\u00e8s lors la volont\u00e9 de punir le \u00ab coupable \u00bb et les \u00ab responsables \u00bb justifie, aux yeux de l\u2019opinion, l\u2019escalade militaire pour juguler les pr\u00e9tentions russes. Pour appeler les peuples \u00e0 s\u2019opposer \u00e0 la guerre, il est indispensable de r\u00e9tablir la v\u00e9rit\u00e9, les ant\u00e9riorit\u00e9s des causes du conflit dans lesquelles la responsabilit\u00e9 de l\u2019Occident est \u00e9vidente. Poutine a d\u00e9clench\u00e9 les hostilit\u00e9s le 24 f\u00e9vrier 2022 la politique imp\u00e9rialiste de l\u2019Occident l\u2019y avait contraint. Sans cette clarification il n\u2019y aura pas de mouvement antiguerre qui vaille, ni de perspective de paix possible. Certains veulent renvoyer dos \u00e0 dos les deux imp\u00e9rialismes, russe et am\u00e9ricain. Ceux-l\u00e0 datent du 24 f\u00e9vrier 2022 le d\u00e9but de la guerre en Ukraine, faisant le silence sur ses ant\u00e9riorit\u00e9s. Il s\u2019agit en l\u2019esp\u00e8ce d\u2019une occultation qui les autorise \u00e0 rester impr\u00e9cis quant \u00e0 la politique et aux responsabilit\u00e9s de leur propre imp\u00e9rialisme. Ce positionnement est nuisible \u00e0 l\u2019\u00e9clairage de l\u2019opinion et \u00e0 la mobilisation des peuples contre la guerre. C\u2019est certes la politique imp\u00e9rialiste en g\u00e9n\u00e9ral qui aboutit \u00e0 la guerre ; Il s\u2019agit l\u00e0 d\u2019une v\u00e9rit\u00e9 g\u00e9n\u00e9rique. Mais en l\u2019occurrence, qu\u2019elle est LA politique imp\u00e9rialiste qui a rendu cette guerre ci in\u00e9vitable ? Nous allons r\u00e9pondre \u00e0 cette question.P.S.(*) 1er volet : \u00ab De l\u2019ombre de la propagande \u00e0 la lumi\u00e8re de la v\u00e9rit\u00e9 \u00bb. (Publi\u00e9 ce jour mardi 21 f\u00e9vrier) 2\u00e8me volet : \u00ab Toile de fond \u00bb (a publier le mercredi 22\/2.) 3\u00e8me volet : \u00ab Casus belli \u00bb (a publier le jeudi 23 f\u00e9vrier.) 4\u00e8me volet ; \u00ab La provocation de Ma\u00efdan \u00bb (\u00e0 publier le vendredi 24\u00b4f\u00e9vrier). 5\u00e8me volet : \u00ab La provocation de Minsk. \u00bb (\u00e0 publier samedi 25 F\u00e9vrier.<\/p>\n","protected":false},"excerpt":{"rendered":"<p>TOUT COMPRENDRE DE LA GUERRE EN UKRAINECe long article en 5 volets, dont je publierai la totalit\u00e9, un chaque jour [&hellip;]<\/p>\n","protected":false},"author":1,"featured_media":4043,"comment_status":"open","ping_status":"open","sticky":false,"template":"","format":"standard","meta":{"sfsi_plus_gutenberg_text_before_share":"","sfsi_plus_gutenberg_show_text_before_share":"","sfsi_plus_gutenberg_icon_type":"","sfsi_plus_gutenberg_icon_alignemt":"","sfsi_plus_gutenburg_max_per_row":"","site-sidebar-layout":"default","site-content-layout":"","ast-site-content-layout":"default","site-content-style":"default","site-sidebar-style":"default","ast-global-header-display":"","ast-banner-title-visibility":"","ast-main-header-display":"","ast-hfb-above-header-display":"","ast-hfb-below-header-display":"","ast-hfb-mobile-header-display":"","site-post-title":"","ast-breadcrumbs-content":"","ast-featured-img":"","footer-sml-layout":"","ast-disable-related-posts":"","theme-transparent-header-meta":"","adv-header-id-meta":"","stick-header-meta":"","header-above-stick-meta":"","header-main-stick-meta":"","header-below-stick-meta":"","astra-migrate-meta-layouts":"default","ast-page-background-enabled":"default","ast-page-background-meta":{"desktop":{"background-color":"var(--ast-global-color-4)","background-image":"","background-repeat":"repeat","background-position":"center center","background-size":"auto","background-attachment":"scroll","background-type":"","background-media":"","overlay-type":"","overlay-color":"","overlay-opacity":"","overlay-gradient":""},"tablet":{"background-color":"","background-image":"","background-repeat":"repeat","background-position":"center center","background-size":"auto","background-attachment":"scroll","background-type":"","background-media":"","overlay-type":"","overlay-color":"","overlay-opacity":"","overlay-gradient":""},"mobile":{"background-color":"","background-image":"","background-repeat":"repeat","background-position":"center center","background-size":"auto","background-attachment":"scroll","background-type":"","background-media":"","overlay-type":"","overlay-color":"","overlay-opacity":"","overlay-gradient":""}},"ast-content-background-meta":{"desktop":{"background-color":"var(--ast-global-color-5)","background-image":"","background-repeat":"repeat","background-position":"center center","background-size":"auto","background-attachment":"scroll","background-type":"","background-media":"","overlay-type":"","overlay-color":"","overlay-opacity":"","overlay-gradient":""},"tablet":{"background-color":"var(--ast-global-color-5)","background-image":"","background-repeat":"repeat","background-position":"center center","background-size":"auto","background-attachment":"scroll","background-type":"","background-media":"","overlay-type":"","overlay-color":"","overlay-opacity":"","overlay-gradient":""},"mobile":{"background-color":"var(--ast-global-color-5)","background-image":"","background-repeat":"repeat","background-position":"center center","background-size":"auto","background-attachment":"scroll","background-type":"","background-media":"","overlay-type":"","overlay-color":"","overlay-opacity":"","overlay-gradient":""}},"footnotes":""},"categories":[16],"tags":[],"class_list":["post-463","post","type-post","status-publish","format-standard","has-post-thumbnail","hentry","category-archives-cms"],"_links":{"self":[{"href":"https:\/\/lavoiedessansvoix.fr\/lavoie\/wp-json\/wp\/v2\/posts\/463","targetHints":{"allow":["GET"]}}],"collection":[{"href":"https:\/\/lavoiedessansvoix.fr\/lavoie\/wp-json\/wp\/v2\/posts"}],"about":[{"href":"https:\/\/lavoiedessansvoix.fr\/lavoie\/wp-json\/wp\/v2\/types\/post"}],"author":[{"embeddable":true,"href":"https:\/\/lavoiedessansvoix.fr\/lavoie\/wp-json\/wp\/v2\/users\/1"}],"replies":[{"embeddable":true,"href":"https:\/\/lavoiedessansvoix.fr\/lavoie\/wp-json\/wp\/v2\/comments?post=463"}],"version-history":[{"count":1,"href":"https:\/\/lavoiedessansvoix.fr\/lavoie\/wp-json\/wp\/v2\/posts\/463\/revisions"}],"predecessor-version":[{"id":2945,"href":"https:\/\/lavoiedessansvoix.fr\/lavoie\/wp-json\/wp\/v2\/posts\/463\/revisions\/2945"}],"wp:featuredmedia":[{"embeddable":true,"href":"https:\/\/lavoiedessansvoix.fr\/lavoie\/wp-json\/wp\/v2\/media\/4043"}],"wp:attachment":[{"href":"https:\/\/lavoiedessansvoix.fr\/lavoie\/wp-json\/wp\/v2\/media?parent=463"}],"wp:term":[{"taxonomy":"category","embeddable":true,"href":"https:\/\/lavoiedessansvoix.fr\/lavoie\/wp-json\/wp\/v2\/categories?post=463"},{"taxonomy":"post_tag","embeddable":true,"href":"https:\/\/lavoiedessansvoix.fr\/lavoie\/wp-json\/wp\/v2\/tags?post=463"}],"curies":[{"name":"wp","href":"https:\/\/api.w.org\/{rel}","templated":true}]}}