{"id":462,"date":"2023-02-21T16:49:00","date_gmt":"2023-02-21T15:49:00","guid":{"rendered":"https:\/\/lavoiedessansvoix.fr\/lavoie\/2023\/02\/21\/archive-tout-comprendre-de-la-guerre-en-ukraine-ii-la-toile-de-fond\/"},"modified":"2026-04-26T20:34:35","modified_gmt":"2026-04-26T18:34:35","slug":"archive-tout-comprendre-de-la-guerre-en-ukraine-ii-la-toile-de-fond","status":"publish","type":"post","link":"https:\/\/lavoiedessansvoix.fr\/lavoie\/2023\/02\/21\/archive-tout-comprendre-de-la-guerre-en-ukraine-ii-la-toile-de-fond\/","title":{"rendered":"TOUT COMPRENDRE DE LA GUERRE EN UKRAINE. II \u2013 LA TOILE DE FOND."},"content":{"rendered":"<p>TOUT COMPRENDRE DE LA GUERRE EN UKRAINEII \u2013 LA TOILE DE FOND.Le premier des mensonges, la premi\u00e8re des m\u00e9thodes de la \u00ab propagande \u00bb, c\u2019est la \u00ab simplification \u00bb Voil\u00e0 ce que l\u2019on entend ici en France et dans tout l\u2019espace occidental :\u00ab La Russie a commenc\u00e9 cette guerre en Ukraine le 24 f\u00e9vrier 2022 sans raison apparente autre que des convoitises territoriales. Si on laisse faire Poutine aujourd\u2019hui, comme on laissa faire Hitler aux sud\u00e8tes puis en Pologne, il poussera ses pr\u00e9tentions plus loin, voudra reprendre tout \u00ab l\u2019espace post-sovi\u00e9tique \u00bb. C\u2019est pourquoi il faut le stopper, l\u00e0, tout de suite, en Ukraine. C\u2019est pourquoi Il est impossible de n\u00e9gocier. L\u2019escalade militaire est la seule option possible.ET BIEN NON ! la guerre actuelle en Ukraine n\u2019a pas commenc\u00e9 le 24 f\u00e9vrier2022 mais le 23 f\u00e9vrier 2014 lorsque le Pr\u00e9sident Piotr Ianouk\u00e9vitch, r\u00e9guli\u00e8rement \u00e9lu selon l\u2019avis unanime des observateurs internationaux a dut fuir son pays chass\u00e9 par des manifestants arm\u00e9s. Alors certes l\u2019\u00e9v\u00e8nement fut pudiquement baptis\u00e9 \u00ab R\u00e9volution \u00bb du Ma\u00efdan. \u00ab R\u00c9VOLUTION PENSEZ UN PEU ? Depuis quand les gouvernements europ\u00e9ens et am\u00e9ricains soutiennent-ils des r\u00e9volutions ? essayez d\u2019en faire une de r\u00e9volution pour renverser l\u2019un de ceux-ci et vous serez vite \u00e9difi\u00e9s. Vous verrez comment ses sauvages aiment les r\u00e9volutions, sinon d\u00e9faites et les r\u00e9volutionnaires morts. Cette simple r\u00e9flexion r\u00e9v\u00e8le l\u2019insolence du mensonge qui consista alors a nommer r\u00e9volution ce qui n\u2019\u00e9tait en v\u00e9rit\u00e9 qu\u2019un coup d\u2019\u00c9tat de la pire esp\u00e8ce foment\u00e9 et soutenu par les USA et l\u2019UE et ex\u00e9cut\u00e9 par les nervis des groupes n\u00e9onazis ukrainiens.PETIT APARTE. On se souvient des cris d\u2019orfraie de toute la classe politique europ\u00e9enne, contre l\u2019ascension politique du FP\u00d6 le parti, \u00ab populiste \u00bb disaient-ils, ou \u00ab d\u2019extr\u00eame droite \u00bb, de Jorg Haider en Autriche \u00e0 la fin de la d\u00e9cennie 90. En 2000, pour protester contre la formation d\u2019un gouvernement de coalition \u00ab \u00d6VP (conservateurs) et FP\u00d6 (extr\u00eame droite). \u00bb dans lequel ce dernier parti obtenait cinq portefeuilles tr\u00e8s importants, \u00ab  les 14 partenaires de Vienne au sein de l&rsquo;Union, \u00bb all\u00e8rent jusqu\u2019\u00e0 \u00ab isoler ce pays du reste de l&rsquo;Europe en d\u00e9cidant de couper tout contact politique bilat\u00e9ral officiel avec le gouvernement, de ne pas soutenir les candidats autrichiens dans les organisations internationales et de ne recevoir les ambassadeurs autrichiens qu&rsquo;au niveau technique. \u00bb (Les Echos \u00bb f\u00e9vrier 2000) Il en alla de m\u00eame plus r\u00e9cemment (2006\/2017) avec l\u2019ascension politique du Parti pour la libert\u00e9 (PVV) de Geert Wilders aux Pays-Bas. (\u00ab Toute l\u2019Europe \u00bb) Tous les m\u00e9dias europ\u00e9ens unanimes vilipendaient alors une pareille infamie. Il paraissait que ce serait une honte pour la France et une catastrophe pour son \u00e9conomie si Marine Le Pen \u00e9tait \u00e9lue \u00e0 la Pr\u00e9sidence de la R\u00e9publique. Elle et son parti sont diabolis\u00e9 et c\u2019est \u00e0 ce subterfuge que Macron doit ses deux \u00e9lections bancales (contestables m\u00eame) de 2012 et 2017.La participation au pouvoir d\u2019un parti qualifi\u00e9 \u00ab extr\u00eame droite \u00bb \u00e9tait alors, semble-t-il, une honte inacceptable et m\u00eame un motif r\u00e9dhibitoire pour l\u2019Europe (d\u00e9mocratique).Mais paradoxe (1) Ce sont pourtant les m\u00eames qui ont soutenu sans \u00e9tat d\u2019\u00e2me les putschistes ukrainiens de Ma\u00efdan lesquels s\u2019affichaient ouvertement avec des croix gamm\u00e9es et des saluts nazis, qui se r\u00e9clament de l\u2019h\u00e9ritage de St\u00e9pan Bandera, dont Viktor Iouchtchenko, alors pr\u00e9sident du pays fit officiellement \u00ab un h\u00e9ros de l\u2019Ukraine \u00bb en janvier 2010.Bandera le sulfureux. Il faut nous arr\u00eater quelques instants sur la personnalit\u00e9 de cet homme dont l\u2019Ukraine contemporaine a fait un h\u00e9ros et auxquels se r\u00e9f\u00e8rent les groupes activistes qui firent le coup de feu de la place Ma\u00efdan en 2014. L\u2019Ukraine \u00e9tait alors une R\u00e9publique socialiste sovi\u00e9tique partie prenante de l\u2019URSS. Bandera \u00e9tait un Nationaliste Ukrainien \u2018(Galicien en v\u00e9rit\u00e9) qui luttait pour l\u2019ind\u00e9pendance de l\u2019Ukraine, contre l\u2019URSS. Les hordes Hitl\u00e9rienne en Marche \u00bb en 1941 pour l\u2019op\u00e9ration \u00ab Barbarossa \u00bb de destruction de l\u2019URSS, envahissant l\u2019Ukraine, furent accueillie \u00e0 bras ouverts, comme des lib\u00e9rateurs, par les nationalistes ukrainiens. Ceux-ci collabor\u00e8rent activement avec le r\u00e9gime nazi, au point de former une \u00ab 14\u00e8me division SS ukrainienne nomm\u00e9e \u00ab Galicie. \u00bb et prendre une large part \u00e0 ce que l\u2019on appelle \u00e0 pr\u00e9sent \u00ab la Shoa par balles \u00bb, l\u2019extermination des juifs et des communistes ukrainiens Fini donc les \u00ab grands principes \u00bb et les fausses pudeurs dont l\u2019Europe se parait, les \u00ab fascistes \u00bb, ou pr\u00e9tendus tels, ind\u00e9sirables en Autriche aux Pays bas ou en France, sont devenus tout \u00e0 coup acceptables en Ukraine.\u00ab La fin justifie les moyens \u00bb. Ils ne les ont pas vu. Ils ferment les yeux. Ils veulent arracher l\u2019Ukraine \u00e0 l\u2019influence Russe, comment mieux s\u2019y prendre qu\u2019en poussant au pouvoir les pires RUSSOPHOBES QUI SOIT ? Telle est l\u2019explication de cette c\u00e9cit\u00e9 de circonstance. Mais il y avait deux os. Le premier : Cette accession de l\u2019extr\u00eame droite russophobe au pouvoir en Ukraine ouvrait la voie \u00e0 une adh\u00e9sion prochaine de celle-ci \u00e0 l\u2019U.E. et son int\u00e9gration \u00e0 l\u2019O.T.A.N. Si cela se faisait la Crim\u00e9e, possession de l\u2019Empire russe puis de l\u2019URSS depuis passerait dans l\u2019escarcelle de l\u2019O.I.A.N. et avec elle le contr\u00f4le de la mer Noire.Le second : A l\u2019Est de l\u2019Ukraine la population est archi majoritairement russophone et russophile. (2) Et c\u2019est au demeurant la r\u00e9gion la plus industrielle du pays, c\u2019est dire aussi la plus ouvri\u00e8re, attach\u00e9e \u00e0 la Russie par l\u2019histoire m\u00eame de la R\u00e9volution (1917-1924) et de la formation de l\u2019URSS dont elle fut l\u2019une des RSS associ\u00e9es depuis 1922 et durant soixante-dix ans.21\/2\/2022. P.S.(1) Les manifestations de l&rsquo;EuroMa\u00efdan, fin 2013, d\u00e9but 2014 d\u00e9g\u00e9n\u00e8rent en affrontement arm\u00e9 entre manifestants et policiers. Les groupes d&rsquo;extr\u00eame droites ukrainiens (n\u00e9onazis:\u00a0\u00bb Svoboda\u00a0\u00bb, \u00ab\u00a0Secteur droit\u00a0\u00bb, \u00ab\u00a0Bataillon Azov\u00a0\u00bb) sont \u00e0 la man\u0153uvre. Se sont eux qui soutenus pas les USA vont provoquer le d\u00e9part du Pr\u00e9sident Ianouk\u00e9vitch d\u00e9mocratiquement \u00e9lu et r\u00e9genter la formation d&rsquo;un nouveau gouvernement d&rsquo;ultradroite-pro europ\u00e9en, sans proc\u00e9der \u00e0 de nouvelles \u00e9lections.<\/p>\n","protected":false},"excerpt":{"rendered":"<p>TOUT COMPRENDRE DE LA GUERRE EN UKRAINEII \u2013 LA TOILE DE FOND.Le premier des mensonges, la premi\u00e8re des m\u00e9thodes de [&hellip;]<\/p>\n","protected":false},"author":1,"featured_media":4042,"comment_status":"open","ping_status":"open","sticky":false,"template":"","format":"standard","meta":{"sfsi_plus_gutenberg_text_before_share":"","sfsi_plus_gutenberg_show_text_before_share":"","sfsi_plus_gutenberg_icon_type":"","sfsi_plus_gutenberg_icon_alignemt":"","sfsi_plus_gutenburg_max_per_row":"","site-sidebar-layout":"default","site-content-layout":"","ast-site-content-layout":"default","site-content-style":"default","site-sidebar-style":"default","ast-global-header-display":"","ast-banner-title-visibility":"","ast-main-header-display":"","ast-hfb-above-header-display":"","ast-hfb-below-header-display":"","ast-hfb-mobile-header-display":"","site-post-title":"","ast-breadcrumbs-content":"","ast-featured-img":"","footer-sml-layout":"","ast-disable-related-posts":"","theme-transparent-header-meta":"","adv-header-id-meta":"","stick-header-meta":"","header-above-stick-meta":"","header-main-stick-meta":"","header-below-stick-meta":"","astra-migrate-meta-layouts":"default","ast-page-background-enabled":"default","ast-page-background-meta":{"desktop":{"background-color":"var(--ast-global-color-4)","background-image":"","background-repeat":"repeat","background-position":"center center","background-size":"auto","background-attachment":"scroll","background-type":"","background-media":"","overlay-type":"","overlay-color":"","overlay-opacity":"","overlay-gradient":""},"tablet":{"background-color":"","background-image":"","background-repeat":"repeat","background-position":"center center","background-size":"auto","background-attachment":"scroll","background-type":"","background-media":"","overlay-type":"","overlay-color":"","overlay-opacity":"","overlay-gradient":""},"mobile":{"background-color":"","background-image":"","background-repeat":"repeat","background-position":"center center","background-size":"auto","background-attachment":"scroll","background-type":"","background-media":"","overlay-type":"","overlay-color":"","overlay-opacity":"","overlay-gradient":""}},"ast-content-background-meta":{"desktop":{"background-color":"var(--ast-global-color-5)","background-image":"","background-repeat":"repeat","background-position":"center center","background-size":"auto","background-attachment":"scroll","background-type":"","background-media":"","overlay-type":"","overlay-color":"","overlay-opacity":"","overlay-gradient":""},"tablet":{"background-color":"var(--ast-global-color-5)","background-image":"","background-repeat":"repeat","background-position":"center center","background-size":"auto","background-attachment":"scroll","background-type":"","background-media":"","overlay-type":"","overlay-color":"","overlay-opacity":"","overlay-gradient":""},"mobile":{"background-color":"var(--ast-global-color-5)","background-image":"","background-repeat":"repeat","background-position":"center center","background-size":"auto","background-attachment":"scroll","background-type":"","background-media":"","overlay-type":"","overlay-color":"","overlay-opacity":"","overlay-gradient":""}},"footnotes":""},"categories":[16],"tags":[],"class_list":["post-462","post","type-post","status-publish","format-standard","has-post-thumbnail","hentry","category-archives-cms"],"_links":{"self":[{"href":"https:\/\/lavoiedessansvoix.fr\/lavoie\/wp-json\/wp\/v2\/posts\/462","targetHints":{"allow":["GET"]}}],"collection":[{"href":"https:\/\/lavoiedessansvoix.fr\/lavoie\/wp-json\/wp\/v2\/posts"}],"about":[{"href":"https:\/\/lavoiedessansvoix.fr\/lavoie\/wp-json\/wp\/v2\/types\/post"}],"author":[{"embeddable":true,"href":"https:\/\/lavoiedessansvoix.fr\/lavoie\/wp-json\/wp\/v2\/users\/1"}],"replies":[{"embeddable":true,"href":"https:\/\/lavoiedessansvoix.fr\/lavoie\/wp-json\/wp\/v2\/comments?post=462"}],"version-history":[{"count":1,"href":"https:\/\/lavoiedessansvoix.fr\/lavoie\/wp-json\/wp\/v2\/posts\/462\/revisions"}],"predecessor-version":[{"id":2943,"href":"https:\/\/lavoiedessansvoix.fr\/lavoie\/wp-json\/wp\/v2\/posts\/462\/revisions\/2943"}],"wp:featuredmedia":[{"embeddable":true,"href":"https:\/\/lavoiedessansvoix.fr\/lavoie\/wp-json\/wp\/v2\/media\/4042"}],"wp:attachment":[{"href":"https:\/\/lavoiedessansvoix.fr\/lavoie\/wp-json\/wp\/v2\/media?parent=462"}],"wp:term":[{"taxonomy":"category","embeddable":true,"href":"https:\/\/lavoiedessansvoix.fr\/lavoie\/wp-json\/wp\/v2\/categories?post=462"},{"taxonomy":"post_tag","embeddable":true,"href":"https:\/\/lavoiedessansvoix.fr\/lavoie\/wp-json\/wp\/v2\/tags?post=462"}],"curies":[{"name":"wp","href":"https:\/\/api.w.org\/{rel}","templated":true}]}}