{"id":460,"date":"2023-02-24T15:30:00","date_gmt":"2023-02-24T14:30:00","guid":{"rendered":"https:\/\/lavoiedessansvoix.fr\/lavoie\/2023\/02\/24\/archive-tout-comprendre-de-la-guerre-en-ukraine-iv-la-provocation-de-maidan\/"},"modified":"2026-04-26T20:34:18","modified_gmt":"2026-04-26T18:34:18","slug":"archive-tout-comprendre-de-la-guerre-en-ukraine-iv-la-provocation-de-maidan","status":"publish","type":"post","link":"https:\/\/lavoiedessansvoix.fr\/lavoie\/2023\/02\/24\/archive-tout-comprendre-de-la-guerre-en-ukraine-iv-la-provocation-de-maidan\/","title":{"rendered":"TOUT COMPRENDRE DE LA GUERRE EN UKRAINE.. IV \u2013 LA PROVOCATION DE MA\u00cfDAN"},"content":{"rendered":"<p>TOUT COMPRENDRE DE LA GUERRE EN UKRAINE. IV \u2013 LA PROVOCATION DE MA\u00cfDAN1 \u2013 Ing\u00e9rence.Les occidentaux, USA et UE vilipendent \u00ab les aspirations territoriales, r\u00e9elles ou fantasm\u00e9es, de la Russie en Ukraine, voire plus loin. Mais Pourquoi ont-ils eux-m\u00eames pouss\u00e9 l\u2019extr\u00eame droite russophobe au pouvoir si ce n\u2019est-pour satisfaire leurs propres vis\u00e9es expansionnistes ? Car l\u2019adh\u00e9sion projet\u00e9e de l\u2019Ukraine \u00e0 l\u2019UE n\u2019\u00e9tait-ce pas une forme d\u2019annexion ? L\u2019int\u00e9gration de l\u2019Ukraine \u00e0 l\u2019OTAN, ne serait-ce pas l\u2019annexion de celle-ci \u00e0 l\u2019Empire Am\u00e9ricain d\u2019Occident ? Et par-del\u00e0 ces objectifs territoriaux, pousser plus avant jusqu\u2019aux fronti\u00e8res de la Russie, le dispositif militaire de l\u2019OTAN. (Adh\u00e9sion de l\u2019Ukraine \u00e0 l\u2019UE et \u00e0 l\u2019Otan \u00bb), tel n\u2019\u00e9tait-il pas l\u2019objectif strat\u00e9gique recherch\u00e9 ? Par les marches de l\u2019Ouest vinrent en 1941 les hordes nazis de l\u2019op\u00e9ration Barbarossa, ouvertement soutenues par les nationalistes ukrainiens d\u2019alors. N\u2019y a-t-il pas l\u00e0 mati\u00e8re \u00e0 aviver la susceptibilit\u00e9 de la Russie quand il s\u2019agit du statut g\u00e9ostrat\u00e9gique de l\u2019Ukraine ? Le traumatisme historique que la Russie en a gard\u00e9 n\u2019est-il pas compr\u00e9hensible, et ses pr\u00e9venances sur le danger venu de sa fronti\u00e8re ouest ne sont-elles pas l\u00e9gitimes ?Un \u00ab Accord d\u2019association entre l\u2019UE et l\u2019Ukraine \u00bb, sorte d\u2019adh\u00e9sion pr\u00e9alable de l\u2019Ukraine \u00e0 l\u2019UE, \u00e9tait en pr\u00e9paration depuis trois ans. La Russie elle avait propos\u00e9 un autre accord de \u00ab libre \u00e9change \u00ab de l\u2019Ukraine avec la CEI (Communaut\u00e9 des Etats Ind\u00e9pendants) et une aide financi\u00e8re \u00bb. Le Pr\u00e9sident Ianoukovitch choisit de ne pas signer l\u2019accord avec l\u2019UE et de donner la pr\u00e9f\u00e9rence \u00e0 l\u2019accord avec la Russie. C\u2019est comme par hasard le fait qui d\u00e9clenche les \u00e9v\u00e8nements de la place Ma\u00efdan de 2014, occup\u00e9e alors par les \u00ab pro UE. \u00bb Le lien entre l\u2019UE et la mobilisation de la place Ma\u00efdan est donc flagrant. C\u2019est le bras de fer entre les manifestants pro U.E. et le pr\u00e9sident Ianouk\u00e9vitch qui aboutira en f\u00e9vrier 2014 a une confrontation arm\u00e9e, entre les forces de police du pouvoir l\u00e9gal et les groupes activistes d\u2019extr\u00eame droites (n\u00e9onazis : \u00ab Secteur droit \u00bb, \u00ab Commando Azov \u00bb, \u2026\u2026.. qui en furent les ex\u00e9cutants. Celui-ci se solda par la destitution du pr\u00e9sident Ianouk\u00e9vitch, son d\u00e9part d\u2019Ukraine, et l\u2019installation au pouvoir dans les mois qui suivirent de l\u2019extr\u00eame droite ukrainienne, pro U.E.Nous avons dit ce qui s\u2019en suivit du c\u00f4t\u00e9 russe, annexion de la Crim\u00e9e, et du c\u00f4t\u00e9 de l\u2019Ukraine russophone et russophile de l\u2019Est, d\u00e9claration d\u2019ind\u00e9pendance des R\u00e9publiques de Lougansk et Donetsk, et enfin l\u2019agression ki\u00e9viste contre celles-ci.2 &#8211; Et intercession de l&rsquo;UEAlors, apr\u00e8s l\u2019ing\u00e9rence manifeste dans les affaires de l\u2019Ukraine, responsable pour une large part de la survenance de cette guerre civile, l\u2019UE proposa son intercession dans le conflit entre les deux Ukraine. Des rencontres eurent lieues, (Ukraine France, Allemagne, Russie) qui sont rest\u00e9es inscrites dans l\u2019Histoire sous l\u2019appellation de \u00ab Format Normandie \u00bb. Celles-ci contribu\u00e8rent \u00e0 l\u2019\u00e9tablissement d\u2019un dialogue entre les bellig\u00e9rants qui aboutit, sous le patronage de la Russie et de l\u2019OSCE (Organisation pour la S\u00e9curit\u00e9 et la Coop\u00e9ration en Europe) aux accords de Minsk sign\u00e9s le 5 septembre 2014.Les accords de Minsk comprennent 12 points, dont en particulier : 1 &#8211; Assurer un cessez-le-feu bilat\u00e9ral imm\u00e9diat ; et 4 &#8211; Organiser une d\u00e9centralisation des pouvoirs, par la mise en application d&rsquo;une loi ukrainienne (loi sur le statut particulier), accordant de mani\u00e8re temporaire l&rsquo;autonomie locale dans les oblasts de Donetsk et de Lougansk. Mais sur huit ann\u00e9es ils n\u2019ont jamais \u00e9t\u00e9 appliqu\u00e9s et l\u2019agression du pouvoir central contre les R\u00e9publiques s\u00e9paratistes de Lougansk et Donetsk, s\u2019est poursuivi jusqu\u2019\u00e0 2022.Une derni\u00e8re r\u00e9union du format Normandie eut lieu le 26 janvier 2022, sans la moindre volont\u00e9 manifeste de d\u00e9bloquer la situation. Enfin, une rencontre de la derni\u00e8re chance, Macron Poutine, se tint \u00e0 Moscou le 8 f\u00e9vrier 2022, dont on a voulu retenir la longueur de la table. Le Pr\u00e9sident Poutine voulait des assurances pour la s\u00e9curit\u00e9 de la Russie, que l\u2019Ukraine n\u2019int\u00e9grerait pas l\u2019OTAN. \u00ab \u2026\u2026.Emmanuel Macron a \u00e9t\u00e9 tr\u00e8s clair sur ce point. L\u2019Otan ne reviendra pas sur sa politique de \u00ab porte ouverte \u00bb, c\u2019est-\u00e0-dire la capacit\u00e9 de tout pays \u00e0 \u00eatre candidat \u2026\u2026 \u00bb.),(France inter\/Radio France) Non, la Russie n\u2019avait \u00e0 ce stade aucune revendication territoriale en Ukraine. Ce qu\u2019elle souhaitait c\u2019\u00e9tait assurer la s\u00e9curit\u00e9 des R\u00e9publiques du Donbass et sa propre s\u00e9curit\u00e9. Si les accords de Minsk avaient \u00e9t\u00e9 appliqu\u00e9s, si des n\u00e9gociations s\u00e9rieuses avaient abouti qui assurent un statut de neutralit\u00e9 de l\u2019Ukraine et l\u2019assurance que celle-ci ne serait pas int\u00e9gr\u00e9e \u00e0 l\u2019OTAN, Poutine n\u2019aurait pas donn\u00e9 le feu vert \u00e0 l\u2019Op\u00e9ration militaire sp\u00e9ciale \u00bb.Macron, donc malheureusement \u00ab LA France \u00bb, enti\u00e8rement align\u00e9e sur les USA, n\u2019a pas voulu donner ce signal. En v\u00e9rit\u00e9, cette guerre que les occidentaux firent mine de d\u00e9couvrir le 24 F\u00e9vrier 2022, ils l\u2019avaient voulu, provoqu\u00e9e, pr\u00e9par\u00e9e de longue date. P.S.Vendredi 24 f\u00e9vrier 2023.<\/p>\n","protected":false},"excerpt":{"rendered":"<p>TOUT COMPRENDRE DE LA GUERRE EN UKRAINE. IV \u2013 LA PROVOCATION DE MA\u00cfDAN1 \u2013 Ing\u00e9rence.Les occidentaux, USA et UE vilipendent [&hellip;]<\/p>\n","protected":false},"author":1,"featured_media":4040,"comment_status":"open","ping_status":"open","sticky":false,"template":"","format":"standard","meta":{"sfsi_plus_gutenberg_text_before_share":"","sfsi_plus_gutenberg_show_text_before_share":"","sfsi_plus_gutenberg_icon_type":"","sfsi_plus_gutenberg_icon_alignemt":"","sfsi_plus_gutenburg_max_per_row":"","site-sidebar-layout":"default","site-content-layout":"","ast-site-content-layout":"default","site-content-style":"default","site-sidebar-style":"default","ast-global-header-display":"","ast-banner-title-visibility":"","ast-main-header-display":"","ast-hfb-above-header-display":"","ast-hfb-below-header-display":"","ast-hfb-mobile-header-display":"","site-post-title":"","ast-breadcrumbs-content":"","ast-featured-img":"","footer-sml-layout":"","ast-disable-related-posts":"","theme-transparent-header-meta":"","adv-header-id-meta":"","stick-header-meta":"","header-above-stick-meta":"","header-main-stick-meta":"","header-below-stick-meta":"","astra-migrate-meta-layouts":"default","ast-page-background-enabled":"default","ast-page-background-meta":{"desktop":{"background-color":"var(--ast-global-color-4)","background-image":"","background-repeat":"repeat","background-position":"center center","background-size":"auto","background-attachment":"scroll","background-type":"","background-media":"","overlay-type":"","overlay-color":"","overlay-opacity":"","overlay-gradient":""},"tablet":{"background-color":"","background-image":"","background-repeat":"repeat","background-position":"center center","background-size":"auto","background-attachment":"scroll","background-type":"","background-media":"","overlay-type":"","overlay-color":"","overlay-opacity":"","overlay-gradient":""},"mobile":{"background-color":"","background-image":"","background-repeat":"repeat","background-position":"center center","background-size":"auto","background-attachment":"scroll","background-type":"","background-media":"","overlay-type":"","overlay-color":"","overlay-opacity":"","overlay-gradient":""}},"ast-content-background-meta":{"desktop":{"background-color":"var(--ast-global-color-5)","background-image":"","background-repeat":"repeat","background-position":"center center","background-size":"auto","background-attachment":"scroll","background-type":"","background-media":"","overlay-type":"","overlay-color":"","overlay-opacity":"","overlay-gradient":""},"tablet":{"background-color":"var(--ast-global-color-5)","background-image":"","background-repeat":"repeat","background-position":"center center","background-size":"auto","background-attachment":"scroll","background-type":"","background-media":"","overlay-type":"","overlay-color":"","overlay-opacity":"","overlay-gradient":""},"mobile":{"background-color":"var(--ast-global-color-5)","background-image":"","background-repeat":"repeat","background-position":"center center","background-size":"auto","background-attachment":"scroll","background-type":"","background-media":"","overlay-type":"","overlay-color":"","overlay-opacity":"","overlay-gradient":""}},"footnotes":""},"categories":[16],"tags":[],"class_list":["post-460","post","type-post","status-publish","format-standard","has-post-thumbnail","hentry","category-archives-cms"],"_links":{"self":[{"href":"https:\/\/lavoiedessansvoix.fr\/lavoie\/wp-json\/wp\/v2\/posts\/460","targetHints":{"allow":["GET"]}}],"collection":[{"href":"https:\/\/lavoiedessansvoix.fr\/lavoie\/wp-json\/wp\/v2\/posts"}],"about":[{"href":"https:\/\/lavoiedessansvoix.fr\/lavoie\/wp-json\/wp\/v2\/types\/post"}],"author":[{"embeddable":true,"href":"https:\/\/lavoiedessansvoix.fr\/lavoie\/wp-json\/wp\/v2\/users\/1"}],"replies":[{"embeddable":true,"href":"https:\/\/lavoiedessansvoix.fr\/lavoie\/wp-json\/wp\/v2\/comments?post=460"}],"version-history":[{"count":1,"href":"https:\/\/lavoiedessansvoix.fr\/lavoie\/wp-json\/wp\/v2\/posts\/460\/revisions"}],"predecessor-version":[{"id":2939,"href":"https:\/\/lavoiedessansvoix.fr\/lavoie\/wp-json\/wp\/v2\/posts\/460\/revisions\/2939"}],"wp:featuredmedia":[{"embeddable":true,"href":"https:\/\/lavoiedessansvoix.fr\/lavoie\/wp-json\/wp\/v2\/media\/4040"}],"wp:attachment":[{"href":"https:\/\/lavoiedessansvoix.fr\/lavoie\/wp-json\/wp\/v2\/media?parent=460"}],"wp:term":[{"taxonomy":"category","embeddable":true,"href":"https:\/\/lavoiedessansvoix.fr\/lavoie\/wp-json\/wp\/v2\/categories?post=460"},{"taxonomy":"post_tag","embeddable":true,"href":"https:\/\/lavoiedessansvoix.fr\/lavoie\/wp-json\/wp\/v2\/tags?post=460"}],"curies":[{"name":"wp","href":"https:\/\/api.w.org\/{rel}","templated":true}]}}