{"id":459,"date":"2023-02-25T04:14:00","date_gmt":"2023-02-25T03:14:00","guid":{"rendered":"https:\/\/lavoiedessansvoix.fr\/lavoie\/2023\/02\/25\/archive-faut-il-qu-il-pleuve-comme-a-gravelotte\/"},"modified":"2026-04-26T20:34:09","modified_gmt":"2026-04-26T18:34:09","slug":"archive-faut-il-qu-il-pleuve-comme-a-gravelotte","status":"publish","type":"post","link":"https:\/\/lavoiedessansvoix.fr\/lavoie\/2023\/02\/25\/archive-faut-il-qu-il-pleuve-comme-a-gravelotte\/","title":{"rendered":"FAUT-IL QU\u2019IL PLEUVE COMME A GRAVELOTTE ?"},"content":{"rendered":"<p>FAUT-IL QU\u2019IL PLEUVE COMME A GRAVELOTTE ?Il pleuvait hier sur la Touraine (je ne sais pas, peut-\u00eatre ailleurs) Ciel bas et gris, pluie fine et froide et persistante. Une sorte de temps qui n\u2019arrange jamais les affaires d\u2019une mobilisation de rue. Nous \u00e9tions peu nombreux place Jean Jaur\u00e8s \u00e0 Tours, \u00e0 avoir r\u00e9pondu \u00e0 l\u2019appel \u00e0 la mobilisation contre la guerre, du mouvement de la paix, pourtant dans le cadre d\u2019une initiative internationale. Que se passe-t-il ? Alors que des manifestations importantes se d\u00e9roulent d\u00e9j\u00e0 presque partout en Europe, le peuple de France serait-il anesth\u00e9si\u00e9 ? Les fran\u00e7ais n\u2019ont-ils pas entendu le tonnerre de la guerre qui gronde et se rapproche ? N\u2019ont-ils pas r\u00e9alis\u00e9 la r\u00e9alit\u00e9 et l\u2019imminence du danger ? Faut-il qu\u2019il pleuve de l\u2019acier comme \u00e0 Gravelotte pour qu\u2019ils prennent conscience des r\u00e9alit\u00e9s et s\u2019insurgent enfin contre les fous \u00e0 li\u00e9s qui ont d\u00e9cid\u00e9 d\u2019exterminer une partie de l\u2019Humanit\u00e9 afin de vendre des obus et des missiles, raser des pans entiers du patrimoine humain afin de reconstruire parce que \u00e7a \u00ab rapporte \u00bb ?Mais ni la pluie d\u2019eau bue, ni la l\u00e9thargie des fran\u00e7ais ne sont des explications suffisantes \u00e0 cette passivit\u00e9. L\u2019ambigu\u00eft\u00e9 des positions des opposants \u00e0 la guerre en est probablement une explication plus pertinente.  Quand on d\u00e9signe un responsable \u00ab la Russie \u00bb, que l\u2019on charge de tous les maux \u00ab un dirigeant : Poutine \u00bb, on a beau dire apr\u00e8s qu\u2019il ne faut pas livrer d\u2019armes et  pas d\u2019escalade guerri\u00e8re, on a d\u00e9j\u00e0 justifi\u00e9 le discours belliciste des dirigeants de nos pays occidentaux qui veulent punir Poutine et \u00ab mettre la Russie \u00e0 genoux afin qu\u2019elle ne nuise plus. \u00bb On a de la sorte exon\u00e9r\u00e9 l\u2019imp\u00e9rialisme occidental de ses responsabilit\u00e9s et dissimul\u00e9 sa nuisance, On a cach\u00e9 dans un placard de l\u2019histoire les cadavres de l\u2019Am\u00e9rique, afin de focaliser l\u2019attention du moment sur les crimes r\u00e9els ou pr\u00e9tendus de la Russie. On a cach\u00e9 Ma\u00efdan et la guerre du Donbass derri\u00e8re le 24 f\u00e9vrier 2022\u2026. On pr\u00e9tend manifester pour la paix mais on a justifi\u00e9 la guerre.Pas \u00e9tonnant alors que les foules ainsi circonvenues n\u2019accourent pas aux appels de certains Pierrots qui se trompent de loup.Quand les dirigeants occidentaux, Jens Stoltenberg, secr\u00e9taire g\u00e9n\u00e9ral de l\u2019OTAN , en t\u00eate vous disent que la Russie et la Chine sont des ennemis existentiels et qu\u2019une escalade, c\u2019est-dire en l\u2019occurrence une troisi\u00e8me guerre mondiale, est pr\u00e9f\u00e9rable \u00e0  une victoire de la Russie en Ukraine, Il y a urgence a exhausser un vaste et puissant mouvement antiguerre dans notre pays et ailleurs).\u00ab Celui qui croyait au ciel, celui qui n\u2019y croyait pas \u00bb (*) tous deux sont \u00e9galement concern\u00e9s, tous deux sont \u00e9galement interess\u00e9 \u00e0 conjurer ce danger. A mobiliser un vaste et puissant mouvement populaire contre la guerre, o\u00f9 des fous de pouvoir et de profits veulent pr\u00e9cipiter l\u2019humanit\u00e9. Cela impose, de faire tomber les barri\u00e8res culturelles, sociales, religieuses, philosophiques, morales, id\u00e9ologiques et politiques qui emp\u00eachent de se rassembler, et de d\u00e9noncer sans d\u00e9tour les responsables et les responsabilit\u00e9s en commen\u00e7ant par ceux et celles de nos propres dirigeants, de notre propre imp\u00e9rialisme.C\u2019est pourquoi nous avons initi\u00e9 la cr\u00e9ation d\u2019un comit\u00e9 fran\u00e7ais, \u00e0 vocation nationale, de mobilisation contre la guerre nomm\u00e9 : \u00ab La guerre ce sera sans nous \u00bb que nous vous invitons \u00e0 rejoindre nombreux et le plus rapidement possible afin qu\u2019il acqui\u00e8re une repr\u00e9sentativit\u00e9 suffisante pour pouvoir \u0153uvrer efficacement \u00e0 l\u2019\u00e9mergence et au rassemblement d\u2019un pareil mouvement.Merci pour votre engagementPatrick Seignon. Membre du bureau provisoire.Lien :laguerreceserasansnous@tutanota.com* Louis Aragon, \u00ab\u00a0La rose et le r\u00e9s\u00e9da\u00a0\u00bb 1943.<\/p>\n","protected":false},"excerpt":{"rendered":"<p>FAUT-IL QU\u2019IL PLEUVE COMME A GRAVELOTTE ?Il pleuvait hier sur la Touraine (je ne sais pas, peut-\u00eatre ailleurs) Ciel bas [&hellip;]<\/p>\n","protected":false},"author":1,"featured_media":4039,"comment_status":"open","ping_status":"open","sticky":false,"template":"","format":"standard","meta":{"sfsi_plus_gutenberg_text_before_share":"","sfsi_plus_gutenberg_show_text_before_share":"","sfsi_plus_gutenberg_icon_type":"","sfsi_plus_gutenberg_icon_alignemt":"","sfsi_plus_gutenburg_max_per_row":"","site-sidebar-layout":"default","site-content-layout":"","ast-site-content-layout":"default","site-content-style":"default","site-sidebar-style":"default","ast-global-header-display":"","ast-banner-title-visibility":"","ast-main-header-display":"","ast-hfb-above-header-display":"","ast-hfb-below-header-display":"","ast-hfb-mobile-header-display":"","site-post-title":"","ast-breadcrumbs-content":"","ast-featured-img":"","footer-sml-layout":"","ast-disable-related-posts":"","theme-transparent-header-meta":"","adv-header-id-meta":"","stick-header-meta":"","header-above-stick-meta":"","header-main-stick-meta":"","header-below-stick-meta":"","astra-migrate-meta-layouts":"default","ast-page-background-enabled":"default","ast-page-background-meta":{"desktop":{"background-color":"var(--ast-global-color-4)","background-image":"","background-repeat":"repeat","background-position":"center center","background-size":"auto","background-attachment":"scroll","background-type":"","background-media":"","overlay-type":"","overlay-color":"","overlay-opacity":"","overlay-gradient":""},"tablet":{"background-color":"","background-image":"","background-repeat":"repeat","background-position":"center center","background-size":"auto","background-attachment":"scroll","background-type":"","background-media":"","overlay-type":"","overlay-color":"","overlay-opacity":"","overlay-gradient":""},"mobile":{"background-color":"","background-image":"","background-repeat":"repeat","background-position":"center center","background-size":"auto","background-attachment":"scroll","background-type":"","background-media":"","overlay-type":"","overlay-color":"","overlay-opacity":"","overlay-gradient":""}},"ast-content-background-meta":{"desktop":{"background-color":"var(--ast-global-color-5)","background-image":"","background-repeat":"repeat","background-position":"center center","background-size":"auto","background-attachment":"scroll","background-type":"","background-media":"","overlay-type":"","overlay-color":"","overlay-opacity":"","overlay-gradient":""},"tablet":{"background-color":"var(--ast-global-color-5)","background-image":"","background-repeat":"repeat","background-position":"center center","background-size":"auto","background-attachment":"scroll","background-type":"","background-media":"","overlay-type":"","overlay-color":"","overlay-opacity":"","overlay-gradient":""},"mobile":{"background-color":"var(--ast-global-color-5)","background-image":"","background-repeat":"repeat","background-position":"center center","background-size":"auto","background-attachment":"scroll","background-type":"","background-media":"","overlay-type":"","overlay-color":"","overlay-opacity":"","overlay-gradient":""}},"footnotes":""},"categories":[16],"tags":[],"class_list":["post-459","post","type-post","status-publish","format-standard","has-post-thumbnail","hentry","category-archives-cms"],"_links":{"self":[{"href":"https:\/\/lavoiedessansvoix.fr\/lavoie\/wp-json\/wp\/v2\/posts\/459","targetHints":{"allow":["GET"]}}],"collection":[{"href":"https:\/\/lavoiedessansvoix.fr\/lavoie\/wp-json\/wp\/v2\/posts"}],"about":[{"href":"https:\/\/lavoiedessansvoix.fr\/lavoie\/wp-json\/wp\/v2\/types\/post"}],"author":[{"embeddable":true,"href":"https:\/\/lavoiedessansvoix.fr\/lavoie\/wp-json\/wp\/v2\/users\/1"}],"replies":[{"embeddable":true,"href":"https:\/\/lavoiedessansvoix.fr\/lavoie\/wp-json\/wp\/v2\/comments?post=459"}],"version-history":[{"count":1,"href":"https:\/\/lavoiedessansvoix.fr\/lavoie\/wp-json\/wp\/v2\/posts\/459\/revisions"}],"predecessor-version":[{"id":2937,"href":"https:\/\/lavoiedessansvoix.fr\/lavoie\/wp-json\/wp\/v2\/posts\/459\/revisions\/2937"}],"wp:featuredmedia":[{"embeddable":true,"href":"https:\/\/lavoiedessansvoix.fr\/lavoie\/wp-json\/wp\/v2\/media\/4039"}],"wp:attachment":[{"href":"https:\/\/lavoiedessansvoix.fr\/lavoie\/wp-json\/wp\/v2\/media?parent=459"}],"wp:term":[{"taxonomy":"category","embeddable":true,"href":"https:\/\/lavoiedessansvoix.fr\/lavoie\/wp-json\/wp\/v2\/categories?post=459"},{"taxonomy":"post_tag","embeddable":true,"href":"https:\/\/lavoiedessansvoix.fr\/lavoie\/wp-json\/wp\/v2\/tags?post=459"}],"curies":[{"name":"wp","href":"https:\/\/api.w.org\/{rel}","templated":true}]}}