{"id":458,"date":"2023-02-25T17:16:00","date_gmt":"2023-02-25T16:16:00","guid":{"rendered":"https:\/\/lavoiedessansvoix.fr\/lavoie\/2023\/02\/25\/archive-tout-comprendre-de-la-guerre-en-ukraine-v-la-provocation-de-minsk\/"},"modified":"2026-04-26T20:34:00","modified_gmt":"2026-04-26T18:34:00","slug":"archive-tout-comprendre-de-la-guerre-en-ukraine-v-la-provocation-de-minsk","status":"publish","type":"post","link":"https:\/\/lavoiedessansvoix.fr\/lavoie\/2023\/02\/25\/archive-tout-comprendre-de-la-guerre-en-ukraine-v-la-provocation-de-minsk\/","title":{"rendered":"TOUT COMPRENDRE DE LA GUERRE EN UKRAINE. V &#8211; LA PROVOCATION DE MINSK."},"content":{"rendered":"<p>TOUT COMPRENDRE DE LA GUERRE EN UKRAINEV &#8211; LA PROVOCATION DE MINSK.1 &#8211; Que devait faire Poutine ?Apr\u00e8s huit ann\u00e9es de patience qui avait servies, c\u00f4t\u00e9 occidental, \u00e0 armer l\u2019Ukraine et la mettre en ordre de combat pour une grande offensive sur le Donbass, devait-il attendre l\u2019arme au pied ? Vladimir Poutine, que la machine m\u00e9diatique occidentale s\u2019emploie \u00e0 diaboliser, n\u2019est ni \u00ab gentil \u00bb ni \u00ab m\u00e9chant \u00bb, il est tout bonnement le chef d\u2019\u00e9tat de la f\u00e9d\u00e9ration de Russie, \u00e0 ce titre en charge de la d\u00e9fense des int\u00e9r\u00eats et de la s\u00e9curit\u00e9 de celle-ci. Attendre c\u2019\u00e9tait laisser \u00e0 l\u2019adversaire la gestion du \u00ab timing \u00bb de la guerre \u00e0 ce stade in\u00e9vitable.C\u2019est le tort de Poutine, mais son seul tort v\u00e9ritable dans cette affaire, d\u2019avoir (pr\u00e9venu) devanc\u00e9 son ennemi, permettant \u00e0 celui-ci de l\u2019affubler, au 24 f\u00e9vrier 2022, de la responsabilit\u00e9 d\u2019un conflit qui existait depuis huit ans d\u00e9j\u00e0, et dont \u00ab l\u2019op\u00e9ration militaire sp\u00e9ciale russe en Ukraine \u00bb n\u2019\u00e9tait en v\u00e9rit\u00e9 qu\u2019un prolongement.Que devait faire Poutine, Attendre la victoire du pouvoir central ukrainien, l\u2019\u00e9crasement du Donbass, la consolidation du r\u00e9gime de Kiev l\u2019\u00e9puration ethnique (massacre ou expulsion des russophones et pro-russes,) de l\u2019Est de l\u2019Ukraine, la r\u00e9alisation des adh\u00e9sions de l\u2019Ukraine \u00e0 l\u2019UE et \u00e0 l\u2019OTAN, c\u2019est-\u00e0-dire l\u2019accroissement de la menace OTANesque pour l\u2019int\u00e9grit\u00e9 de la Russie ? Devait-il attendre pour r\u00e9agir le d\u00e9ferlement d\u2019une nouvelle \u00ab op\u00e9ration Barbarossa, la pluie des missiles de l\u2019Alliance partie \u00e0 la fois de toutes les bases hostiles qui l\u2019environne ?Certes on doit condamner, au nom de notre attachement \u00e0 la paix, l\u2019action militaire de la Russie. Mais l\u2019honn\u00eatet\u00e9 intellectuelle oblige \u00e0 reconnaitre que la pouss\u00e9e occidentale et OTANesque, que l\u2019on est en droit de qualifier de provocation, ne laissait gu\u00e8re d\u2019autre option \u00e0 la Russie. Sauf \u00e0 attendre que son encerclement fusse finalis\u00e9 et que la coalition imp\u00e9rialiste d\u2019Occident abatte ses foudres sur elle en se justifiant d\u2019un pr\u00e9texte quelconque et probablement fallacieux, comme ils le firent avec la Yougoslavie, le Soudan, l\u2019Afghanistan, l\u2019Irak, la Libye ou la Syrie.Au demeurant, les dirigeants occidentaux impliqu\u00e9s (Merkel, Hollande et Porochenko pour l\u2019Ukraine) (2), comble de cynisme, l\u2019ont ouvertement reconnu r\u00e9cemment : les accords de Minsk n\u2019\u00e9taient \u00e0 leur sens qu\u2019un \u00e9cran de fum\u00e9es, un leurre, une diversion pour donner le temps \u00e0 l\u2019Ukraine de se pr\u00e9parer \u00e0 la guerre. Pour la Russie c\u2019\u00e9tait donc une tromperie. Le non-respect d\u00e9lib\u00e9r\u00e9 des accords de Minsk peut \u00eatre compris d\u00e8s lors comme une provocation dont l\u2019objet \u00e9tait de pousser la Russie \u00e0 la guerre. Un pi\u00e8ge en quelque sorte.Qui osera nier encore qu\u2019il convient de dater le d\u00e9but des hostilit\u00e9s, non du 24 f\u00e9vrier 2024, mais du 23 f\u00e9vrier 2014 ? Qui niera encore que cette confrontation militaire dont Poutine a pris l\u2019initiative, ce sont les occidentaux qui l\u2019ont voulue ?Napol\u00e9on (1812), les forces de \u00ab l\u2019entente \u00bb au secours des atamans contre la r\u00e9volution Russe (1918 1922), L\u2019invasion des arm\u00e9es hitl\u00e9riennes (1941 1944). Cela ne suffit-il pas a mettre une nation en garde ? Nul ne refera plus \u00e0 la Russie le coup de l\u2019op\u00e9ration Barbarossa ?2 &#8211; LA QUESTION DE LA RESPONSABILIT\u00c9. (DE MONTESQUIEU A JAUR\u00c8S.)\u00ab Les v\u00e9ritables responsables des guerres ne sont pas ceux qui les font mais ceux qui les ont rendues in\u00e9vitables \u00bb, cette maxime ne rejoint-elle pas celle \u00e9dict\u00e9e, sans contestation d\u2019origine cette fois, par Jean-Jaur\u00e8s : \u00ab l\u2019imp\u00e9rialisme porte la guerre en lui comme la nu\u00e9e porte l\u2019orage. \u00bb ? La seconde dit que la politique imp\u00e9rialiste induit la guerre et la premi\u00e8re que l\u2019imp\u00e9rialisme qui rend les guerres in\u00e9vitables est le v\u00e9ritable responsable de celles-ci. C\u2019est la m\u00eame chose, m\u00eame si l\u2019imp\u00e9rialisme au sens o\u00f9 nous le connaissons aujourd\u2019hui \u00e9tait loin d\u2019exister au temps de Montesquieu. Scandale dans le Landernau des \u00ab preneurs de t\u00eate \u00bb, cette deuxi\u00e8me citation ne serait pas de Montesquieu. Croient-ils ainsi la rendre futile ?  Mais qu\u2019est-ce qu\u2019on en a \u00e0 fiche vraiment qu\u2019elle soit de Montesquieu ou pas. Cette observation est-elle juste ou pas ? N\u2019est-ce pas l\u00e0 la vraie questionElle est juste et quand bien m\u00eame elle serait l\u2019\u0153uvre d\u2019un ivrogne, r\u00e9pertori\u00e9e dans les \u00ab br\u00e8ves de comptoir de Jean-Marie Gourio, elle n\u2019en serait pas moins juste. Or voil\u00e0 qu\u2019une troisi\u00e8me citation, de Clausewitz cette fois, lui vient en renfort : \u00ab la guerre est la continuation de la politique par d\u2019autres moyens \u00bb. N\u2019y a-t-il pas un air de similitudes avec la pr\u00e9c\u00e9dente ?Mais qu\u2019elle est donc de nos jours la politique imp\u00e9rialiste qui \u00ab porte en elle la guerre comme la nu\u00e9e porte l\u2019orage \u00bb qui a rendu in\u00e9vitable le conflit d\u2019\u00e0 pr\u00e9sent entre l\u2019OTAN et la Russie, l\u2019Ukraine et son peuple n\u2019\u00e9tant respectivement que le th\u00e9\u00e2tre d\u2019op\u00e9ration et la chair \u00e0 canon ? C\u2019est bien s\u00fbr la politique de domination plan\u00e9taire des U.S.A. Ce fameux nouvel \u00ab ordre mondial \u00bb dont ils ont annonc\u00e9 l\u2019av\u00e8nement d\u00e8s les lendemains de l\u2019effondrement de l\u2019URSS. La m\u00eame qui avec \u00ab les printemps arabes s\u2019est employ\u00e9e \u00e0 d\u00e9tricoter les \u00c9tats nations et la\u00efques existants pour les \u00e9mietter en \u00e9tats ethniques, confessionnels ou tribaux, afin d\u2019assoir sur le chaos sa domination sans partage. La Russie de Poutine, la CEI, le projet d\u2019espace euro\/asiatique, les BRICS, la coop\u00e9ration russo-chinoise, autant d\u2019entreprises qui effraient les USA, que ceux-ci ressentent comme des menaces g\u00e9opolitiques pour leurs desseins de domination, comme autant d\u2019entraves \u00e0 la r\u00e9alisation de leur r\u00eave prom\u00e9th\u00e9en.3 &#8211; CONCLUSION : Mobilisation contre la guerreLes peuples n\u2019ont rien \u00e0 gagner \u00e0 la guerre, sinon des souffrances et des calamit\u00e9s. Seuls les industriels et les banquiers peuvent en attendre des gains colossaux.Les peuples doivent se mobiliser contre la guerre. Mais cette n\u00e9cessit\u00e9 requiert, une claire vision des r\u00e9alit\u00e9s, l\u2019aptitude \u00e0 se pr\u00e9munir contre la propagande de guerre des deux camps, de grandes capacit\u00e9s de discernement entre le r\u00e9el et l\u2019affabulation, le refus d\u2019accuser la Russie et son Pr\u00e9sident Poutine \u00bb plus que le camp occidental : l\u2019OTAN, Stoltenberg, ou Von Der Leyen.Ne luttent jamais v\u00e9ritablement contre la guerre imp\u00e9rialiste quiconque refuse de combattre d\u2019abord son propre imp\u00e9rialisme. Patrick Seignon. . Lundi 20 f\u00e9vrier 2023. Publi\u00e9 le 25 f\u00e9vrier 2023.Notes :1 \u2013 France-Inter _ Radio France.2 &#8211; Une ex-chanceli\u00e8re ne devrait pas dire \u00e7a\u2026 Dans une interview au journal \u00ab Die Zeit \u00bb, l\u2019ancienne dirigeante allemande explique que les accords de Minsk n\u2019\u00e9taient qu\u2019un moyen pour l\u2019Ukraine de se renforcer militairement afin de se pr\u00e9parer \u00e0 un conflit in\u00e9vitable. (Marianne, 24\/12\/2022)Apr\u00e8s Angela Merkel, l\u2019aveu de Fran\u00e7ois Hollande : les accords de Minsk, duperie de l\u2019occident ? Dans un entretien au Kyiv Independent, Hollande a revendiqu\u00e9 que les accords de Minsk avaient amen\u00e9 la Russie sur le terrain diplomatique, laissant \u00e0 l\u2019arm\u00e9e de Kiev le temps de se renforcer. Un aveu contredisant les d\u00e9clarations pacifiques d\u2019alors. (Quotidien libre. 30 d\u00e9cembre 2022)\u00ab Nous avons tous vus la d\u00e9claration historiquement importante d\u2019Angela Merkel . Je suis surpris\u00bb, a comment\u00e9 Alexandre Vucic lors d\u2019un discours \u00e0 la nation serbe. Et le dirigeant de poursuivre, selon une retranscription de l\u2019agence de presse Tass : \u00abPour moi, cette id\u00e9e est pratiquement incompr\u00e9hensible mais elle est confirm\u00e9e par ce que  Petro Porochenko a affirm\u00e9, qu\u2019ils n\u2019avaient jamais eu l\u2019intention d\u2019impl\u00e9menter les Accords de Minsk.\u00bb(Quotidien libre 12 d\u00e9cembre 2022.)<\/p>\n","protected":false},"excerpt":{"rendered":"<p>TOUT COMPRENDRE DE LA GUERRE EN UKRAINEV &#8211; LA PROVOCATION DE MINSK.1 &#8211; Que devait faire Poutine ?Apr\u00e8s huit ann\u00e9es [&hellip;]<\/p>\n","protected":false},"author":1,"featured_media":4038,"comment_status":"open","ping_status":"open","sticky":false,"template":"","format":"standard","meta":{"sfsi_plus_gutenberg_text_before_share":"","sfsi_plus_gutenberg_show_text_before_share":"","sfsi_plus_gutenberg_icon_type":"","sfsi_plus_gutenberg_icon_alignemt":"","sfsi_plus_gutenburg_max_per_row":"","site-sidebar-layout":"default","site-content-layout":"","ast-site-content-layout":"default","site-content-style":"default","site-sidebar-style":"default","ast-global-header-display":"","ast-banner-title-visibility":"","ast-main-header-display":"","ast-hfb-above-header-display":"","ast-hfb-below-header-display":"","ast-hfb-mobile-header-display":"","site-post-title":"","ast-breadcrumbs-content":"","ast-featured-img":"","footer-sml-layout":"","ast-disable-related-posts":"","theme-transparent-header-meta":"","adv-header-id-meta":"","stick-header-meta":"","header-above-stick-meta":"","header-main-stick-meta":"","header-below-stick-meta":"","astra-migrate-meta-layouts":"default","ast-page-background-enabled":"default","ast-page-background-meta":{"desktop":{"background-color":"var(--ast-global-color-4)","background-image":"","background-repeat":"repeat","background-position":"center center","background-size":"auto","background-attachment":"scroll","background-type":"","background-media":"","overlay-type":"","overlay-color":"","overlay-opacity":"","overlay-gradient":""},"tablet":{"background-color":"","background-image":"","background-repeat":"repeat","background-position":"center center","background-size":"auto","background-attachment":"scroll","background-type":"","background-media":"","overlay-type":"","overlay-color":"","overlay-opacity":"","overlay-gradient":""},"mobile":{"background-color":"","background-image":"","background-repeat":"repeat","background-position":"center center","background-size":"auto","background-attachment":"scroll","background-type":"","background-media":"","overlay-type":"","overlay-color":"","overlay-opacity":"","overlay-gradient":""}},"ast-content-background-meta":{"desktop":{"background-color":"var(--ast-global-color-5)","background-image":"","background-repeat":"repeat","background-position":"center center","background-size":"auto","background-attachment":"scroll","background-type":"","background-media":"","overlay-type":"","overlay-color":"","overlay-opacity":"","overlay-gradient":""},"tablet":{"background-color":"var(--ast-global-color-5)","background-image":"","background-repeat":"repeat","background-position":"center center","background-size":"auto","background-attachment":"scroll","background-type":"","background-media":"","overlay-type":"","overlay-color":"","overlay-opacity":"","overlay-gradient":""},"mobile":{"background-color":"var(--ast-global-color-5)","background-image":"","background-repeat":"repeat","background-position":"center center","background-size":"auto","background-attachment":"scroll","background-type":"","background-media":"","overlay-type":"","overlay-color":"","overlay-opacity":"","overlay-gradient":""}},"footnotes":""},"categories":[16],"tags":[],"class_list":["post-458","post","type-post","status-publish","format-standard","has-post-thumbnail","hentry","category-archives-cms"],"_links":{"self":[{"href":"https:\/\/lavoiedessansvoix.fr\/lavoie\/wp-json\/wp\/v2\/posts\/458","targetHints":{"allow":["GET"]}}],"collection":[{"href":"https:\/\/lavoiedessansvoix.fr\/lavoie\/wp-json\/wp\/v2\/posts"}],"about":[{"href":"https:\/\/lavoiedessansvoix.fr\/lavoie\/wp-json\/wp\/v2\/types\/post"}],"author":[{"embeddable":true,"href":"https:\/\/lavoiedessansvoix.fr\/lavoie\/wp-json\/wp\/v2\/users\/1"}],"replies":[{"embeddable":true,"href":"https:\/\/lavoiedessansvoix.fr\/lavoie\/wp-json\/wp\/v2\/comments?post=458"}],"version-history":[{"count":1,"href":"https:\/\/lavoiedessansvoix.fr\/lavoie\/wp-json\/wp\/v2\/posts\/458\/revisions"}],"predecessor-version":[{"id":2935,"href":"https:\/\/lavoiedessansvoix.fr\/lavoie\/wp-json\/wp\/v2\/posts\/458\/revisions\/2935"}],"wp:featuredmedia":[{"embeddable":true,"href":"https:\/\/lavoiedessansvoix.fr\/lavoie\/wp-json\/wp\/v2\/media\/4038"}],"wp:attachment":[{"href":"https:\/\/lavoiedessansvoix.fr\/lavoie\/wp-json\/wp\/v2\/media?parent=458"}],"wp:term":[{"taxonomy":"category","embeddable":true,"href":"https:\/\/lavoiedessansvoix.fr\/lavoie\/wp-json\/wp\/v2\/categories?post=458"},{"taxonomy":"post_tag","embeddable":true,"href":"https:\/\/lavoiedessansvoix.fr\/lavoie\/wp-json\/wp\/v2\/tags?post=458"}],"curies":[{"name":"wp","href":"https:\/\/api.w.org\/{rel}","templated":true}]}}