{"id":457,"date":"2023-02-28T02:42:00","date_gmt":"2023-02-28T01:42:00","guid":{"rendered":"https:\/\/lavoiedessansvoix.fr\/lavoie\/2023\/02\/28\/archive-appel-a-la-mobilisation-des-peuples-pour-conjurer-la-guerre\/"},"modified":"2026-04-26T20:33:51","modified_gmt":"2026-04-26T18:33:51","slug":"archive-appel-a-la-mobilisation-des-peuples-pour-conjurer-la-guerre","status":"publish","type":"post","link":"https:\/\/lavoiedessansvoix.fr\/lavoie\/2023\/02\/28\/archive-appel-a-la-mobilisation-des-peuples-pour-conjurer-la-guerre\/","title":{"rendered":"APPEL A LA MOBILISATION DES PEUPLES POUR CONJURER LA GUERRE"},"content":{"rendered":"<p>APPEL A LA MOBILISATION DES PEUPLESPOUR CONJURER LA GUERRELe 23 f\u00e9vrier 2014, L\u2019Union Europ\u00e9enne et les USA ont pouss\u00e9 au pouvoir en Ukraine l\u2019extr\u00eame droite russophobe en s\u2019appuyant sans complexe sur l\u2019action des groupes n\u00e9onazis \u2018secteur droit, r\u00e9giment Azov, etc.) embauch\u00e9s comme ex\u00e9cutants du coup de force. Certes les instigateurs internationaux de ce crime politique l\u2019ont alors joliment baptis\u00e9 du nom de \u00ab r\u00e9volution du Ma\u00cfdan \u00bb ou \u00ab de la Dignit\u00e9. \u00bb Mais \u00e7a n\u2019\u00e9tait, et \u00e7a ne restera pour l\u2019Histoire qu\u2019un \u00ab coup d\u2019\u00c9tat de la pire esp\u00e8ce.L\u2019objectif des instigateurs \u00e9tait alors d\u2019accaparer l\u2019Ukraine par les moyens de son adh\u00e9sion \u00e0 l\u2019UE et \u00e0 l\u2019OTAN, approcher les dispositifs militaires de l\u2019OTAN au contact des fronti\u00e8res de la Russie, faire main basse sur la Crim\u00e9e et le contr\u00f4le de la mer Noire.Le coup d\u2019Etat de Ma\u00efdan et les plans occidentaux dans lesquels il s\u2019inscrivait constituait d\u00e9j\u00e0 \u00e0 ce stade une agression caract\u00e9ris\u00e9e contre la Russie. C\u2019est donc bien au 23 f\u00e9vrier 2014 qu\u2019il convient de dater le d\u00e9but du conflit Am\u00e9ricano\/Russe qui se d\u00e9roule depuis sur le \u00ab th\u00e9\u00e2tre d\u2019op\u00e9ration \u00bb ukrainien.Les d\u00e9clarations d\u2019ind\u00e9pendance des R\u00e9publiques de Donetsk et Lougansk, la guerre civile du Donbass, l\u2019annexion de la Crim\u00e9e par la Russie, les accords de Minsk, leur non application, l\u2019offensive militaire russe en Ukraine, ne sont que les prolongements de l\u2019acte fondateur du conflit que fut le coup d\u2019\u00c9tat du 23 f\u00e9vrier 2014.Fran\u00e7ois Hollande ancien Pr\u00e9sident de la R\u00e9publique fran\u00e7aise, Angela Merkel, ancienne chanceli\u00e8re allemande, Victor Poropchenko qui repr\u00e9sentaient l\u2019Ukraine de Kiev, aux r\u00e9unions diplomatiques du \u00ab Format Normandie \u00bb qui rendirent possible les accords de Minsk, l\u2019ont tous les trois admis r\u00e9cemment sans d\u00e9tour : les accords de Minsk \u00e9taient faits pour gagner du temps, permettre \u00e0 l\u2019Ukraine de se pr\u00e9parer \u00e0 la guerre. (1). Ce qui signifie que:1 &#8211; la guerre \u00e9tait l\u2019option choisie par les dirigeants occidentaux d\u00e8s 2014.2 &#8211; La Russie qui a patient\u00e9 huit ans en misant sur l\u2019application des accords de Minsk, a sinc\u00e8rement jou\u00e9 la carte diplomatique.3 &#8211; l\u2019op\u00e9ration militaire russe du 24 f\u00e9vrier 2022 n\u2019\u00e9tait que la r\u00e9ponse devenue in\u00e9vitable, de la Russie, \u00e0 la fourberie occidentale.A ce stade encore ils pouvaient n\u00e9gocier, la Russie le souhaitait. Ils ne le voulaient pas. \u00ab La Russie, dirent-ils, a \u00ab agress\u00e9 \u00bb l\u2019Ukraine, nous allons d\u00e9fendre l\u2019Ukraine. \u00bb Et \u00e0 se pr\u00e9texte ils sont entr\u00e9s dans la surench\u00e8re et l\u2019escalade militaire, ils ont transform\u00e9 ce qui aurait d\u00fb rester un conflit local en conflit international. Or, le pr\u00e9texte est fallacieux. Serait-ce parce que des dizaines de milliers de soldats et civils  sont d\u00e9j\u00e0 morts victimes de ce conflit qu\u2019il faut, pr\u00e9tendument pour d\u00e9fendre l\u2019Ukraine, en massacrer des dizaines de milliers d\u2019autres. Peut-on concevoir raisonnement plus absurde ?Mais ils ne s\u2019arr\u00eatent pas m\u00eame l\u00e0. La d\u00e9fense de l\u2019Ukraine n\u2019est d\u00e9j\u00e0 plus leur v\u00e9ritable motivation. Il n\u2019y a plus de limite \u00e0 leur d\u00e9lire guerrier. Ce qu\u2019ils veulent c\u2019est l\u2019\u00e9crasement de la Russie et de la chine ensuite.L\u2019Occident voulait cette guerre d\u00e8s 2014 et c\u2019est arrang\u00e9 en refusant d\u2019appliquer les accords de Minsk pour pousser la Russie \u00e0 agir militairement la premi\u00e8re afin de pouvoir l\u2019affubler du titre handicapant d\u2019agresseur. L\u2019Occident qui a rendu cette guerre in\u00e9vitable en est le v\u00e9ritable responsable. Or voil\u00e0 qu\u2019il persiste, au lieu de chercher l\u2019apaisement (2) et une solution n\u00e9goci\u00e9e les puissances occidentales se sont lanc\u00e9es dans la surench\u00e8re verbale et l\u2019escalade militaire. Jens Stoltenberg, secr\u00e9taire G\u00e9n\u00e9ral de l\u2019OTAN a dit r\u00e9cemment que \u00ab l\u2019escalade militaire (traduisez, une troisi\u00e8me guerre mondiale) \u00e9tait pr\u00e9f\u00e9rable \u00e0 une victoire de la Russie en Ukraine \u00bb. C\u2019est l\u2019aveu gla\u00e7ant et sans d\u00e9tour que pour les USA, l\u2019OTAN et les puissances occidentales vassales (France, Royaume unis, Allemagne), la guerre en Ukraine n&rsquo;est que la pr\u00e9texte dont elles avaient besoin pour pr\u00e9cipiter le monde dans l\u2019apocalypse.Non ! ce ne sont ni des idiots ni des fous. Ce sont des misanthropes, pervers et cyniques. Pour la puissance et l\u2019argent ils peuvent envisager sans ciller de massacrer plusieurs dizaines voire centaines de millions d\u2019\u00eatres humains, vos enfants, vous, moi. Pour l\u2019argent et la puissance ils ne rechignent pas \u00e0 envisager la d\u00e9vastation de pays entiers et du patrimoine historique et culturel de l\u2019Humanit\u00e9.Va-t-on ?.. Allez-vous vous laisser assassiner ? Allons-nous les laisser pourrir l\u2019avenir de vos enfants s\u2019ils subsistent ? Allons-nous les laisser commettre la pire catastrophe \u00e9cologique de tous les temps historiques ? Allons-nous, en spectateurs passifs, les laisser perp\u00e9trer ce crime immonde contre l\u2019Humanit\u00e9 ?Il faut les arr\u00eater !Peuples, levez-vous en masse pour conjurer la guerre, mettre hors d\u2019\u00e9tat de nuire les psychopathes qui menacent l\u2019Humanit\u00e9..Adh\u00e9rez au comit\u00e9 \u00ab La guerre ce sera sans nous \u00bb ; qui \u0153uvre a unifier l\u2019opposition \u00e0 la guerre. Rejoignez-nous. Cliquez sur le lien ci-dessous :https:\/\/laguerreceserasansnous.wordpress.com\/ Patrick Seignon. \u00ab Lavoiedessansvoix.fr \u00bb Mardi 28 f\u00e9vrier 2023.Notes :1 &#8211; France-Inter _ Radio France. : Une ex-chanceli\u00e8re ne devrait pas dire \u00e7a\u2026 Dans une interview au journal \u00ab Die Zeit \u00bb, l\u2019ancienne dirigeante allemande explique que les accords de Minsk n\u2019\u00e9taient qu\u2019un moyen pour l\u2019Ukraine de se renforcer militairement afin de se pr\u00e9parer \u00e0 un conflit in\u00e9vitable. (Marianne, 24\/12\/2022)Apr\u00e8s Angela Merkel, l\u2019aveu de Fran\u00e7ois Hollande : les accords de Minsk, duperie de l\u2019occident ? Dans un entretien au Kyiv Independent, Hollande a revendiqu\u00e9 que les accords de Minsk avaient amen\u00e9 la Russie sur le terrain diplomatique, laissant \u00e0 l\u2019arm\u00e9e de Kiev le temps de se renforcer. Un aveu contredisant les d\u00e9clarations pacifiques d\u2019alors. (Quotidien libre. 30 d\u00e9cembre 2022)\u00ab Nous avons tous vus la d\u00e9claration historiquement importante d\u2019Angela Merkel . Je suis surpris\u00bb, a comment\u00e9 Alexandre Vucic lors d\u2019un discours \u00e0 la nation serbe. Et le dirigeant de poursuivre, selon une retranscription de l\u2019agence de presse Tass : \u00abPour moi, cette id\u00e9e est pratiquement incompr\u00e9hensible mais elle est confirm\u00e9e par ce que  Petro Porochenko a affirm\u00e9, qu\u2019ils n\u2019avaient jamais eu l\u2019intention d\u2019impl\u00e9menter les Accords de Minsk.\u00bb(Quotidien libre 12 d\u00e9cembre 2022.)2 &#8211; Il n\u2019y a rien d\u2019\u00e9tonnant \u00e0 cela puisque ainsi que nous l\u2019avons dit ils voulaient cette guerre. Pourquoi l\u2019arr\u00eateraient-ils maintenant qu\u2019ils l\u2019ont ?<\/p>\n","protected":false},"excerpt":{"rendered":"<p>APPEL A LA MOBILISATION DES PEUPLESPOUR CONJURER LA GUERRELe 23 f\u00e9vrier 2014, L\u2019Union Europ\u00e9enne et les USA ont pouss\u00e9 au [&hellip;]<\/p>\n","protected":false},"author":1,"featured_media":4037,"comment_status":"open","ping_status":"open","sticky":false,"template":"","format":"standard","meta":{"sfsi_plus_gutenberg_text_before_share":"","sfsi_plus_gutenberg_show_text_before_share":"","sfsi_plus_gutenberg_icon_type":"","sfsi_plus_gutenberg_icon_alignemt":"","sfsi_plus_gutenburg_max_per_row":"","site-sidebar-layout":"default","site-content-layout":"","ast-site-content-layout":"default","site-content-style":"default","site-sidebar-style":"default","ast-global-header-display":"","ast-banner-title-visibility":"","ast-main-header-display":"","ast-hfb-above-header-display":"","ast-hfb-below-header-display":"","ast-hfb-mobile-header-display":"","site-post-title":"","ast-breadcrumbs-content":"","ast-featured-img":"","footer-sml-layout":"","ast-disable-related-posts":"","theme-transparent-header-meta":"","adv-header-id-meta":"","stick-header-meta":"","header-above-stick-meta":"","header-main-stick-meta":"","header-below-stick-meta":"","astra-migrate-meta-layouts":"default","ast-page-background-enabled":"default","ast-page-background-meta":{"desktop":{"background-color":"var(--ast-global-color-4)","background-image":"","background-repeat":"repeat","background-position":"center center","background-size":"auto","background-attachment":"scroll","background-type":"","background-media":"","overlay-type":"","overlay-color":"","overlay-opacity":"","overlay-gradient":""},"tablet":{"background-color":"","background-image":"","background-repeat":"repeat","background-position":"center center","background-size":"auto","background-attachment":"scroll","background-type":"","background-media":"","overlay-type":"","overlay-color":"","overlay-opacity":"","overlay-gradient":""},"mobile":{"background-color":"","background-image":"","background-repeat":"repeat","background-position":"center center","background-size":"auto","background-attachment":"scroll","background-type":"","background-media":"","overlay-type":"","overlay-color":"","overlay-opacity":"","overlay-gradient":""}},"ast-content-background-meta":{"desktop":{"background-color":"var(--ast-global-color-5)","background-image":"","background-repeat":"repeat","background-position":"center center","background-size":"auto","background-attachment":"scroll","background-type":"","background-media":"","overlay-type":"","overlay-color":"","overlay-opacity":"","overlay-gradient":""},"tablet":{"background-color":"var(--ast-global-color-5)","background-image":"","background-repeat":"repeat","background-position":"center center","background-size":"auto","background-attachment":"scroll","background-type":"","background-media":"","overlay-type":"","overlay-color":"","overlay-opacity":"","overlay-gradient":""},"mobile":{"background-color":"var(--ast-global-color-5)","background-image":"","background-repeat":"repeat","background-position":"center center","background-size":"auto","background-attachment":"scroll","background-type":"","background-media":"","overlay-type":"","overlay-color":"","overlay-opacity":"","overlay-gradient":""}},"footnotes":""},"categories":[16],"tags":[],"class_list":["post-457","post","type-post","status-publish","format-standard","has-post-thumbnail","hentry","category-archives-cms"],"_links":{"self":[{"href":"https:\/\/lavoiedessansvoix.fr\/lavoie\/wp-json\/wp\/v2\/posts\/457","targetHints":{"allow":["GET"]}}],"collection":[{"href":"https:\/\/lavoiedessansvoix.fr\/lavoie\/wp-json\/wp\/v2\/posts"}],"about":[{"href":"https:\/\/lavoiedessansvoix.fr\/lavoie\/wp-json\/wp\/v2\/types\/post"}],"author":[{"embeddable":true,"href":"https:\/\/lavoiedessansvoix.fr\/lavoie\/wp-json\/wp\/v2\/users\/1"}],"replies":[{"embeddable":true,"href":"https:\/\/lavoiedessansvoix.fr\/lavoie\/wp-json\/wp\/v2\/comments?post=457"}],"version-history":[{"count":1,"href":"https:\/\/lavoiedessansvoix.fr\/lavoie\/wp-json\/wp\/v2\/posts\/457\/revisions"}],"predecessor-version":[{"id":2933,"href":"https:\/\/lavoiedessansvoix.fr\/lavoie\/wp-json\/wp\/v2\/posts\/457\/revisions\/2933"}],"wp:featuredmedia":[{"embeddable":true,"href":"https:\/\/lavoiedessansvoix.fr\/lavoie\/wp-json\/wp\/v2\/media\/4037"}],"wp:attachment":[{"href":"https:\/\/lavoiedessansvoix.fr\/lavoie\/wp-json\/wp\/v2\/media?parent=457"}],"wp:term":[{"taxonomy":"category","embeddable":true,"href":"https:\/\/lavoiedessansvoix.fr\/lavoie\/wp-json\/wp\/v2\/categories?post=457"},{"taxonomy":"post_tag","embeddable":true,"href":"https:\/\/lavoiedessansvoix.fr\/lavoie\/wp-json\/wp\/v2\/tags?post=457"}],"curies":[{"name":"wp","href":"https:\/\/api.w.org\/{rel}","templated":true}]}}