{"id":456,"date":"2023-03-05T09:09:00","date_gmt":"2023-03-05T08:09:00","guid":{"rendered":"https:\/\/lavoiedessansvoix.fr\/lavoie\/2023\/03\/05\/archive-tous-unis-contre-la-guerre\/"},"modified":"2026-04-26T20:33:43","modified_gmt":"2026-04-26T18:33:43","slug":"archive-tous-unis-contre-la-guerre","status":"publish","type":"post","link":"https:\/\/lavoiedessansvoix.fr\/lavoie\/2023\/03\/05\/archive-tous-unis-contre-la-guerre\/","title":{"rendered":"TOUS UNIS CONTRE LA GUERRE"},"content":{"rendered":"<p>TOUS UNIS CONTRE LA GUERRELChers amisCeci est une lettre que j\u2019adresse personnellement \u00e0 chacun de vous, mes ami(e)s contacts et relations.Le moment que nous vivons est en effet crucial. Les dirigeants occidentaux (USA, RU, France, et leur bras arm\u00e9, l\u2019O.T.A.N.) lanc\u00e9s dans une surench\u00e8re guerri\u00e8re avec la Russie (et la Chine), menacent de pr\u00e9cipiter le monde dans le brasier d\u2019un 3\u00e8me conflit mondial. Les cons\u00e9quences d\u2019une pareille folie, il est ais\u00e9 de le deviner, seraient effroyables, ; peut-\u00eatre m\u00eame funestes pour l\u2019avenir de l\u2019Humanit\u00e9 et sa m\u00e8re \u00ab Cyb\u00e8le \u00bb.Le pr\u00e9texte \u00e9nonc\u00e9 au d\u00e9part de d\u00e9fendre l\u2019Ukraine \u00bb, des souffrances provoqu\u00e9es \u00e0 celle-ci et ses peuples par son conflit localis\u00e9 avec la Russie, ne saurait justifier que l\u2019on mette le feu au monde entier, que l\u2019on pr\u00e9cipite dans la mort les souffrances et les atrocit\u00e9s, tous les autres peuples de la terre. Des dizaines de milliers de victimes d\u00e9j\u00e0 d\u00e9nombr\u00e9es ne sauraient constituer un juste pr\u00e9texte \u00e0 ce que l\u2019on en fasse des dizaines, voire des centaines de millions d\u2019autres. Seuls des psychopathes peuvent tenir sans fr\u00e9mir de tels raisonnements.D\u2019ailleurs la v\u00e9rit\u00e9 se pr\u00e9cise. Il est de plus en plus clair que nous assistons, l\u00e0, \u00e0 une guerre Russo Am\u00e9ricaine dont l\u2019\u2019Ukraine n\u2019a \u00e9t\u00e9 qu\u2019un pr\u00e9texte et le th\u00e9\u00e2tre d\u2019op\u00e9ration jusqu\u2019ici, et son peuple la chair \u00e0 canon offerte en holocauste pour la r\u00e9alisation des desseins m\u00e9galomaniaques de l\u2019Empire am\u00e9ricain. Jens Stoltenberg, le secr\u00e9taire g\u00e9n\u00e9ral de l\u2019O.T.A.N., a dit r\u00e9cemment que l\u2019escalade (entendez la troisi\u00e8me guerre mondiale) \u00e9tait pr\u00e9f\u00e9rable \u00e0 une victoire de la Russie en Ukraine \u00bb. Cela signifie que l\u2019O.T.A.N. assume pleinement la responsabilit\u00e9 du d\u00e9clenchement d\u2019un rel conflit plan\u00e9taire. D\u2019ailleurs le m\u00eame et d\u2019autres dirigeants occidentaux ne disent-ils pas ouvertement que leur objectif n\u2019est pas tant de restaurer l\u2019Ukraine dans ses fronti\u00e8res de 1991 mais de \u00ab mettre la Russie \u00e0 genoux et la Chine dans la foul\u00e9e ? Allons-nous nous laisser assassiner ? Allons-nous les laisser pourrir l\u2019avenir de vos enfants, s\u2019ils subsistent ? Allons-nous les laisser commettre la pire catastrophe \u00e9cologique de tous les temps historiques ? Allons-nous, en spectateurs passifs, les laisser perp\u00e9trer ce g\u00e9nocide immonde ? l\u2019Humanit\u00e9 ira-t-elle \u00e0 l\u2019abattoir, silencieuse comme un troupeau de moutons ?NON ! Je le sais. Les peuples vont se lever en masse pour conjurer la guerre, mettre hors d\u2019\u00e9tat de nuire les psychopathes qui menacent l\u2019Humanit\u00e9. Le combat, nous ne l\u2019avons pas choisi, que l\u2019Histoire nous impose pour conjurer la guerre est devenu une n\u00e9cessit\u00e9 et la priorit\u00e9 de ce temps. Les peuples vont se lever en masse ? Mais c\u2019est quoi, c\u2019est qui les peuples ? Les peuples, \u00e7a commence par moi, toi, vous,\u2026 par chacun de nous. Ne dites pas que vous n\u2019\u00eates rien. Chacun de nous est tout. Rassembl\u00e9s nous sommes le peuple, les peuples. Rassembl\u00e9s nous mettrons hors d\u2019\u00e9tat de nuire les assassins qui nous menacent.Vous vous \u00eates mobilis\u00e9s, dans le pass\u00e9 ou encore au pr\u00e9sent, pour de nombreuses causes justes : la d\u00e9fense de vos salaires et de vos conditions de travail, la d\u00e9fense des services publics, de vos retraites, de la dignit\u00e9, des droits des peuples, de vos libert\u00e9s, et que sais-je encore. Je ne peux pas croire que vous ne vous mobiliseriez pas pour conjurer la guerre, cette calamit\u00e9, cette menace existentielle qui pr\u00e9cipitera nos soci\u00e9t\u00e9s, le mode de vie des survivants, 80 ans en arri\u00e8re ou d\u2019avantage ?Jamais courrier n\u2019avait \u00e9t\u00e9 si important. Je vous adjure mes amis, c\u2019est l\u2019objet de cette lettre, de vous engager dans ce combat de la paix sans tarder et avec toute vos \u00e9nergies.Je vous invite \u00e0 vous inscrire au collectif \u00ab LA GUERRE CE SERA SANS NOUS \u00bb ; De partager les informations sur les r\u00e9seaux sociaux, De participer aux manifestations que nous allons organiser partout, modestes au d\u00e9part, je le regrette, mais de plus en plus nombreuses je n\u2019en doute pas.En toute amiti\u00e9 \u00e0 chacun(e)s de vous,Patrick Seignon. (3 mars 2023.)Lien :https:\/\/laguerreceserasansnous.wordpress.com\/<\/p>\n","protected":false},"excerpt":{"rendered":"<p>TOUS UNIS CONTRE LA GUERRELChers amisCeci est une lettre que j\u2019adresse personnellement \u00e0 chacun de vous, mes ami(e)s contacts et [&hellip;]<\/p>\n","protected":false},"author":1,"featured_media":4036,"comment_status":"open","ping_status":"open","sticky":false,"template":"","format":"standard","meta":{"sfsi_plus_gutenberg_text_before_share":"","sfsi_plus_gutenberg_show_text_before_share":"","sfsi_plus_gutenberg_icon_type":"","sfsi_plus_gutenberg_icon_alignemt":"","sfsi_plus_gutenburg_max_per_row":"","site-sidebar-layout":"default","site-content-layout":"","ast-site-content-layout":"default","site-content-style":"default","site-sidebar-style":"default","ast-global-header-display":"","ast-banner-title-visibility":"","ast-main-header-display":"","ast-hfb-above-header-display":"","ast-hfb-below-header-display":"","ast-hfb-mobile-header-display":"","site-post-title":"","ast-breadcrumbs-content":"","ast-featured-img":"","footer-sml-layout":"","ast-disable-related-posts":"","theme-transparent-header-meta":"","adv-header-id-meta":"","stick-header-meta":"","header-above-stick-meta":"","header-main-stick-meta":"","header-below-stick-meta":"","astra-migrate-meta-layouts":"default","ast-page-background-enabled":"default","ast-page-background-meta":{"desktop":{"background-color":"var(--ast-global-color-4)","background-image":"","background-repeat":"repeat","background-position":"center center","background-size":"auto","background-attachment":"scroll","background-type":"","background-media":"","overlay-type":"","overlay-color":"","overlay-opacity":"","overlay-gradient":""},"tablet":{"background-color":"","background-image":"","background-repeat":"repeat","background-position":"center center","background-size":"auto","background-attachment":"scroll","background-type":"","background-media":"","overlay-type":"","overlay-color":"","overlay-opacity":"","overlay-gradient":""},"mobile":{"background-color":"","background-image":"","background-repeat":"repeat","background-position":"center center","background-size":"auto","background-attachment":"scroll","background-type":"","background-media":"","overlay-type":"","overlay-color":"","overlay-opacity":"","overlay-gradient":""}},"ast-content-background-meta":{"desktop":{"background-color":"var(--ast-global-color-5)","background-image":"","background-repeat":"repeat","background-position":"center center","background-size":"auto","background-attachment":"scroll","background-type":"","background-media":"","overlay-type":"","overlay-color":"","overlay-opacity":"","overlay-gradient":""},"tablet":{"background-color":"var(--ast-global-color-5)","background-image":"","background-repeat":"repeat","background-position":"center center","background-size":"auto","background-attachment":"scroll","background-type":"","background-media":"","overlay-type":"","overlay-color":"","overlay-opacity":"","overlay-gradient":""},"mobile":{"background-color":"var(--ast-global-color-5)","background-image":"","background-repeat":"repeat","background-position":"center center","background-size":"auto","background-attachment":"scroll","background-type":"","background-media":"","overlay-type":"","overlay-color":"","overlay-opacity":"","overlay-gradient":""}},"footnotes":""},"categories":[16],"tags":[],"class_list":["post-456","post","type-post","status-publish","format-standard","has-post-thumbnail","hentry","category-archives-cms"],"_links":{"self":[{"href":"https:\/\/lavoiedessansvoix.fr\/lavoie\/wp-json\/wp\/v2\/posts\/456","targetHints":{"allow":["GET"]}}],"collection":[{"href":"https:\/\/lavoiedessansvoix.fr\/lavoie\/wp-json\/wp\/v2\/posts"}],"about":[{"href":"https:\/\/lavoiedessansvoix.fr\/lavoie\/wp-json\/wp\/v2\/types\/post"}],"author":[{"embeddable":true,"href":"https:\/\/lavoiedessansvoix.fr\/lavoie\/wp-json\/wp\/v2\/users\/1"}],"replies":[{"embeddable":true,"href":"https:\/\/lavoiedessansvoix.fr\/lavoie\/wp-json\/wp\/v2\/comments?post=456"}],"version-history":[{"count":1,"href":"https:\/\/lavoiedessansvoix.fr\/lavoie\/wp-json\/wp\/v2\/posts\/456\/revisions"}],"predecessor-version":[{"id":2931,"href":"https:\/\/lavoiedessansvoix.fr\/lavoie\/wp-json\/wp\/v2\/posts\/456\/revisions\/2931"}],"wp:featuredmedia":[{"embeddable":true,"href":"https:\/\/lavoiedessansvoix.fr\/lavoie\/wp-json\/wp\/v2\/media\/4036"}],"wp:attachment":[{"href":"https:\/\/lavoiedessansvoix.fr\/lavoie\/wp-json\/wp\/v2\/media?parent=456"}],"wp:term":[{"taxonomy":"category","embeddable":true,"href":"https:\/\/lavoiedessansvoix.fr\/lavoie\/wp-json\/wp\/v2\/categories?post=456"},{"taxonomy":"post_tag","embeddable":true,"href":"https:\/\/lavoiedessansvoix.fr\/lavoie\/wp-json\/wp\/v2\/tags?post=456"}],"curies":[{"name":"wp","href":"https:\/\/api.w.org\/{rel}","templated":true}]}}