{"id":442,"date":"2023-04-28T02:50:00","date_gmt":"2023-04-28T00:50:00","guid":{"rendered":"https:\/\/lavoiedessansvoix.fr\/lavoie\/2023\/04\/28\/archive-et-si-nous-parlions-d-ordures-hommage-a-la-grande-eboueuse\/"},"modified":"2026-04-26T20:31:35","modified_gmt":"2026-04-26T18:31:35","slug":"archive-et-si-nous-parlions-d-ordures-hommage-a-la-grande-eboueuse","status":"publish","type":"post","link":"https:\/\/lavoiedessansvoix.fr\/lavoie\/2023\/04\/28\/archive-et-si-nous-parlions-d-ordures-hommage-a-la-grande-eboueuse\/","title":{"rendered":"ET SI NOUS PARLIONS D\u2019ORDURES ? (Hommage \u00e0 la grande \u00e9boueuse)"},"content":{"rendered":"<p>ET SI NOUS PARLIONS D\u2019ORDURES ?(Hommage \u00e0 la grande \u00e9boueuse)J\u2019ai souvent fr\u00e9quent\u00e9 les gares. J\u2019\u00e9tais pr\u00e9cis\u00e9ment dans l\u2019une d\u2019elle quand j\u2019ai un jour crois\u00e9 un misanthrope dont j\u2019ai oubli\u00e9 le nom (il ne m\u00e9rite d\u2019ailleurs pas qu\u2019on le retienne), qui se fendit \u00e0 la cantonade de cette r\u00e9flexion d\u2019une grande intensit\u00e9 philosophique : \u00ab les gares sont des lieux o\u00f9 l\u2019on croise des gens qui ont r\u00e9ussi et d\u2019autres qui ne sont rien. \u00bb Cette sentence au vitriol m\u2019alla droit au c\u0153ur, moi qui ne suis pas grand-chose. L\u2019individu, je l\u2019avais reconnu. Il avait quelques ann\u00e9es avant fait une bruyante campagne \u00e9lectorale afin de se faire \u00e9lire \u00ab par effraction \u00bb \u00e0 quelque haute fonction de l\u2019\u00c9tat. C\u2019\u00e9tait lors de cette premi\u00e8re campagne \u00e9lectorale, en 2017 crois-je, que j\u2019avais interpell\u00e9 en ces termes les \u00e9quipes d\u2019hurluberlus qui tractaient pour lui sur les march\u00e9s : \u00ab Vous n\u2019avez pas honte, leur disais-je \u2013 d\u00e9j\u00e0 &#8211;  de travailler pour une ordure pareille ?  Il est des gens comme celui-l\u00e0 que leur sobriquet d\u00e9nomme mieux que leur identit\u00e9.Or, en ce temps, je dois bien l\u2019admettre, quoique parfaitement judicieuse comme la suite le r\u00e9v\u00e9la, cette \u00e9pith\u00e8te aurait pu paraitre excessive \u00e0 beaucoup d\u2019entre vous. Beaucoup d\u2019eaux fangeuses de notre cinqui\u00e8mes R\u00e9publique ont depuis \u00ab coul\u00e9es sous le pont Mirabeau \u00bb. Les yeux se sont d\u00e9cill\u00e9s, les esprits se sont ouverts, les r\u00e9alit\u00e9s ont saut\u00e9 aux visages des gens paisibles, et les c\u0153urs laissent s\u2019exprimer plus librement leur \u00e9motivit\u00e9. Oui, je peux le revendiquer fi\u00e8rement, je suis l\u2019inventeur, bien avant tout le monde de ce petit nom qu\u2019il ex\u00e8cre et qui pourtant l\u2019habille si bien. Vous serez admiratifs j\u2019en suis s\u00fbr de la pr\u00e9somption qui \u00e9tait mienne alors. Ce surnom d\u2019apparence incongru \u00e0 l\u2019\u00e9poque est \u00e0 pr\u00e9sent en partage dans une large partie de la population. Pour en avoir fait un usage public et direct, sans les pr\u00e9cautions langagi\u00e8res dont je m\u2019entoure, certaine citoyenne se sont vu infliger r\u00e9cemment une garde \u00e0 vue et une mise en examen.C\u2019est que dans notre R\u00e9publique super d\u00e9mocratique il est interdit d\u2019exprimer librement son indignation. C\u2019est que de notre idiome aux cent mille mots, selon mon pote le \u00ab Grand Robert \u00bb, il est interdit d\u2019en utiliser un grand nombre qui seraient pourtant fort utiles \u00e0 exprimer de fa\u00e7on judicieuse notre m\u00e9pris en retour \u00e0 qui nous m\u00e9prise.Mais que l\u2019on se rassure, l\u2019interdiction \u00bb, la confiscation, la coercition, n\u2019enl\u00e8vent rien \u00e0 la justesse d\u2019autres mots ni \u00e0 la l\u00e9gitimit\u00e9 de l\u2019expression de la col\u00e8re.Les ordures, avant de rejoindre les tas d\u2019immondices ou les usines d\u2019incin\u00e9ration, \u00e7a n\u2019est pas fait pour aller dans les Palais mais  dans les poubelles. De la voirie ou de l\u2019Histoire c\u2019est selon leur genre et les r\u00e8gles acquises du \u00ab tri des d\u00e9chets \u00bb.Quoiqu\u2019il en soit, saison des grands nettoyages voil\u00e0 le printemps revenu. Une \u0153uvre hercul\u00e9enne vous attend Amis Citoyennes et Citoyens. Il est enfin temps de faire \u0153uvre de salubrit\u00e9 publique, de curer les Palais d\u2019Augias de la R\u00e9publique.Patrick Seignon. \u00ab lavoiedessansvoix.fr \u00bb. Jeudi 27 avril 2023.(publi\u00e9 le vendredi 28 avril).<\/p>\n","protected":false},"excerpt":{"rendered":"<p>ET SI NOUS PARLIONS D\u2019ORDURES ?(Hommage \u00e0 la grande \u00e9boueuse)J\u2019ai souvent fr\u00e9quent\u00e9 les gares. J\u2019\u00e9tais pr\u00e9cis\u00e9ment dans l\u2019une d\u2019elle quand [&hellip;]<\/p>\n","protected":false},"author":1,"featured_media":4021,"comment_status":"open","ping_status":"open","sticky":false,"template":"","format":"standard","meta":{"sfsi_plus_gutenberg_text_before_share":"","sfsi_plus_gutenberg_show_text_before_share":"","sfsi_plus_gutenberg_icon_type":"","sfsi_plus_gutenberg_icon_alignemt":"","sfsi_plus_gutenburg_max_per_row":"","site-sidebar-layout":"default","site-content-layout":"","ast-site-content-layout":"default","site-content-style":"default","site-sidebar-style":"default","ast-global-header-display":"","ast-banner-title-visibility":"","ast-main-header-display":"","ast-hfb-above-header-display":"","ast-hfb-below-header-display":"","ast-hfb-mobile-header-display":"","site-post-title":"","ast-breadcrumbs-content":"","ast-featured-img":"","footer-sml-layout":"","ast-disable-related-posts":"","theme-transparent-header-meta":"","adv-header-id-meta":"","stick-header-meta":"","header-above-stick-meta":"","header-main-stick-meta":"","header-below-stick-meta":"","astra-migrate-meta-layouts":"default","ast-page-background-enabled":"default","ast-page-background-meta":{"desktop":{"background-color":"var(--ast-global-color-4)","background-image":"","background-repeat":"repeat","background-position":"center center","background-size":"auto","background-attachment":"scroll","background-type":"","background-media":"","overlay-type":"","overlay-color":"","overlay-opacity":"","overlay-gradient":""},"tablet":{"background-color":"","background-image":"","background-repeat":"repeat","background-position":"center center","background-size":"auto","background-attachment":"scroll","background-type":"","background-media":"","overlay-type":"","overlay-color":"","overlay-opacity":"","overlay-gradient":""},"mobile":{"background-color":"","background-image":"","background-repeat":"repeat","background-position":"center center","background-size":"auto","background-attachment":"scroll","background-type":"","background-media":"","overlay-type":"","overlay-color":"","overlay-opacity":"","overlay-gradient":""}},"ast-content-background-meta":{"desktop":{"background-color":"var(--ast-global-color-5)","background-image":"","background-repeat":"repeat","background-position":"center center","background-size":"auto","background-attachment":"scroll","background-type":"","background-media":"","overlay-type":"","overlay-color":"","overlay-opacity":"","overlay-gradient":""},"tablet":{"background-color":"var(--ast-global-color-5)","background-image":"","background-repeat":"repeat","background-position":"center center","background-size":"auto","background-attachment":"scroll","background-type":"","background-media":"","overlay-type":"","overlay-color":"","overlay-opacity":"","overlay-gradient":""},"mobile":{"background-color":"var(--ast-global-color-5)","background-image":"","background-repeat":"repeat","background-position":"center center","background-size":"auto","background-attachment":"scroll","background-type":"","background-media":"","overlay-type":"","overlay-color":"","overlay-opacity":"","overlay-gradient":""}},"footnotes":""},"categories":[16],"tags":[],"class_list":["post-442","post","type-post","status-publish","format-standard","has-post-thumbnail","hentry","category-archives-cms"],"_links":{"self":[{"href":"https:\/\/lavoiedessansvoix.fr\/lavoie\/wp-json\/wp\/v2\/posts\/442","targetHints":{"allow":["GET"]}}],"collection":[{"href":"https:\/\/lavoiedessansvoix.fr\/lavoie\/wp-json\/wp\/v2\/posts"}],"about":[{"href":"https:\/\/lavoiedessansvoix.fr\/lavoie\/wp-json\/wp\/v2\/types\/post"}],"author":[{"embeddable":true,"href":"https:\/\/lavoiedessansvoix.fr\/lavoie\/wp-json\/wp\/v2\/users\/1"}],"replies":[{"embeddable":true,"href":"https:\/\/lavoiedessansvoix.fr\/lavoie\/wp-json\/wp\/v2\/comments?post=442"}],"version-history":[{"count":1,"href":"https:\/\/lavoiedessansvoix.fr\/lavoie\/wp-json\/wp\/v2\/posts\/442\/revisions"}],"predecessor-version":[{"id":2903,"href":"https:\/\/lavoiedessansvoix.fr\/lavoie\/wp-json\/wp\/v2\/posts\/442\/revisions\/2903"}],"wp:featuredmedia":[{"embeddable":true,"href":"https:\/\/lavoiedessansvoix.fr\/lavoie\/wp-json\/wp\/v2\/media\/4021"}],"wp:attachment":[{"href":"https:\/\/lavoiedessansvoix.fr\/lavoie\/wp-json\/wp\/v2\/media?parent=442"}],"wp:term":[{"taxonomy":"category","embeddable":true,"href":"https:\/\/lavoiedessansvoix.fr\/lavoie\/wp-json\/wp\/v2\/categories?post=442"},{"taxonomy":"post_tag","embeddable":true,"href":"https:\/\/lavoiedessansvoix.fr\/lavoie\/wp-json\/wp\/v2\/tags?post=442"}],"curies":[{"name":"wp","href":"https:\/\/api.w.org\/{rel}","templated":true}]}}