{"id":440,"date":"2023-05-08T17:59:00","date_gmt":"2023-05-08T15:59:00","guid":{"rendered":"https:\/\/lavoiedessansvoix.fr\/lavoie\/2023\/05\/08\/archive-le-jour-de-la-victoire\/"},"modified":"2026-04-26T20:31:14","modified_gmt":"2026-04-26T18:31:14","slug":"archive-le-jour-de-la-victoire","status":"publish","type":"post","link":"https:\/\/lavoiedessansvoix.fr\/lavoie\/2023\/05\/08\/archive-le-jour-de-la-victoire\/","title":{"rendered":"LE JOUR DE LA VICTOIRE ?"},"content":{"rendered":"<p>LE JOUR DE LA VICTOIRE ?Hier 8 mai nous f\u00eations en France la reddition de l\u2019Allemagne mettant fin \u00e0 la deuxi\u00e8me guerre mondiale, que les Russes f\u00eatent ce jour 9 mai. Cela fait plusieurs ann\u00e9es que le \u00ab r\u00e9visionnisme historique \u00bb est \u00e0 l\u2019\u0153uvre en Occident avec pour but de nier le r\u00f4le imminent de l\u2019URSS dans la d\u00e9faite de l\u2019Allemagne Nazie. La propagande de guerre li\u00e9e au conflit actuel en Ukraine a encore accru ce ph\u00e9nom\u00e8ne. Dans plusieurs pays d\u2019Europe les honneurs habituels ne seront pas rendus cette ann\u00e9e aux soldats sovi\u00e9tiques morts pour lib\u00e9rer l\u2019Europe du nazisme. O\u00f9 donc va se nicher et \u00e0 qu\u2019elles extr\u00e9mit\u00e9s d\u2019r\u00e9v\u00e9rence peut conduire la b\u00eatise humaine ?Honte soit \u00e0 ceux qui s\u2019adonnent \u00e0 cette perversion de l\u2019Histoire et \u00e0 l\u2019injure faite \u00e0 ses h\u00e9ros et ses martyres.Un petit synopsis historique et synth\u00e9tique de ce que fut vraiment la deuxi\u00e8me guerre mondiale sera utile a l\u2019\u00e9clairage de tous ceux qui sont encore aptes \u00e0 s\u2019\u2019interroger et se garde du d\u00e9ni o\u00f9 d\u2019autres se vautrent avec complaisance.*Victoire donc, oui mais de qui et sur quoi et qui ? La victoire sur le nazisme entends-t-on volontiers. \u00c7a fait bien, honn\u00eate, honorable et presque consensuel. Mais est-ce vraiment s\u00fbr ? Il y eut deux et m\u00eame trois guerres, comme des poup\u00e9es gigognes, dans la deuxi\u00e8me guerre mondiale. Une guerre imp\u00e9rialiste entre puissances europ\u00e9ennes, une guerre id\u00e9ologique entre le monde capitaliste occidental et l\u2019URSS d\u00e9positaire d\u2019un autre mod\u00e8le social, laquelle se m\u00fb ensuite en guerre id\u00e9ologique entre le fascisme incarn\u00e9 par l\u2019Allemagne nazie et le communisme incarn\u00e9 par l\u2019URSS. Et enfin la troisi\u00e8me, une autre guerre imp\u00e9rialiste, l\u2019autre guerre gigogne, qui pr\u00e9occupait le plus les USA, leur guerre contre le Japon pour la domination du pacifique dont on sait ce qu\u2019il advint.Dans la premi\u00e8re guerre mondiale l\u2019Allemagne voulait sa part d\u2019Empire colonial et disputait le partage du monde existant \u00e0 l\u2019Angleterre et la France. La r\u00e9volution de novembre 1918 et la R\u00e9publique de Weimar \u00e9rig\u00e9e sur son cadavre, mirent fin, pour un temps au moins, aux r\u00eaves imp\u00e9riaux du 2\u00e8me Reich. Ce n\u2019\u00e9tait toutefois que partie remise. L\u2019humiliation allemande, ce qu\u2019Hitler appela \u00ab la honte de novembre \u00bb, et l\u2019ignoble trait\u00e9 de Versailles, furent les puissants moteurs du \u00ab revanchisme allemand \u00bb et expliquent pour une bonne part l\u2019adh\u00e9sion du peuple au 3\u00e8me Reich. Le plan d\u2019Hitler \u00e9tait d\u2019adosser la puissance Allemande en Europe \u00e0 un grand Empire en lui int\u00e9grant les territoires allemands ou germanophones d\u2019Europe, (R\u00e9int\u00e9gration de la Sarre, remilitarisation de la Rh\u00e9nanie, Anschluss de l\u2019Autriche, annexion des Sud\u00e8tes, annexion du territoire de Memel, rattachement de Dantzig). Il pourrait alors remettre en question le partage Anglo\/fran\u00e7ais du monde et la domination des mers par \u00ab la perfide Albion \u00bb. Atteindre en quelques sortes avec la seconde les objectifs non r\u00e9alis\u00e9s de la 1ere guerre mondiale. En cela la deuxi\u00e8me guerre mondiale, tout comme la pr\u00e9c\u00e9dente, \u00e9tait d\u2019abord une guerre imp\u00e9rialiste.Le Nazisme, version allemande du \u00ab fascisme \u00bb c\u2019\u00e9tait construit sur la haine du bolch\u00e9visme et de la r\u00e9volution russe. Au demeurant la r\u00e9volution \u00ab des ouvriers et des paysans \u00bbde Russie \u00e9tait parvenu \u00e0 maintenir l\u2019unit\u00e9 de l\u2019ancien Empire Tsariste et donc le contr\u00f4le de l\u2019Ukraine que l\u2019Allemagne convoitait. Dans la guerre \u00e0 l\u2019Est de l\u2019Europe il y avait donc bien s\u00fbr des vis\u00e9es imp\u00e9rialistes aussi mais surtout une importante dimension id\u00e9ologique. Or cette guerre-l\u00e0, de l\u2019Allemagne contre l\u2019URSS, n\u2019\u00e9tait pas l\u2019affaire exclusive de l\u2019Allemagne. C\u2019\u00e9tait celle \u00e9galement de l\u2019Angleterre de la France, des USA. Il s\u2019agissait de vaincre l\u2019Hydre de la R\u00e9volution socialiste que les classes poss\u00e9dantes du monde occidental ressentaient comme une menace existentielle. C\u2019\u00e9tait aussi l\u2019affaire du Vatican, enr\u00f4lant les l\u00e9gions nazies comme \u00ab nouveaux templiers \u00bb dans une croisade vengeresse contre \u00ab les sans Dieu \u00bb et l\u2019Orthodoxie. (Le pape pie XII, ancien Nonce apostolique en Allemagne et le \u00ab Zentrum \u00bb parti catholique allemand, n\u2019\u00e9taient pas \u00e9trangers \u00e0 l\u2019accession d\u2019Hitler au pouvoir). En cela la deuxi\u00e8me guerre mondiale fut une guerre id\u00e9ologique. Mais non pas d\u2019abord contre le fascisme ou le Nazisme mais contre l\u2019URSS et le communisme.Il va de soi que l\u2019URSS d\u00e9truite sa d\u00e9pouille viendrait en partage et serait l\u2019enjeu de nouveaux conflits imp\u00e9rialistes. L\u00e9nine je crois, n\u2019avait-il pas dit que sans la R\u00e9volution d\u2019Octobre la Russie serait devenue d\u00e9s apr\u00e8s la fin de la premi\u00e8re guerre mondiale une colonie occidentale ?Ecras\u00e9 d\u2019abord par les \u00ab r\u00e9parations de guerre \u00bb, entrav\u00e9e par d\u2019autres dispositions fort handicapantes du trait\u00e9 de Versailles et l\u2019occupation de la Ruhr (1921\/1923), l\u2019Allemagne rebondissait pourtant de mani\u00e8re fulgurante. Le ph\u00e9nom\u00e8ne s\u2019amplifia avec l\u2019arriv\u00e9e d\u2019Hitler aux commandes, qui passe outre plusieurs dispositions contraignantes du trait\u00e9 de Versailles (remilitarisation de la Rh\u00e9nanie, r\u00e9tablissement de la conscription, r\u00e9armement). Cela se faisait, il va sans dire, avec le complicit\u00e9 directe ou dissimul\u00e9e, voire l\u2019aide ouverte de l\u2019Angleterre fid\u00e8le \u00e0 sa politique continentale du \u00ab Dual containment \u00bb et les USA, sa deuxi\u00e8me nature. C\u2019est qu\u2019il faut bien le dire, le Nazisme, cet anticommunisme fondamental ne promettait-il pas de transformer l\u2019Allemagne en une machine de guerre apte \u00e0 terrasser le dragon sovi\u00e9tique ? Bien que jamais formul\u00e9 clairement, ni par les politiques d\u2019alors ni par les historiens officiels, cette pens\u00e9e secr\u00e8te ne manquait pas d\u2019animer les esprits du temps. Les tant d\u00e9cri\u00e9s, (apr\u00e8s coup seulement), accords de Munich ne s\u2019inscrivaient-ils pas dans la r\u00e9alisation de ce plan ? Lorsque les arm\u00e9es du Reich envahissent la Pologne (1er septembre 1939), la France et l\u2019Angleterre d\u00e9clarent la guerre \u00e0 l\u2019Allemagne sans qu\u2019il s\u2019en suive la moindre cons\u00e9quence guerri\u00e8re (\u00ab la dr\u00f4le de guerre \u00bb (septembre 1939 10mai 1940), n\u2019\u00e9tait-elle pas partie prenante aussi de ce plan diabolique : laisser les mains libres \u00e0 Hitler pour d\u00e9truire l\u2019URSS d\u2019abord ? Remettre \u00e0 une date ult\u00e9rieure la clarification de nos comptes avec lui.La dr\u00f4le de guerre n\u2019a dur\u00e9 que sept mois seriez-vous tent\u00e9s de dire. Apr\u00e8s cela on a v\u00e9ritablement fait la guerre \u00e0 l\u2019Allemagne. Eh bien non, m\u00eame pas ! Ce ne sont pas les \u00ab d\u00e9clarants de guerre qui mirent fin \u00e8 cette p\u00e9riode paradoxale, mais l\u2019Allemagne elle-m\u00eame. Avant de se lancer dans sa grande aventure \u00e0 l\u2019Est, ; Hitler qui tenait la France pour la pire ennemie de l\u2019Allemagne, comme en atteste son livre programmatique \u00ab Mein Kampf \u00bb, et craignant que celle-ci ne lui plante un poignard dans le dos d\u00e9cida d\u2019abord d\u2019assurer ses arri\u00e8res en la neutralisant contournant la ligne Maginot par la Belgique il v\u00eent s\u2019assurer de la France. (mai 1940)(Dans l\u2019incapacit\u00e9 de la France \u00e0 opposer la moindre r\u00e9sistance certains ont m\u00eame cru d\u00e9celer une autre preuve de la complicit\u00e9 des \u00e9lites Fran\u00e7aises avec le r\u00e9gime Hitl\u00e9rien.)Dans l\u2019intervalle, en Angleterre Churchill a remplac\u00e9 Chamberlain au poste de Premier ministre. La politique du Royaume uni \u00e0 l\u2019\u00e9gard de l\u2019Allemagne a chang\u00e9 du tout au tout. C\u2019est que Churchill voit se profiler un immense danger. Sustenter la puissance allemande pour contenir l\u2019arrogance fran\u00e7aise, soit ! Instrumentaliser l\u2019Allemagne Hitl\u00e9rienne pour tordre le cou \u00e0 la Russie sovi\u00e9tique, bien s\u00fbr. Il voudrait bien. Mais l\u2019Allemagne maitresse de l\u2019Ukraine et des richesses de la Russie en mati\u00e8re premi\u00e8res, maitresse de Bakou, ce serait une menace pour le statut dominant de l\u2019Angleterre. Il faut \u00ab contenir \u00bb la puissance allemande. Ce changement de cours de la politique Britannique contraint Hitler \u00e0 une politique de maitrise de la perfide Albion afin de la tenir en respect pendant qu\u2019il s\u2019occupera de Staline. La bataille d\u2019Angleterre, projet de d\u00e9barquement, bataille a\u00e9rienne, commenc\u00e9 en Juillet 1940 se termine en Mai 1941. Le 22 juin Hitler d\u00e9clenche l\u2019op\u00e9ration \u00ab Barbarrossa \u00ab et lance ses hordes \u00e0 l\u2019assaut de la citadelle communiste. Staline qui avait sign\u00e9 (en v\u00e9rit\u00e9 Molotov) avec Hitler (repr\u00e9sent\u00e9 par Ribbentrop) un trait\u00e9 de non-agression connu sous le nom de \u00ab pacte germano sovi\u00e9tique \u00bb (23 ao\u00fbt 1939), afin de gagner du temps, ne s\u2019attendait pas si t\u00f4t au d\u00e9clenchement des hostilit\u00e9s. Effet de surprise, mais aussi impr\u00e9paration de l\u2019Arm\u00e9e rouge, les divisions Allemandes entr\u00e8rent facilement en territoire sovi\u00e9tique allant jusqu\u2019aux portes de L\u00e9ningrad (Saint P\u00e9tersbourg), ville symbolique, car capitale de la R\u00e9volution, dont Hitler voulait s\u2019emparer et qui subira un si\u00e8ge terrible (8 septembre 41, 27 janvier 44). L\u2019arm\u00e9e rouge recule mais la r\u00e9sistance s\u2019organise, la logistique industrielle se d\u00e9place \u00e0 l\u2019arri\u00e8re. L\u2019arm\u00e9e Allemande hautement m\u00e9canis\u00e9e \u00e0 besoin de produits p\u00e9troliers. Un de ses objectifs imm\u00e9diat est d\u2019ouvrir la route de Bakou qui passe par Stalingrad. L\u2019avance Allemande est stopp\u00e9e l\u00e0. De nombreuses divisions s\u2019y briseront (23 ao\u00fbt 1942\/2 f\u00e9vrier 1943). 7 mois et 2 millions de morts plus tard, l\u2019arm\u00e9e Allemande bris\u00e9e physiquement et moralement doit battre en retraite. L\u2019Arm\u00e9e rouge a r\u00e9sist\u00e9 au terrible assaut de la puissance militaire allemande. Les divisions du Reich sont bout\u00e9es hors, \u00e0 travers toute l\u2019Europe jusqu\u2019\u00e0 Berlin.Cela faisait des mois que Staline suppliait les occidentaux d\u2019ouvrir un front \u00e0 l\u2019ouest afin de soulager son arm\u00e9e de la pression. Ceux-ci ne sont pas press\u00e9s. Qu\u2019attendent-ils, qu\u2019esp\u00e8rent-ils ? Mais l\u2019URSS ne s\u2019est pas effondr\u00e9e, \u00e0 pr\u00e9sent les divisions allemandes reculent et l\u2019arm\u00e9e rouge avance. Ils se d\u00e9cident enfin. Ils arrivent \u00ab au secours de la victoire \u00bb, Ils d\u00e9barquent en Normandie le 6 juin 1944. 3 ans apr\u00e8s le d\u00e9clenchement de \u00ab Barbarrossa \u00bb, 16 mois apr\u00e8s la victoire de Stalingrad. Alors certes les calculs politiques foireux de leurs dirigeants n\u2019enl\u00e8vent rien \u00e0 l\u2019h\u00e9ro\u00efsme ni \u00e0 la valeur du sacrifice des soldat am\u00e9ricains canadiens, australiens ou Anglais qui d\u00e9barqu\u00e8rent sur les c\u00f4tes de Normandie. Mais la r\u00e9alit\u00e9 veut que si ceux-l\u00e0 ont leur part incontestable \u00e0 la lib\u00e9ration de l\u2019Europe occidentale et \u00e0 la d\u00e9faite de l\u2019imp\u00e9rialisme allemand, ils n\u2019ont aucune part \u00e0 la d\u00e9faite du nazisme. A l\u2019Est, ce qui avait commenc\u00e9 comme une \u00ab croisade anticommuniste \u00bb avait mut\u00e9 en cours de route, r\u00e9sultat de l\u2019inversion des rapports de forces, en insurrection des consciences antifascistes. La lib\u00e9ration des camps, la d\u00e9couverte de \u00ab la solution finale \u00bb et des horreurs perp\u00e9tr\u00e9es par les nazis ne pouvait que sceller l\u2019unanimisme des condamnations internationales de cette id\u00e9ologie. Si la guerre id\u00e9ologique contre le Nazisme n\u2019avait pas \u00e9t\u00e9 l\u2019affaire des imp\u00e9rialismes, les puissances occidentales ne pouvaient faire d\u00e8s lors autrement que de s\u2019en emparer de mani\u00e8re opportuniste.Mais c\u2019est sous l\u2019assaut conjugu\u00e9 de l\u2019Arm\u00e9e Rouge et des mouvements de r\u00e9sistance populaire de toute l\u2019Europe, par nature patriotiques mais aussi \u00ab antifascistes \u00bb que la victoire-contre le nazisme fut acquise. Elle appartient toute enti\u00e8re \u00e0 l\u2019URSS et aux r\u00e9sistances populaires d\u2019Europe.C\u2019est cette r\u00e9alit\u00e9 historique que les politiciens occidentaux avec la complicit\u00e9 d\u2019Historiens v\u00e9reux, s\u2019ing\u00e9nient \u00e0 effacer des m\u00e9moires. Et pour cause, admettre que l\u2019Union Sovi\u00e9tique, \u00ab communiste \u00bb, fut le v\u00e9ritable \u00ab Saint-Georges \u00bb qui terrassa le dragon, c\u2019est rendre incompr\u00e9hensible la lecture occidentale de l\u2019Histoire selon laquelle le \u00ab totalitarisme hitl\u00e9rien \u00bb serait l\u2019\u00e9gal du \u00ab totalitarisme stalinien \u00bb.Patrick Seignon. \u00ab lavoiedessansvoix.fr \u00bb. Lundi 8 mai 2023.<\/p>\n","protected":false},"excerpt":{"rendered":"<p>LE JOUR DE LA VICTOIRE ?Hier 8 mai nous f\u00eations en France la reddition de l\u2019Allemagne mettant fin \u00e0 la [&hellip;]<\/p>\n","protected":false},"author":1,"featured_media":4019,"comment_status":"open","ping_status":"open","sticky":false,"template":"","format":"standard","meta":{"sfsi_plus_gutenberg_text_before_share":"","sfsi_plus_gutenberg_show_text_before_share":"","sfsi_plus_gutenberg_icon_type":"","sfsi_plus_gutenberg_icon_alignemt":"","sfsi_plus_gutenburg_max_per_row":"","site-sidebar-layout":"default","site-content-layout":"","ast-site-content-layout":"default","site-content-style":"default","site-sidebar-style":"default","ast-global-header-display":"","ast-banner-title-visibility":"","ast-main-header-display":"","ast-hfb-above-header-display":"","ast-hfb-below-header-display":"","ast-hfb-mobile-header-display":"","site-post-title":"","ast-breadcrumbs-content":"","ast-featured-img":"","footer-sml-layout":"","ast-disable-related-posts":"","theme-transparent-header-meta":"","adv-header-id-meta":"","stick-header-meta":"","header-above-stick-meta":"","header-main-stick-meta":"","header-below-stick-meta":"","astra-migrate-meta-layouts":"default","ast-page-background-enabled":"default","ast-page-background-meta":{"desktop":{"background-color":"var(--ast-global-color-4)","background-image":"","background-repeat":"repeat","background-position":"center center","background-size":"auto","background-attachment":"scroll","background-type":"","background-media":"","overlay-type":"","overlay-color":"","overlay-opacity":"","overlay-gradient":""},"tablet":{"background-color":"","background-image":"","background-repeat":"repeat","background-position":"center center","background-size":"auto","background-attachment":"scroll","background-type":"","background-media":"","overlay-type":"","overlay-color":"","overlay-opacity":"","overlay-gradient":""},"mobile":{"background-color":"","background-image":"","background-repeat":"repeat","background-position":"center center","background-size":"auto","background-attachment":"scroll","background-type":"","background-media":"","overlay-type":"","overlay-color":"","overlay-opacity":"","overlay-gradient":""}},"ast-content-background-meta":{"desktop":{"background-color":"var(--ast-global-color-5)","background-image":"","background-repeat":"repeat","background-position":"center center","background-size":"auto","background-attachment":"scroll","background-type":"","background-media":"","overlay-type":"","overlay-color":"","overlay-opacity":"","overlay-gradient":""},"tablet":{"background-color":"var(--ast-global-color-5)","background-image":"","background-repeat":"repeat","background-position":"center center","background-size":"auto","background-attachment":"scroll","background-type":"","background-media":"","overlay-type":"","overlay-color":"","overlay-opacity":"","overlay-gradient":""},"mobile":{"background-color":"var(--ast-global-color-5)","background-image":"","background-repeat":"repeat","background-position":"center center","background-size":"auto","background-attachment":"scroll","background-type":"","background-media":"","overlay-type":"","overlay-color":"","overlay-opacity":"","overlay-gradient":""}},"footnotes":""},"categories":[16],"tags":[],"class_list":["post-440","post","type-post","status-publish","format-standard","has-post-thumbnail","hentry","category-archives-cms"],"_links":{"self":[{"href":"https:\/\/lavoiedessansvoix.fr\/lavoie\/wp-json\/wp\/v2\/posts\/440","targetHints":{"allow":["GET"]}}],"collection":[{"href":"https:\/\/lavoiedessansvoix.fr\/lavoie\/wp-json\/wp\/v2\/posts"}],"about":[{"href":"https:\/\/lavoiedessansvoix.fr\/lavoie\/wp-json\/wp\/v2\/types\/post"}],"author":[{"embeddable":true,"href":"https:\/\/lavoiedessansvoix.fr\/lavoie\/wp-json\/wp\/v2\/users\/1"}],"replies":[{"embeddable":true,"href":"https:\/\/lavoiedessansvoix.fr\/lavoie\/wp-json\/wp\/v2\/comments?post=440"}],"version-history":[{"count":1,"href":"https:\/\/lavoiedessansvoix.fr\/lavoie\/wp-json\/wp\/v2\/posts\/440\/revisions"}],"predecessor-version":[{"id":2899,"href":"https:\/\/lavoiedessansvoix.fr\/lavoie\/wp-json\/wp\/v2\/posts\/440\/revisions\/2899"}],"wp:featuredmedia":[{"embeddable":true,"href":"https:\/\/lavoiedessansvoix.fr\/lavoie\/wp-json\/wp\/v2\/media\/4019"}],"wp:attachment":[{"href":"https:\/\/lavoiedessansvoix.fr\/lavoie\/wp-json\/wp\/v2\/media?parent=440"}],"wp:term":[{"taxonomy":"category","embeddable":true,"href":"https:\/\/lavoiedessansvoix.fr\/lavoie\/wp-json\/wp\/v2\/categories?post=440"},{"taxonomy":"post_tag","embeddable":true,"href":"https:\/\/lavoiedessansvoix.fr\/lavoie\/wp-json\/wp\/v2\/tags?post=440"}],"curies":[{"name":"wp","href":"https:\/\/api.w.org\/{rel}","templated":true}]}}