{"id":439,"date":"2023-05-16T03:36:00","date_gmt":"2023-05-16T01:36:00","guid":{"rendered":"https:\/\/lavoiedessansvoix.fr\/lavoie\/2023\/05\/16\/archive-le-danger-de-l-extreme-droite-vient-de-la-gauche-molle\/"},"modified":"2026-04-26T20:31:06","modified_gmt":"2026-04-26T18:31:06","slug":"archive-le-danger-de-l-extreme-droite-vient-de-la-gauche-molle","status":"publish","type":"post","link":"https:\/\/lavoiedessansvoix.fr\/lavoie\/2023\/05\/16\/archive-le-danger-de-l-extreme-droite-vient-de-la-gauche-molle\/","title":{"rendered":"LE DANGER DE \u00ab L\u2019EXTR\u00caME DROITE \u00bb VIENT DE LA \u00ab GAUCHE MOLLE \u00bb"},"content":{"rendered":"<p>LE DANGER DE \u00ab L\u2019EXTR\u00caME DROITE \u00bb VIENT DE LA \u00ab GAUCHE MOLLE \u00bbL\u2019extr\u00eame droite a-t-elle le droit de manifester ? Je ne sais trop ce que c\u2019est que cette enlev\u00e9e de boutique ces jours-ci concernant diverses manifestations ou r\u00e9unions d\u2019extr\u00eame droite que certains ministres interdisent et que certains tribunaux autorisent et dont une certaine \u00ab gauche \u00bb s\u2019alarme et r\u00e9clame leur interdiction.Dr\u00f4les de d\u00e9fenseurs des libert\u00e9s que ceux qui en font une interpr\u00e9tation s\u00e9lective, dr\u00f4les de d\u00e9fenseurs du d\u00e9bat d\u00e9mocratique que ceux qui n\u2019ont pour argument que de faire taire les autres par la coercition (de la loi).Ah les fous ! Ah les grands inconscients. (\u00e0 moins qu\u2019ils ne soient complices). Auraient-ils oubli\u00e9 que pour ceux qui gouvernent M\u00e9lenchon et LFI c\u2019est \u00ab l\u2019extr\u00eame gauche \u00bb Et qu\u2019au pr\u00e9texte de \u00ab l\u2019\u00e9galit\u00e9 des extr\u00eames \u00bb les arguments d\u2019aujourd\u2019hui pour interdire les manifestations \u00ab d\u2019extr\u00eame droite \u00bb pourraient demain, boomerang mal\u00e9fique, se retourner contre eux-m\u00eames ? On a le droit, je le professe, de combattre les id\u00e9es d\u2019extr\u00eame droites. J\u2019irai plus loin, on a m\u00eame le droit dans certaines circonstances ( qui ne sont pas d\u2019actualit\u00e9) de les combattre par la violence, mais on a pas le droit de les interdire. R\u00e9clamer aujourd\u2019hui l\u2019interdiction des manifestations de \u00ab l\u2019extr\u00eame droite \u00bb c\u2019est armer le pouvoir de la schlague l\u00e9gislative dont il fera usage demain contre nous-m\u00eames. Pour ce qui concerne \u00ab les certaines gauches \u00bb qui se pr\u00eatent \u00e0 cet exercice dangereux nous leur disons simplement ceci, qu\u2019elles seraient bien mieux inspir\u00e9es de faire une v\u00e9ritable politique de gauche plut\u00f4t que de geindre \u00e0 propos de l\u2019expression d\u2019un autre courant de la pens\u00e9e politique. Qu\u2019auraient-elles \u00e0 craindre de la manifestation publique des id\u00e9es d\u2019extr\u00eames droites si elles affirmaient clairement leur propre politique. Qu\u2019elles se battent donc avec le peuple, jusqu\u2019au bout et sans faillir contre le pouvoir ultra r\u00e9actionnaire de la finance internationale qui gouverne actuellement notre pays. Le peuple restera sourd aux vocif\u00e9rations de l\u2019extr\u00eame droite.Or ce n\u2019est malheureusement pas ce qui se dessine. Les conf\u00e9d\u00e9rations syndicales ont toutes confirm\u00e9 qu&rsquo;elles honoreraient le rendez-vous de Madame Borne. C\u2019est un bien mauvais pr\u00e9sage. Dans les circonstances actuelles cette acceptation devait-\u00eatre subordonn\u00e9 \u00e0 l\u2019abrogation pr\u00e9alable de la loi retraites. A d\u00e9faut cela a un avant go\u00fbt de reddition. obtemp\u00e9rer sans cela c\u2019est dire que l\u2019on ne relaie pas l\u2019exigence populaire, et que l\u2019on accepte de passer \u00e0 autre chose sans plus de c\u00e9r\u00e9monies. Ce qui s\u2019annonce comme perspective \u00e0 propos de la r\u00e9forme des retraites c\u2019est ainsi une capitulation en rase campagne. La manifestation du 6 juin \u00e9tant d\u00e8s lors r\u00e9trograd\u00e9e au statut de c\u00e9r\u00e9monie d\u2019obs\u00e8ques officielles de la mobilisation populaire.Alors oui, si cela se confirme, l\u2019amertume populaire qui en r\u00e9sultera ouvrira le risque d\u2019une nouvelle radicalisation \u00e0 droite de l\u2019opinion. Ni les cris d\u2019orfraie, ni le secours de \u00ab la loi \u00bb n\u2019y changeront rien. L\u2019\u00e9lectorat se tournant, par d\u00e9faut, vers l\u2019extr\u00eame droite apparaissant d\u00e8s lors comme la seule perspective de rupture avec la politique ultra lib\u00e9rale mondialiste.Voulez-vous v\u00e9ritablement vous en pr\u00e9munir messieurs dames de \u00ab Gauche \u00bb ? C\u2019est fort simple ! Cessez de geindre, d\u2019en appeler au l\u00e9gislateur et \u00e0 la protection polici\u00e8re, faites confiance \u00e0 votre propre engagement, \u00e0 votre propre action : faites-plut\u00f4t vous-m\u00eames une v\u00e9ritable politique de rupture \u00ab de gauche \u00bb, faites rebondir, amplifier et radicaliser, jusqu&rsquo;au bout,  la mobilisation populaire pour l&rsquo;abrogation de la loi retraites.Patrick Seignon. \u00ab lavoiedessansvoix.fr \u00bb. Lundi 15 mai 2023. (modifi\u00e9 mercredi 17 mai 8 heures 15.)<\/p>\n","protected":false},"excerpt":{"rendered":"<p>LE DANGER DE \u00ab L\u2019EXTR\u00caME DROITE \u00bb VIENT DE LA \u00ab GAUCHE MOLLE \u00bbL\u2019extr\u00eame droite a-t-elle le droit de manifester [&hellip;]<\/p>\n","protected":false},"author":1,"featured_media":4018,"comment_status":"open","ping_status":"open","sticky":false,"template":"","format":"standard","meta":{"sfsi_plus_gutenberg_text_before_share":"","sfsi_plus_gutenberg_show_text_before_share":"","sfsi_plus_gutenberg_icon_type":"","sfsi_plus_gutenberg_icon_alignemt":"","sfsi_plus_gutenburg_max_per_row":"","site-sidebar-layout":"default","site-content-layout":"","ast-site-content-layout":"default","site-content-style":"default","site-sidebar-style":"default","ast-global-header-display":"","ast-banner-title-visibility":"","ast-main-header-display":"","ast-hfb-above-header-display":"","ast-hfb-below-header-display":"","ast-hfb-mobile-header-display":"","site-post-title":"","ast-breadcrumbs-content":"","ast-featured-img":"","footer-sml-layout":"","ast-disable-related-posts":"","theme-transparent-header-meta":"","adv-header-id-meta":"","stick-header-meta":"","header-above-stick-meta":"","header-main-stick-meta":"","header-below-stick-meta":"","astra-migrate-meta-layouts":"default","ast-page-background-enabled":"default","ast-page-background-meta":{"desktop":{"background-color":"var(--ast-global-color-4)","background-image":"","background-repeat":"repeat","background-position":"center center","background-size":"auto","background-attachment":"scroll","background-type":"","background-media":"","overlay-type":"","overlay-color":"","overlay-opacity":"","overlay-gradient":""},"tablet":{"background-color":"","background-image":"","background-repeat":"repeat","background-position":"center center","background-size":"auto","background-attachment":"scroll","background-type":"","background-media":"","overlay-type":"","overlay-color":"","overlay-opacity":"","overlay-gradient":""},"mobile":{"background-color":"","background-image":"","background-repeat":"repeat","background-position":"center center","background-size":"auto","background-attachment":"scroll","background-type":"","background-media":"","overlay-type":"","overlay-color":"","overlay-opacity":"","overlay-gradient":""}},"ast-content-background-meta":{"desktop":{"background-color":"var(--ast-global-color-5)","background-image":"","background-repeat":"repeat","background-position":"center center","background-size":"auto","background-attachment":"scroll","background-type":"","background-media":"","overlay-type":"","overlay-color":"","overlay-opacity":"","overlay-gradient":""},"tablet":{"background-color":"var(--ast-global-color-5)","background-image":"","background-repeat":"repeat","background-position":"center center","background-size":"auto","background-attachment":"scroll","background-type":"","background-media":"","overlay-type":"","overlay-color":"","overlay-opacity":"","overlay-gradient":""},"mobile":{"background-color":"var(--ast-global-color-5)","background-image":"","background-repeat":"repeat","background-position":"center center","background-size":"auto","background-attachment":"scroll","background-type":"","background-media":"","overlay-type":"","overlay-color":"","overlay-opacity":"","overlay-gradient":""}},"footnotes":""},"categories":[16],"tags":[],"class_list":["post-439","post","type-post","status-publish","format-standard","has-post-thumbnail","hentry","category-archives-cms"],"_links":{"self":[{"href":"https:\/\/lavoiedessansvoix.fr\/lavoie\/wp-json\/wp\/v2\/posts\/439","targetHints":{"allow":["GET"]}}],"collection":[{"href":"https:\/\/lavoiedessansvoix.fr\/lavoie\/wp-json\/wp\/v2\/posts"}],"about":[{"href":"https:\/\/lavoiedessansvoix.fr\/lavoie\/wp-json\/wp\/v2\/types\/post"}],"author":[{"embeddable":true,"href":"https:\/\/lavoiedessansvoix.fr\/lavoie\/wp-json\/wp\/v2\/users\/1"}],"replies":[{"embeddable":true,"href":"https:\/\/lavoiedessansvoix.fr\/lavoie\/wp-json\/wp\/v2\/comments?post=439"}],"version-history":[{"count":1,"href":"https:\/\/lavoiedessansvoix.fr\/lavoie\/wp-json\/wp\/v2\/posts\/439\/revisions"}],"predecessor-version":[{"id":2897,"href":"https:\/\/lavoiedessansvoix.fr\/lavoie\/wp-json\/wp\/v2\/posts\/439\/revisions\/2897"}],"wp:featuredmedia":[{"embeddable":true,"href":"https:\/\/lavoiedessansvoix.fr\/lavoie\/wp-json\/wp\/v2\/media\/4018"}],"wp:attachment":[{"href":"https:\/\/lavoiedessansvoix.fr\/lavoie\/wp-json\/wp\/v2\/media?parent=439"}],"wp:term":[{"taxonomy":"category","embeddable":true,"href":"https:\/\/lavoiedessansvoix.fr\/lavoie\/wp-json\/wp\/v2\/categories?post=439"},{"taxonomy":"post_tag","embeddable":true,"href":"https:\/\/lavoiedessansvoix.fr\/lavoie\/wp-json\/wp\/v2\/tags?post=439"}],"curies":[{"name":"wp","href":"https:\/\/api.w.org\/{rel}","templated":true}]}}