{"id":438,"date":"2023-05-26T16:54:00","date_gmt":"2023-05-26T14:54:00","guid":{"rendered":"https:\/\/lavoiedessansvoix.fr\/lavoie\/2023\/05\/26\/archive-la-bataille-d-ukraine-premiere-bataille-de-la-3eme-guerre-mondiale\/"},"modified":"2026-04-26T20:30:57","modified_gmt":"2026-04-26T18:30:57","slug":"archive-la-bataille-d-ukraine-premiere-bataille-de-la-3eme-guerre-mondiale","status":"publish","type":"post","link":"https:\/\/lavoiedessansvoix.fr\/lavoie\/2023\/05\/26\/archive-la-bataille-d-ukraine-premiere-bataille-de-la-3eme-guerre-mondiale\/","title":{"rendered":"LA BATAILLE D\u2019UKRAINE.  (Premi\u00e8re bataille de la 3\u00e8me  Guerre Mondiale.)"},"content":{"rendered":"<p>LA BATAILLE D\u2019UKRAINE. (Premi\u00e8re bataille de la 3\u00e8me  Guerre Mondiale.)Certes, nul ne le niera, c\u2019est le 24 f\u00e9vrier 2022 que le diff\u00e9rend qui opposait \u00ab l\u2019Ukraine nationaliste \u00bb \u00e0 la F\u00e9d\u00e9ration de Russie, a pris l\u2019allure d\u2019une confrontation militaire.Il y a un r\u00e9el diff\u00e9rend g\u00e9ostrat\u00e9gique entre l\u2019Ukraine telle que dessin\u00e9e dans les fronti\u00e8res de 1991 et la F\u00e9d\u00e9ration de Russie. Et il y a un r\u00e9el \u00ab casus belli \u00bb entre les deux Etats depuis \u00ab La R\u00e9volution de Ma\u00efdan \u00bb* de 2014. Pourtant en v\u00e9rit\u00e9, le conflit qui les oppose n\u2019est pas celui de la Russie et de l\u2019Ukraine ; mais de la Russie et des USA, dans lequel l\u2019Ukraine, th\u00e9\u00e2tre d\u2019op\u00e9ration et pourvoyeuse de chair \u00e0 canon, tient le r\u00f4le du \u00ab Dindon d\u2019une bien sinistre farce \u00bb Ce conflit a \u00e9t\u00e9 voulu, pens\u00e9 et maniganc\u00e9 de longue main et de longue date. Non pas par la Russie du \u00ab m\u00e9chant Poutine \u00bb, mais bien par nos \u00ab si propres sur eux, gentils et polis \u00bb** dirigeants occidentaux. Et cela n\u2019est pas une opinion ni une interpr\u00e9tation des faits, ce sont les faits eux-m\u00eames, absolument incontestables car confess\u00e9s par Madame Merkel et Monsieur Hollande en personnes, (ancienne chanceli\u00e8re allemande et ancien Pr\u00e9sident de la R\u00e9publique fran\u00e7aise). L\u2019objectif \u00e9tait de prendre la Russie au pi\u00e8ge d\u2019une confrontation militaire o\u00f9 elle s\u2019\u00e9puiserait d\u2019autant plus facilement qu\u2019on l\u2019asphyxierait \u00e9conomiquement par des sanctions. Le m\u00eame genre de sc\u00e9nario avait \u00e9t\u00e9 utilis\u00e9 contre l\u2019Irak de Saddam Hussein, puissance p\u00e9troli\u00e8re que l\u2019Occident avait contraint \u00e0 mendier des vivres contre du p\u00e9trole.Oui mais : la Russie de Vladimir Poutine n\u2019est pas l\u2019Irak de Saddam Hussein. Ses ressources sont bien plus grandes et bien plus diversifi\u00e9es. Sa population est cinq fois plus importante. Son potentiel industriel immens\u00e9ment plus grand. Au demeurant la Russie n\u2019a pas besoin de \u00ab programme nucl\u00e9aire secret \u00bb dont l\u2019Irak fut accus\u00e9, et qui servit de pr\u00e9texte pour l\u2019isoler et le mettre au ban de \u00ab la communaut\u00e9 internationale \u00bb. La Russie est d\u00e9j\u00e0 une puissance nucl\u00e9aire de premier ordre. De plus elle parait poss\u00e9der une avance technologique importante en mati\u00e8re d\u2019armement et de guerre \u00e9lectronique.  Elle dispose aussi d\u2019une \u00ab Aura \u00bb bien plus grande sur la sc\u00e8ne internationale.Premier embarras dans le plan occidental, l\u2019\u00e9conomie Russe parvient \u00e0 se r\u00e9orienter, elle ne s\u2019effondre pas, il semblerait m\u00eame qu\u2019elle progresse. Les sanctions ne serviraient-elles \u00e0 rien ? Pour autant l\u2019occident va-t-il rel\u00e2cher sa prise ? Que nenni, ils en rajoutent. Ils annoncent toujours plus de sanctions et des sanctions contre des pays qui ne se plient pas \u00e0 l\u2019oukase occidentale. Lors de la r\u00e9cente r\u00e9union du G7 \u00e0 Nagasaki, ville martyre du Japon***, l\u2019a\u00e9ropage des dirigeants occidentaux a convenu de nouvelles sanctions contre la Russie et les pays qui les contournent. **** Jusqu\u2019o\u00f9 cela ira-t-il, jusqu\u2019\u00e0 l\u2019embargo, jusqu\u2019\u00e0 l\u2019arraisonnement des navires, jusqu\u2019\u00e0 une guerre maritime ?Voila des mois que la contre-offensive \u00ab de printemps \u00bb des forces ukrainiennes nous est augur\u00e9e, or, l\u2019\u00e9t\u00e9 s\u2019annonce et elle se fait attendre. L\u2019offensive ukrainienne de printemps aura-t-elle lieu \u00e0 l\u2019automne comme les \u00ab printemps arabes \u00bb eurent lieu au creux de l\u2019Hiver ? Toute les s\u0153urs Anne (des m\u00e9dias occidentaux) aux aguets, ne voient rien venir sur le chemin qui ne poudroie pas. Artyomovsk \u00e0 laquelle Zelensky a tant li\u00e9 le destin de l\u2019arm\u00e9e Ukrainienne, symbole de la \u00ab r\u00e9sistance \u00bb est officiellement tomb\u00e9 le 20 mai. Cela est de nature \u00e0 entamer cruellement le moral des combattants nationalistes ukrainiens. Pour l\u2019imm\u00e9diat et afin de provoquer l\u2019occultation m\u00e9diatique de la d\u00e9faite de Bakhmout (Artyomovsk) et d\u2019en diff\u00e9rer les cons\u00e9quences n\u00e9gatives, ils se lancent donc dans des \u00ab raids \u00bb punitifs qui rel\u00e8vent plus de l\u2019action terroriste que de la strat\u00e9gie militaire. Cette fuite en avant qui voudrait prouver le contraire parait devoir invalider davantage encore les esp\u00e9rances occidentales dans les capacit\u00e9s offensives de l\u2019arm\u00e9e ukrainienne.Vont-ils pour autant se replier, faire profil bas, arr\u00eater le massacre, n\u00e9gocier enfin ? Que nenni ! Ils en rajoute au contraire, font monter les ench\u00e8res. Zelinsky est invit\u00e9 au G7, Macron lui affr\u00e8te tout sp\u00e9cialement un avion aux couleurs de la France, on lui promet des avions F16 am\u00e9ricains avec lesquels il pourra porter la guerre en territoire russe. Explication. C\u2019est que ce qui se joue actuellement d\u00e9passe largement le sort de l\u2019Ukraine. C\u2019est autre chose de beaucoup plus vaste, qui a commenc\u00e9 l\u00e0 et qu\u2019ils n\u2019ont aucune intention d\u2019arr\u00eater \u00e0 ce stade.La chine est devenue la premi\u00e8re puissance \u00e9conomique mondiale, en termes de PIB global. Certes non pas encore en termes de revenu par habitant. Mais cela n\u2019en suppose pas moins de gigantesques capacit\u00e9s \u00e9conomiques qui appliqu\u00e9es \u00e0 l\u2019\u00e9conomie de guerre peuvent la propulser rapidement au premier plan des puissances militaires. Les USA sont certes encore, et de loin, la premi\u00e8re puissance militaire du monde. Dans une \u00e9ch\u00e9ance pas si lointaine ils vont perdre cet ultime avantage. C\u2019est pourquoi, \u00e0 leur sens, ils doivent agir avant, afin d\u2019imposer d\u00e9finitivement leur leader chip plan\u00e9taire, pour satisfaire leur pr\u00e9tention imp\u00e9riale. Ils ont besoin d\u2019une troisi\u00e8me guerre mondiale. Dans cette affaire, contrairement \u00e0 l\u2019id\u00e9e qui r\u00e9sultait de l\u2019op\u00e9ration militaire russe d\u00e9clench\u00e9e en f\u00e9vrier 2022 en Ukraine, IL APPARAIT de plus en plus clairement que l\u2019agresseur v\u00e9ritable n\u2019est pas la Russie, mais bien la coalition occidentale imp\u00e9rialiste. La bataille majeure de cette 3\u00e8me guerre mondiale pour les USA, comme celle du pacifique (contre le Japon) l\u2019avait \u00e9t\u00e9 lors de la deuxi\u00e8me, sera son empoignade prochaine avec la Chine. Aussi souhaitaient-ils \u00e9viter la conjonction des deux superpuissances, Chine\/Russie. C\u2019est la raison pour laquelle ils ont con\u00e7u de convoquer la Russie d\u2019abord en combat singulier sur le champ de bataille ukrainien choisit pas eux-m\u00eames..Comme viennent de le r\u00e9it\u00e9rer ces bandits internationaux r\u00e9unis ces jours \u00e0 Nagasaki, la confrontation militaire avec la Chine est inscrite \u00e0 leur ordre du jour et ne saurait-\u00eatre diff\u00e9r\u00e9e trop longtemps. Le temps en effet joue en faveur de la Chine pour se pr\u00e9parer \u00e0 la conflagration militaire qui lui est promise. D\u2019autant plus qu\u2019une coalition internationale alternative \u00e0 la coalition occidentale, est en train de se mettre en place autour du bloc Chine Russie, Inde, Iran, Br\u00e9sil, Afrique du Sud, Cuba, qui pourrait bien attirer d\u2019autres \u2026\u2026\u2026(candidats) dans son giron, tels que le Pakistan, les \u00e9mirats Arabes unis, l\u2019Arabie Saoudite, la Turquie, le Venezuela, la Colombie, ou le Soudan et le Congo.De quoi il convient de conclure que : si la bataille de Syrie n\u2019en fut qu\u2019une pr\u00e9annonce, la Bataille de Russie qui se d\u00e9roule pour l\u2019instant dans l\u2019espace ukrainien en est la vraie premi\u00e8re bataille. Non, le monde ne marche pas comme certains le croient vers une troisi\u00e8me guerre mondiale, il est d\u00e9j\u00e0 en plein dedans. Non, le conflit en cours sur le sol de l\u2019ancienne Ukraine n\u2019est pas un conflit Russo ukrainien, c\u2019est bel et bien la premi\u00e8re bataille de la 3\u00e8me guerre mondiale, qui restera dans la m\u00e9moire sous le nom de \u00ab Bataille d\u2019Ukraine\u2026. ou de Russie \u00bb, suivant son \u00e9volution, si bien s\u00fbr il reste des historiens pour l\u2019\u00e9crire.Patrick Seignon. \u00ab lavoiedessansvoix.fr \u00bb. Dimanche 21 mai 2023.(Publi\u00e9 le vendredi 26 mai 2023).*\u00ab R\u00e9volution \u00bb \u00e9tant le joli nom dont la propagande occidentale affubla ce qui avait toute l\u2019apparence d\u2019un coup d\u2019\u00e9tat.** Polis ? \u00e7a reste \u00e0 voir. T\u00e9moins des incongruit\u00e9s de nos dirigeants, nous sommes bien plac\u00e9s en France, pour en douter***L\u2019assassin revient toujours sur les lieux de son crime ; Mais bien s\u00fbr il ne s\u2019excuse surtout pas ; Des excuses ? Cela n\u2019\u00e9quivaudrait-il pas \u00e0 un aveu de culpabilit\u00e9 ?**** Sanctions ?\u2026.. Mais qui sont-ils eux pour s\u2019\u00e9riger en \u00ab censeurs \u00bb ? Le mot est volontairement mal choisit pour accr\u00e9diter l\u2019id\u00e9e que certains Etats auraient une l\u00e9gitimit\u00e9 \u00e0 diriger les autres. Les USA et la minorit\u00e9 humaine des nations qui s\u2019autoproclament \u00ab communaut\u00e9 internationale n\u2019ont aucune qualit\u00e9 pour cela. Ce qu\u2019ils appellent \u00ab des sanctions \u00bb sont en v\u00e9rit\u00e9 de simples mesures de \u00ab r\u00e9torsions \u00bb et devraient en vrai s\u2019appeler \u00ab repr\u00e9sailles \u00bb.<\/p>\n","protected":false},"excerpt":{"rendered":"<p>LA BATAILLE D\u2019UKRAINE. (Premi\u00e8re bataille de la 3\u00e8me Guerre Mondiale.)Certes, nul ne le niera, c\u2019est le 24 f\u00e9vrier 2022 que [&hellip;]<\/p>\n","protected":false},"author":1,"featured_media":4017,"comment_status":"open","ping_status":"open","sticky":false,"template":"","format":"standard","meta":{"sfsi_plus_gutenberg_text_before_share":"","sfsi_plus_gutenberg_show_text_before_share":"","sfsi_plus_gutenberg_icon_type":"","sfsi_plus_gutenberg_icon_alignemt":"","sfsi_plus_gutenburg_max_per_row":"","site-sidebar-layout":"default","site-content-layout":"","ast-site-content-layout":"default","site-content-style":"default","site-sidebar-style":"default","ast-global-header-display":"","ast-banner-title-visibility":"","ast-main-header-display":"","ast-hfb-above-header-display":"","ast-hfb-below-header-display":"","ast-hfb-mobile-header-display":"","site-post-title":"","ast-breadcrumbs-content":"","ast-featured-img":"","footer-sml-layout":"","ast-disable-related-posts":"","theme-transparent-header-meta":"","adv-header-id-meta":"","stick-header-meta":"","header-above-stick-meta":"","header-main-stick-meta":"","header-below-stick-meta":"","astra-migrate-meta-layouts":"default","ast-page-background-enabled":"default","ast-page-background-meta":{"desktop":{"background-color":"var(--ast-global-color-4)","background-image":"","background-repeat":"repeat","background-position":"center center","background-size":"auto","background-attachment":"scroll","background-type":"","background-media":"","overlay-type":"","overlay-color":"","overlay-opacity":"","overlay-gradient":""},"tablet":{"background-color":"","background-image":"","background-repeat":"repeat","background-position":"center center","background-size":"auto","background-attachment":"scroll","background-type":"","background-media":"","overlay-type":"","overlay-color":"","overlay-opacity":"","overlay-gradient":""},"mobile":{"background-color":"","background-image":"","background-repeat":"repeat","background-position":"center center","background-size":"auto","background-attachment":"scroll","background-type":"","background-media":"","overlay-type":"","overlay-color":"","overlay-opacity":"","overlay-gradient":""}},"ast-content-background-meta":{"desktop":{"background-color":"var(--ast-global-color-5)","background-image":"","background-repeat":"repeat","background-position":"center center","background-size":"auto","background-attachment":"scroll","background-type":"","background-media":"","overlay-type":"","overlay-color":"","overlay-opacity":"","overlay-gradient":""},"tablet":{"background-color":"var(--ast-global-color-5)","background-image":"","background-repeat":"repeat","background-position":"center center","background-size":"auto","background-attachment":"scroll","background-type":"","background-media":"","overlay-type":"","overlay-color":"","overlay-opacity":"","overlay-gradient":""},"mobile":{"background-color":"var(--ast-global-color-5)","background-image":"","background-repeat":"repeat","background-position":"center center","background-size":"auto","background-attachment":"scroll","background-type":"","background-media":"","overlay-type":"","overlay-color":"","overlay-opacity":"","overlay-gradient":""}},"footnotes":""},"categories":[16],"tags":[],"class_list":["post-438","post","type-post","status-publish","format-standard","has-post-thumbnail","hentry","category-archives-cms"],"_links":{"self":[{"href":"https:\/\/lavoiedessansvoix.fr\/lavoie\/wp-json\/wp\/v2\/posts\/438","targetHints":{"allow":["GET"]}}],"collection":[{"href":"https:\/\/lavoiedessansvoix.fr\/lavoie\/wp-json\/wp\/v2\/posts"}],"about":[{"href":"https:\/\/lavoiedessansvoix.fr\/lavoie\/wp-json\/wp\/v2\/types\/post"}],"author":[{"embeddable":true,"href":"https:\/\/lavoiedessansvoix.fr\/lavoie\/wp-json\/wp\/v2\/users\/1"}],"replies":[{"embeddable":true,"href":"https:\/\/lavoiedessansvoix.fr\/lavoie\/wp-json\/wp\/v2\/comments?post=438"}],"version-history":[{"count":1,"href":"https:\/\/lavoiedessansvoix.fr\/lavoie\/wp-json\/wp\/v2\/posts\/438\/revisions"}],"predecessor-version":[{"id":2895,"href":"https:\/\/lavoiedessansvoix.fr\/lavoie\/wp-json\/wp\/v2\/posts\/438\/revisions\/2895"}],"wp:featuredmedia":[{"embeddable":true,"href":"https:\/\/lavoiedessansvoix.fr\/lavoie\/wp-json\/wp\/v2\/media\/4017"}],"wp:attachment":[{"href":"https:\/\/lavoiedessansvoix.fr\/lavoie\/wp-json\/wp\/v2\/media?parent=438"}],"wp:term":[{"taxonomy":"category","embeddable":true,"href":"https:\/\/lavoiedessansvoix.fr\/lavoie\/wp-json\/wp\/v2\/categories?post=438"},{"taxonomy":"post_tag","embeddable":true,"href":"https:\/\/lavoiedessansvoix.fr\/lavoie\/wp-json\/wp\/v2\/tags?post=438"}],"curies":[{"name":"wp","href":"https:\/\/api.w.org\/{rel}","templated":true}]}}