{"id":436,"date":"2023-06-13T09:20:00","date_gmt":"2023-06-13T07:20:00","guid":{"rendered":"https:\/\/lavoiedessansvoix.fr\/lavoie\/2023\/06\/13\/archive-quot-guerre-et-paix-quot-il-ne-faut-pas-confondre\/"},"modified":"2026-04-26T20:30:38","modified_gmt":"2026-04-26T18:30:38","slug":"archive-quot-guerre-et-paix-quot-il-ne-faut-pas-confondre","status":"publish","type":"post","link":"https:\/\/lavoiedessansvoix.fr\/lavoie\/2023\/06\/13\/archive-quot-guerre-et-paix-quot-il-ne-faut-pas-confondre\/","title":{"rendered":"&quot;GUERRE ET PAIX&quot; IL NE FAUT PAS CONFONDRE"},"content":{"rendered":"<p>\u00ab\u00a0GUERRE ET PAIX\u00a0\u00bb IL NE FAUT PAS CONFONDRE(Que les premiers lecteurs de cet article veuillent m&rsquo;en excuser, lors de sa premi\u00e8re publication ce matin le PS et l&rsquo;annexe n&rsquo;avaient pas correctement \u00e9t\u00e9 pris en compte dans le post. Pour des raisons que j&rsquo;ignore il m\u00a0\u00bba \u00e9t\u00e9 impossible de corriger. j&rsquo;ai d\u00fb refaire enti\u00e8rement la publication. Ainsi i trouverez-vous le lien pour rejoindre le Site \u00ab\u00a0APOCALYPSE NON\u00a0\u00bb et le texte int\u00e9gral du \u00ab\u00a0Mouvement de la paix&rsquo; qui a motiv\u00e9 cet article. PS)Sous couvert d\u2019un langage pacifiste et du respect strict des r\u00e8gles internationales \u00ab le mouvement de la paix \u00bb a choisi son camp. La Russie est l\u2019Horrible agresseur qui doit cesser son agression et rentrer dans ses campements ; C\u2019est ce qui d\u00e9coule des dol\u00e9ances qu\u2019il d\u00e9cline ici  dans ce tract dont je publie le texte int\u00e9gral en annexe.:\u00ab PLUS QUE JAMAIS DIRE STOP \u00c0 LA GUERRE EN UKRAINECONDAMNATION DE L\u2019AGRESSION MILITAIRE DE LA RUSSIE CONTRE L\u2019UKRAINENON \u00c0 L\u2019ENGRENAGE MILITAIRE, CESSEZ-LE-FEU !OUI \u00c0 UNE SOLUTION N\u00c9GOCI\u00c9E, SOLIDARIT\u00c9 AVEC LA POPULATION UKRAINIENNE \u00bbEt vous constatez comme moi que m\u00eame apr\u00e8s avoir identifi\u00e9 \u00ab l\u2019agresseur \u00bb et lui avoir enclin de rentrer dans ses foyers, le mouvement de la paix ne dit pas un seul mot des responsabilit\u00e9s occidentales \u00e9ventuelles. Il eut pu les \u00ab minimiser \u00bb au regard de la faute \u00ab majeure de la Russie ? \u00bb Il n\u2019en parle m\u00eame pas. A ses yeux il semble qu\u2019elles n\u2019existent m\u00eame pas.Ce cahier de dol\u00e9ances est donc un peu court et d\u2019une grande mauvaise foi comme l\u2019on voit.C\u2019est court car le conflit en Ukraine est ainsi r\u00e9sum\u00e9 \u00e0 l\u2019intervention militaire (agression) russe du 24 f\u00e9vrier 2022. Pas un seul mot sur ce qui a pr\u00e9c\u00e9d\u00e9, donc pas la moindre analyse ni prise en compte des causes qui ont conduit au \u00ab casus-Belli \u00bb. Sur de telles bases l\u2019exigence de \u00ab paix \u00bb est aussi bizarres que les incantations d\u2019un exorciste pour chasser le d\u00e9mon.Il faut certes que la guerre cesse mais pour cela encore faut-il en comprendre les causes afin de les maitriser ou \u00e9radiquer, et donc ouvrir grands les yeux sur les \u00e9v\u00e8nements qui ont pr\u00e9c\u00e9d\u00e9 le 24 f\u00e9vrier 2022 qui n\u2019est pas la date du d\u00e9but de l\u2019Histoire. La cause fondamentale c\u2019est l\u2019extension continue de l\u2019OTAN qui constitue une menace pour la Russie. La paix est possible, si on la souhaite vraiment il convient de d\u00e9noncer, avant m\u00eame \u00ab l\u2019agression de la Russie \u00bb les men\u00e9es belliqueuses de l\u2019OTAN et d\u2019exiger que celles-ci cessent et que les USA, l\u2019UE et l\u2019OTAN renoncent \u00e0 l\u2019int\u00e9gration de nouveaux territoires et \u00c9tats.Que vient faire l\u2019Ukraine l\u00e0-dedans ?  L\u2019Ukraine est la porte continentale, la base arri\u00e8re par laquelle en 1941 est venu la d\u00e9ferlante de l\u2019agression hitl\u00e9rienne sous le nom d\u2019op\u00e9ration \u00ab Barbarrossa \u00bb. C\u2019est dire la charge historique, symbolique et \u00e9motionnelle qu\u2019a ce territoire particulier pour la m\u00e9moire russe. Or l\u2019int\u00e9gration de l\u2019Ukraine \u00e0 l\u2019UE et \u00e0 l\u2019OTAN sont programm\u00e9es. La Russie n\u2019en veut pas et en toute raison. Pour que cela ne se transforme pas en casus belli il fallait renoncer \u00e0 ces desseins, s\u2019assoir \u00e0 la table de n\u00e9gociations et d\u00e9finir pour l\u2019Ukraine un statut international qui assure la s\u00e9curit\u00e9 de tous. Cela est encore et toujours possible. Mais c\u2019est le contraire qui a \u00e9t\u00e9 et qui est encore fait.1 \u2013 Ce qui a \u00e9t\u00e9 fait : Le 23 f\u00e9vrier 2014, huit ans avant 2022, le Pr\u00e9sident Ianoukovitch, d\u00e9mocratiquement \u00e9lu en f\u00e9vrier 2010, \u00e9tait chass\u00e9 du pouvoir par ce qui fut appel\u00e9 chez-nous \u00ab la r\u00e9volution de Ma\u00efdan \u00bb. En fait de \u00ab r\u00e9volution \u00bb il s\u2019agissait, rien moins, que d\u2019un coup de force plus qu\u2019encourag\u00e9, foment\u00e9 peut-on dire, par l\u2019Union Europ\u00e9enne et les USA s\u2019appuyant sans complexe sur l\u2019action des groupes n\u00e9ofascistes russophobes que l\u2019Histoire a l\u00e9gu\u00e9s \u00e0 l\u2019Ukraine. Il ne s\u2019est pas agi l\u00e0 d\u2019un de ces hasards qui \u00e9maille l\u2019histoire, mais de l\u2019application d\u2019un plan d\u00e9lib\u00e9r\u00e9. Pousser au pouvoir les groupes d\u2019extr\u00eame droites russophobes c\u2019\u00e9tait s\u2019assurer de la trajectoire de l\u2019Ukraine vers un destin europ\u00e9en et atlantiste, sans retour possible en arri\u00e8re. C\u2019\u00e9tait l\u2019assurance de pouvoir installer bient\u00f4t des bases am\u00e9ricaines aux fronti\u00e8res de la Russie, et mieux m\u00eame, puisque statutairement la Crim\u00e9e \u00e9tait alors territoire Ukrainien, installer la domination des USA et de l\u2019OTAN sur la Mer noire. En ce sens le coup d\u2019Etat de Ma\u00efdan constituait-il d\u00e9j\u00e0 une agression et un \u00ab casus-belli \u00bb pour la Russie.Si l\u2019on ignore cela, si l\u2019on saute \u00e0 pieds joint par-dessus cette s\u00e9quence de l\u2019histoire, c\u2019est ce que fait ici le mouvement de la paix, cela veut dire, non pas que l\u2019on est pour la paix (quelles que soient ses professions de foi par ailleurs) mais que l\u2019on a choisi le parti de l\u2019un des bellig\u00e9rants, un camp contre l\u2019autre, que l\u2019on s\u2019est rang\u00e9 dans le camp de la guerre. En l\u2019occurrence, quoique la rh\u00e9torique sur la d\u00e9fense de l\u2019Ukraine leur permette de se le cacher \u00e0 eux-m\u00eames, qu\u2019ils sont pass\u00e9 avec armes et bagages dans le camp de l\u2019imp\u00e9rialisme am\u00e9ricain.2 \u2013 Et ce qui est encore fait:Les choses avaient d\u00e9pass\u00e9 le stade du \u00ab casus-belli \u00bb, de la menace feinte ou voil\u00e9e, de l\u2019ultimatum, de la sommation. Nous en \u00e9tions au stade de l\u2019affrontement. A cette \u00e9tape il ne s\u2019agissait encore, en apparence au moins, que d\u2019un conflit circonscrit Ukraine\/Russie. On pouvait en rester l\u00e0. On avait mesur\u00e9 jusqu\u2019o\u00f9 il ne fallait pas aller trop loin. Stop ! On arr\u00eate \u00ab les conneries \u00bb, on n\u00e9gocie.Mais c\u2019est le contraire qui a eu lieu. La Rh\u00e9torique guerri\u00e8re. Ils ont fait semblant de ne pas comprendre ce que voulait la Russie, \u00ab la s\u00e9curit\u00e9 \u00bb et lui ont attribu\u00e9 des desseins expansionnistes. L\u2019invasion de l\u2019Ukraine par la Russie \u00ab poutinienne \u00bb en 2022 n\u2019\u00e9tait-elle pas comparable \u00e0 celle de la Pologne par l\u2019Allemagne hitl\u00e9rienne en 1939. N\u2019anon\u00e7ait elle pas l\u2019intention de reconqu\u00eate de tout l\u2019espace sovi\u00e9tique ? Poutine n\u2019allait pas s\u2019arr\u00eater l\u00e0. Il \u00e9tait une menace pour toute l\u2019Europe. Il fallait le stopper. Tel est le narratif guerrier avec lequel Les dirigeants et m\u00e9dias occidentaux justifi\u00e8rent la mutation de ce qui aurait pu rester une affaire locale en conflit international de grande ampleur. Ce que l\u2019on eut pu croire un instant \u00eatre un conflit Russo\/ukrainien r\u00e9v\u00e9la rapidement sa vraie nature de confrontation entre les deux plus grandes puissances nucl\u00e9aires du monde. La guerre d\u2019Ukraine n\u2019\u00e9tait d\u00e9j\u00e0, \u00e0 ce stade devenue, rien moins que la premi\u00e8re grande bataille de la troisi\u00e8me guerre mondiale.Que nous dit l\u00e0 le mouvement de la paix qui n\u2019a fait jusqu\u2019ici je le rappelle aucune r\u00e9f\u00e9rence aux responsabilit\u00e9s de l\u2019imp\u00e9rialisme occidental ?  Il nous dit \u00ab qu\u2019il faut stopper l\u2019engrenage guerrier \u00bb. Pour notre part nous pr\u00e9f\u00e9rons parler de stopper l\u2019escalade guerri\u00e8re. Ce n\u2019est pas la m\u00eame chose.  Le choix des mots trahit parfois les pens\u00e9es secr\u00e8tes. \u00ab Engrenage \u00bb ? Un engrenage, en rh\u00e9torique, est une machinerie infernale et en quelque sorte fatale qui n\u2019est v\u00e9ritablement de la responsabilit\u00e9 de personne. Un mot utilis\u00e9 \u00e0 bon escient qui permet de ne pas discuter des responsabilit\u00e9s. Car si en l\u2019esp\u00e8ce on admet que la Russie est l\u2019agresseur, il est clair par contre que l\u2019escalade d\u00e9pend de la r\u00e9ponse occidentale. En d\u2019autres termes que l\u2019occident pouvait choisir la n\u00e9gociation ou la guerre et qu\u2019il a choisi la guerre et pour cause puisque comme nous l\u2019avons d\u00e9j\u00e0 dit cette guerre il la voulait et l\u2019avait m\u00eame provoqu\u00e9. Contrairement \u00e0 l\u2019engrenage l\u2019escalade rel\u00e8ve d\u2019une volont\u00e9 politique. Parler de la n\u00e9cessit\u00e9 de \u00ab stopper l\u2019escalade \u00bb pouvait donc apparaitre d\u00e9j\u00e0 comme une forme de mise en accusation de la politique occidentale. Mais pr\u00e9cis\u00e9ment et \u00e7a confirme notre diagnostic, le Mouvement de la Paix, parce qu\u2019il a choisi le camp de son propre imp\u00e9rialisme, ne souhaite pas froisser celui-ci. C\u2019est pourquoi il a opt\u00e9 pour l\u2019usage du mot \u00ab engrenage \u00bb Enfin derni\u00e8re dol\u00e9ance, le mouvement de la paix \u00bb stipule : \u00ab OUI \u00c0 UNE SOLUTION N\u00c9GOCI\u00c9E, SOLIDARIT\u00c9 AVEC LA POPULATION UKRAINIENNE \u00bbTout d\u2019abord, pourquoi associer dans la m\u00eame phrase le souhait d\u2019une solution n\u00e9goci\u00e9e qui suppose un certain recul voire m\u00eame une position de neutralit\u00e9, et la solidarit\u00e9 avec la population ukrainienne qui peut signifier le contraire, un parti pris pour l\u2019un des bellig\u00e9rants ? Ainsi formul\u00e9e cette phrase est pour le moins ambigu\u00eb, voire inqui\u00e9tante. \u00ab Oui \u00e0 une solution n\u00e9goci\u00e9e \u00bb Simple v\u0153u pieu ou parfaite tartufferie, dont on sait tr\u00e8s bien qu\u2019il est inaccessible d\u00e8s lors que l\u2019on a fait l\u2019impasse sur la gen\u00e8se du conflit, les \u00e9v\u00e8nements fondateurs qui en ont g\u00e9n\u00e9r\u00e9 les causes. Tout part de la question du statut europ\u00e9o\/atlantiste, ou non, de l\u2019Ukraine et l\u2019avanc\u00e9e cons\u00e9cutive de l\u2019Otan aux fronti\u00e8res de la Russie. De quelle n\u00e9gociation parle-t-on si l\u2019on ne prend pas cela en compte ? Quant \u00e0 la \u00ab solidarit\u00e9 avec la population de l\u2019Ukraine \u00bb, paradoxalement affirm\u00e9e dans la m\u00eame phrase, que signifie-t-elle vraiment ? Bien s\u00fbr elle fait penser d\u2019abord \u00e0 \u00ab l\u2019aide humanitaire \u00bb mais est-ce bien cela dont il s\u2019agit ? Le mot solidarit\u00e9 a un sens plus large. \u00ab Solidaire de \u00bb c\u2019est d\u00e9j\u00e0 une forme d\u2019engagement, de partage de la cause d\u2019autrui. La solidarit\u00e9 peut couvrir la solidarit\u00e9 dans l\u2019effort militaire. Soutenir militairement l\u2019Ukraine pour qu\u2019elle ne soit point \u00e9cras\u00e9e et qu\u2019elle puisse n\u00e9gocier dans une situation plus favorable pour elle. Soit ! C\u2019est un point de vue. Mais c\u2019est d\u00e9j\u00e0 celui de la guerre et de l\u2019escalade et non plus tout \u00e0 fait celui de la paix qui impose le refus de sustenter la d\u00e9voreuse.Conclusion :La pr\u00e9tendue \u00ab solidarit\u00e9, avec l\u2019Ukraine, ou le peuple ukrainien \u00bb* c\u2019est pareil, c\u2019est le point de vue des dirigeants imp\u00e9rialistes occidentaux. Le mouvement de la paix ce serait-il fourvoy\u00e9 dans une sorte \u00ab d\u2019union sacr\u00e9e \u00bb avec son propre imp\u00e9rialisme ? Patrick Seignon. \u00ab lavoiedessansvoix.fr \u00bb Mardi 13 juin 2022.*Dr\u00f4le de solidarit\u00e9 que celle qui prolonge la guerre d\u00e9vaste le pays et envoie sa population active au massacre.P.S.MOBILISATION CONTRE LA GUERRE :Afin de contribuer \u00e0 construire en France un v\u00e9ritable mouvement de masse contre la guerre, rejoignez, inscrivez-vous, sur le Site \u00ab APOCALYPSE NON \u00bb  https:\/\/www.apocalypse-non.com et sa page \u00ab Facebook \u00bb.ANNEXE:FORUM INTERNATIONAL DES PEUPLES POUR LA PAIX EN UKRAINE(Vienne 2023) &#8211; Quelques \u00e9l\u00e9ments sur le positionnement du Mouvement de la Paix fran\u00e7aisPrincipes et bases de notre positionnement- Respect de la charte des Nations Unies : objectif PAIX, pr\u00e9ambule et article 1, article 2-4(interdiction de recourir \u00e0 la menace ou \u00e0 l\u2019utilisation de la force contre l\u2019int\u00e9grit\u00e9 territoriale), article26 (maintenir la paix en ne d\u00e9tournant vers les armements que le minimum des ressources humaineset \u00e9conomiques du monde), article 33 (rechercher la solution par des moyens pacifiques), article 51(droit naturel de l\u00e9gitime d\u00e9fense dans le cas o\u00f9 un \u00c9tat membre de l\u2019ONU est objet d\u2019une agressionarm\u00e9e\u2026 mais devoir en vertu de la Charte d\u2019agir \u00e0 tout moment\u2026 pour maintenir ou r\u00e9tablir la paix etla s\u00e9curit\u00e9 internationales.- Respect de la souverainet\u00e9 et droit des peuples \u00e0 l\u2019autod\u00e9termination.- R\u00f4le primordial de l\u2019Assembl\u00e9e g\u00e9n\u00e9rale car ce conflit fait que des \u00c9tats membres du Conseil des\u00e9curit\u00e9 sont parties prenantes du conflit ; donc pour \u00e9viter les blocages il faut que la supervision soit faitepar l\u2019assembl\u00e9e g\u00e9n\u00e9rale de l\u2019ONU.Contexte : risques majeurs d\u2019extension mondiale du conflit et risque comme jamais d\u2019utilisation des armes nucl\u00e9aires.PLUS QUE JAMAIS DIRE STOP \u00c0 LA GUERRE EN UKRAINECONDAMNATION DE L\u2019AGRESSION MILITAIRE DE LA RUSSIE CONTRE L\u2019UKRAINENON \u00c0 L\u2019ENGRENAGE MILITAIRE, CESSEZ-LE-FEU !OUI \u00c0 UNE SOLUTION N\u00c9GOCI\u00c9E, SOLIDARIT\u00c9 AVEC LA POPULATION UKRAINIENNEAu-del\u00e0 de la premi\u00e8re urgence que constitue le d\u00e9veloppement d\u2019une aide humanitaire d\u2019urgence en faveur de la population ukrainienne,le Mouvement de la Paix demande instamment que la France soit porteuse &#8211; sur le plan international &#8211; d\u2019une proposition de paix pouvants\u2019articuler ainsi :\uf075 Obtenir un cessez-le-feu et l\u2019arr\u00eat de l\u2019agression russe et m\u00e9diation internationale sous l\u2019\u00e9gide de l\u2019ONU et en particulier del\u2019Assembl\u00e9 g\u00e9n\u00e9rale de l\u2019ONU.\uf075 Mise en place d\u2019une force d\u2019interposition de l\u2019ONU.\uf075 Remettre sur la table des n\u00e9gociations, l\u2019accord de Minsk 2 de 2015 qui repose sur un cessez-le-feu durable, sur le respect de lasouverainet\u00e9 et de l\u2019int\u00e9grit\u00e9 de l\u2019Ukraine avec retrait des troupes russes en Ukraine, avec la possibilit\u00e9 d\u2019une solution d\u2019autonomie pourcertains territoires comme les r\u00e9publiques autoproclam\u00e9es du Donbass apr\u00e8s consultation des populations sous contr\u00f4le internationaldes consultations.\uf075 Pour que cette option multilat\u00e9rale, alors valid\u00e9e par l\u2019ONU et l\u2019OSCE, par la Russie et l\u2019Ukraine notamment, puisse s\u2019imposer etcontribuer \u00e0 une solution politique globale. Il est n\u00e9cessaire que l\u2019Ukraine obtienne un statut de s\u00e9curit\u00e9 collective, d\u2019ind\u00e9pendance et deneutralit\u00e9 qui soit lui-m\u00eame garanti par l\u2019ONU et en particulier par l\u2019assembl\u00e9e g\u00e9n\u00e9rale de l\u2019ONU.\uf075 Une solution de ce type constituerait un pas positif dans un processus de n\u00e9gociations qui doit d\u00e9sormais s\u2019inscrire dans le cadre del\u2019ONU, dans le respect des buts et des principes de sa Charte des Nations Unies.\uf075 L\u2019arr\u00eat des livraisons d\u2019armes dans le respect du Trait\u00e9 sur le commerce des armes ratifi\u00e9 le 24 d\u00e9cembre 2014, interdisant de vendre desarmes aux pays en guerre.\uf075 Que soit envisag\u00e9e la mise en place d\u2019une force d\u2019interposition des Nations Unies.Il est encore possible de rompre l\u2019engrenage fatal de la guerre qui ne pourrait que conduire au pire. Les nombreuses manifestations \u00e0travers le monde &#8211; y compris en Russie malgr\u00e9 la r\u00e9pression &#8211; montrent que les opinions publiques se mobilisent massivement en faveurd\u2019une solution politique et diplomatique. Comme l\u2019a dit le secr\u00e9taire g\u00e9n\u00e9ral des Nations Unies \u00ab Il n\u2019est jamais trop tard pour nouerdes n\u00e9gociations de bonne foi et aborder tous les probl\u00e8mes de mani\u00e8re pacifique \u00bb.La France doit prendre les initiatives n\u00e9cessaires tous azimuts pour r\u00e9unir l\u2019ensemble des pays europ\u00e9ens et entamer en urgence lan\u00e9gociation d\u2019un trait\u00e9 de paix et de s\u00e9curit\u00e9 commune en Europe, dans l\u2019esprit de l\u2019Acte final de la Conf\u00e9rence d\u2019Helsinki sur la s\u00e9curit\u00e9 et lacoop\u00e9ration en Europe, incluant le retrait de la France de l\u2019OTAN et \u00e0 terme, la dissolution de l\u2019OTAN, tout en repla\u00e7ant les Nations Unies aucoeur de la construction d\u2019un monde apais\u00e9.Le Mouvement de la Paix r\u00e9affirme avec insistance la n\u00e9cessit\u00e9 d\u2019une r\u00e9duction des d\u00e9penses d\u2019armement qui ont doubl\u00e9 en 20 ans au planmondial, de la mise en oeuvre du Trait\u00e9 sur l\u2019Interdiction des Armes Nucl\u00e9aires (TIAN) entr\u00e9 en vigueur en janvier 2021. Accumuler encoreplus d\u2019armes, \u00e9largir l\u2019OTAN ; maintenir et moderniser l\u2019arme atomique, c\u2019est la voie de l\u2019ins\u00e9curit\u00e9 pour les Ukrainiens comme pour tous lespeuples, c\u2019est une d\u00e9rive suicidaire qu\u2019il faut stopper.Alternatives- Il faut mettre en oeuvre la Charte des Nations Unies et les r\u00e9solutions de l\u2019ONU sur la Culture de la Paix et sur les ODD(Objectifs de D\u00e9veloppement Durable).www.mvtpaix.org \/ www.facebook.com\/mouvementdelapaix<\/p>\n","protected":false},"excerpt":{"rendered":"<p>\u00ab\u00a0GUERRE ET PAIX\u00a0\u00bb IL NE FAUT PAS CONFONDRE(Que les premiers lecteurs de cet article veuillent m&rsquo;en excuser, lors de sa [&hellip;]<\/p>\n","protected":false},"author":1,"featured_media":4014,"comment_status":"open","ping_status":"open","sticky":false,"template":"","format":"standard","meta":{"sfsi_plus_gutenberg_text_before_share":"","sfsi_plus_gutenberg_show_text_before_share":"","sfsi_plus_gutenberg_icon_type":"","sfsi_plus_gutenberg_icon_alignemt":"","sfsi_plus_gutenburg_max_per_row":"","site-sidebar-layout":"default","site-content-layout":"","ast-site-content-layout":"default","site-content-style":"default","site-sidebar-style":"default","ast-global-header-display":"","ast-banner-title-visibility":"","ast-main-header-display":"","ast-hfb-above-header-display":"","ast-hfb-below-header-display":"","ast-hfb-mobile-header-display":"","site-post-title":"","ast-breadcrumbs-content":"","ast-featured-img":"","footer-sml-layout":"","ast-disable-related-posts":"","theme-transparent-header-meta":"","adv-header-id-meta":"","stick-header-meta":"","header-above-stick-meta":"","header-main-stick-meta":"","header-below-stick-meta":"","astra-migrate-meta-layouts":"default","ast-page-background-enabled":"default","ast-page-background-meta":{"desktop":{"background-color":"var(--ast-global-color-4)","background-image":"","background-repeat":"repeat","background-position":"center center","background-size":"auto","background-attachment":"scroll","background-type":"","background-media":"","overlay-type":"","overlay-color":"","overlay-opacity":"","overlay-gradient":""},"tablet":{"background-color":"","background-image":"","background-repeat":"repeat","background-position":"center center","background-size":"auto","background-attachment":"scroll","background-type":"","background-media":"","overlay-type":"","overlay-color":"","overlay-opacity":"","overlay-gradient":""},"mobile":{"background-color":"","background-image":"","background-repeat":"repeat","background-position":"center center","background-size":"auto","background-attachment":"scroll","background-type":"","background-media":"","overlay-type":"","overlay-color":"","overlay-opacity":"","overlay-gradient":""}},"ast-content-background-meta":{"desktop":{"background-color":"var(--ast-global-color-5)","background-image":"","background-repeat":"repeat","background-position":"center center","background-size":"auto","background-attachment":"scroll","background-type":"","background-media":"","overlay-type":"","overlay-color":"","overlay-opacity":"","overlay-gradient":""},"tablet":{"background-color":"var(--ast-global-color-5)","background-image":"","background-repeat":"repeat","background-position":"center center","background-size":"auto","background-attachment":"scroll","background-type":"","background-media":"","overlay-type":"","overlay-color":"","overlay-opacity":"","overlay-gradient":""},"mobile":{"background-color":"var(--ast-global-color-5)","background-image":"","background-repeat":"repeat","background-position":"center center","background-size":"auto","background-attachment":"scroll","background-type":"","background-media":"","overlay-type":"","overlay-color":"","overlay-opacity":"","overlay-gradient":""}},"footnotes":""},"categories":[16],"tags":[],"class_list":["post-436","post","type-post","status-publish","format-standard","has-post-thumbnail","hentry","category-archives-cms"],"_links":{"self":[{"href":"https:\/\/lavoiedessansvoix.fr\/lavoie\/wp-json\/wp\/v2\/posts\/436","targetHints":{"allow":["GET"]}}],"collection":[{"href":"https:\/\/lavoiedessansvoix.fr\/lavoie\/wp-json\/wp\/v2\/posts"}],"about":[{"href":"https:\/\/lavoiedessansvoix.fr\/lavoie\/wp-json\/wp\/v2\/types\/post"}],"author":[{"embeddable":true,"href":"https:\/\/lavoiedessansvoix.fr\/lavoie\/wp-json\/wp\/v2\/users\/1"}],"replies":[{"embeddable":true,"href":"https:\/\/lavoiedessansvoix.fr\/lavoie\/wp-json\/wp\/v2\/comments?post=436"}],"version-history":[{"count":2,"href":"https:\/\/lavoiedessansvoix.fr\/lavoie\/wp-json\/wp\/v2\/posts\/436\/revisions"}],"predecessor-version":[{"id":4015,"href":"https:\/\/lavoiedessansvoix.fr\/lavoie\/wp-json\/wp\/v2\/posts\/436\/revisions\/4015"}],"wp:featuredmedia":[{"embeddable":true,"href":"https:\/\/lavoiedessansvoix.fr\/lavoie\/wp-json\/wp\/v2\/media\/4014"}],"wp:attachment":[{"href":"https:\/\/lavoiedessansvoix.fr\/lavoie\/wp-json\/wp\/v2\/media?parent=436"}],"wp:term":[{"taxonomy":"category","embeddable":true,"href":"https:\/\/lavoiedessansvoix.fr\/lavoie\/wp-json\/wp\/v2\/categories?post=436"},{"taxonomy":"post_tag","embeddable":true,"href":"https:\/\/lavoiedessansvoix.fr\/lavoie\/wp-json\/wp\/v2\/tags?post=436"}],"curies":[{"name":"wp","href":"https:\/\/api.w.org\/{rel}","templated":true}]}}