{"id":433,"date":"2023-07-11T03:47:00","date_gmt":"2023-07-11T01:47:00","guid":{"rendered":"https:\/\/lavoiedessansvoix.fr\/lavoie\/2023\/07\/11\/archive-les-organisateurs-de-defaite-bilan-de-la-mobilisation-sociale-contre-la-loi-retr\/"},"modified":"2026-04-26T20:30:08","modified_gmt":"2026-04-26T18:30:08","slug":"archive-les-organisateurs-de-defaite-bilan-de-la-mobilisation-sociale-contre-la-loi-retr","status":"publish","type":"post","link":"https:\/\/lavoiedessansvoix.fr\/lavoie\/2023\/07\/11\/archive-les-organisateurs-de-defaite-bilan-de-la-mobilisation-sociale-contre-la-loi-retr\/","title":{"rendered":"LES ORGANISATEURS DE D\u00c9FAITE (Bilan de la mobilisation sociale contre la loi retraite Macron\/Borne)"},"content":{"rendered":"<p>LES ORGANISATEURS DE D\u00c9FAITE(Bilan de la mobilisation sociale contre la loi retraite Macron\/Borne)Pr\u00e9ambule :Apr\u00e8s plusieurs mois de mobilisations gigantesque, avec une majorit\u00e9 \u00e9crasante de fran\u00e7ais oppos\u00e9s \u00e0 la r\u00e9forme, le \u00ab petit capo \u00bb de la R\u00e9publique a tout de m\u00eame impos\u00e9 sa volont\u00e9 \u00e0 la nation, sans vote, au m\u00e9pris, de toute pr\u00e9occupation d\u00e9mocratique, du parlement et des institutions.Il faut le dire sans d\u00e9tour, c\u2019est une d\u00e9faite cuisante pour les salari\u00e9s, pour le mouvement social de ce pays.Lui l\u2019a fait. On le maudit bien s\u00fbr, il a fait selon sa nature de \u00ab monarque r\u00e9publicain \u00bb, terme voil\u00e9 pour ne pas dire dictateur. Mais aucun autocrate ne peut r\u00e9gner sans l\u2019adh\u00e9sion d\u2019une fraction au moins de la nation. Aucun dictateur ne peut s\u00e9vir sans quelques collusions et complicit\u00e9s.Macron l\u2019a fait car il b\u00e9n\u00e9ficie de complicit\u00e9s contre nature dans le paysage politique et syndical. Le mouvement social a essuy\u00e9 un terrible revers car il avait confi\u00e9 sa destin\u00e9 \u00e0 des g\u00e9n\u00e9raux f\u00e9lons, \u00ab des organisateurs de d\u00e9faites \u00bb.L\u2019\u00e9chec de la mobilisation contre la loi Macron\/Borne portant r\u00e9forme des r\u00e9gimes de retraite, a r\u00e9v\u00e9l\u00e9 un probl\u00e8me r\u00e9current du syndicalisme fran\u00e7ais. Non pas que celui-ci soit une nouveaut\u00e9. Mais il semble que pour la premi\u00e8re fois, \u00e0 cette \u00e9chelle, des militants syndicalistes en prennent une pleine conscience et se proposent d\u2019y apporter rem\u00e8de. J\u2019ai eu connaissance d\u2019une initiative, sous la forme d\u2019une p\u00e9tition, intitul\u00e9 \u00ab Ne tournons pas la page \u00bb, dont voici le lien : netournonspaslapage@gmail.com , qui vous permettra de la rejoindre, vous informer, et signer peut-\u00eatre, mais surtout, je l\u2019esp\u00e8re contribuer \u00e0 son essor et sa structuration afin que nous puissions un jour reprendre possession de notre avenir..L\u2019article qui suit, il y en aura d\u2019autres, est une r\u00e9flexion \u00e0 l\u2019usage de ce mouvement de regain syndical qui s\u2019annonceIntroduction :La r\u00e9flexion dont je vais vous faire part ici, except\u00e9 des constats que l\u2019on ne peut \u00e9tablir qu\u2019apr\u00e8s coup, j\u2019aurai pu les faires connaitre voil\u00e0 deux mois d\u00e9j\u00e0, au d\u00e9but de la mobilisation populaire d\u2019opposition \u00e0 la \u00ab contre-r\u00e9forme des retraites \u00bb.J\u2019ai fait cela en priv\u00e9 et dans des cercles restreints mais m\u2019en suis abstenu pour l\u2019essentiel en public et dans ces colonnes. J\u2019avais tout de m\u00eame, en termes mod\u00e9r\u00e9s, publi\u00e9 un article \u00ab Acte 1..Acte 2..Acte3.. ? \u00bb le 12 avril 2023, qui voulait attirer l\u2019attention des militants sur l\u2019impasse o\u00f9 conduisait la strat\u00e9gie syndicale en cours, et o\u00f9 je posais la question \u00ab  Va-t-on terminer comme les Gilets-Jaunes, en manifestations hebdomadaires jusqu\u2019\u00e0 \u00e9puisement ? \u00bbLes euss\u00e8-je rendues publiques alors, ces r\u00e9flexions n\u2019auraient certes rien chang\u00e9 \u00e0 la dure r\u00e9alit\u00e9, elles m\u2019auraient par contre, sans nul doute valu les r\u00e9criminations de ceux qui, abus\u00e9s par \u00ab la trop belle \u00bb unit\u00e9 syndicale, m\u2019eussent reproch\u00e9 \u00ab d\u2019\u00eatre trop n\u00e9gatif \u00bb, de \u00ab jouer contre la mobilisation \u00bb en cours, d\u2019insinuer le doute dans les esprits et des accusations \u00ab mal fond\u00e9es \u00bb. La mobilisation contre la r\u00e9forme des retraites c\u2019est termin\u00e9 le 6 juin, voiture balai du mouvement social en attendant celle d\u00e8s lors proche du Tour France. C\u2019est ainsi que le l\u2019avais annonc\u00e9 longtemps en avance, et qualifi\u00e9e d\u00e8s son annonce un mois avant. Le temps est venu d\u2019en parler librement comme l\u2019on parle des d\u00e9funts auxquels on ne craint plus de nuire. Mais \u00e0 quoi cela peut-il bien servir \u00e0 pr\u00e9sent direz-vous ?.. Le d\u00e9ni n\u2019est pas de mise. La r\u00e9flexion doit pr\u00e9parer l\u2019avenir.. Certes il faudra peut-\u00eatre attendre un peu une nouvelle mobilisation apr\u00e8s une telle CAPITULATION en rase campagne, mais des luttes il y en aura pourtant d\u2019autres. Certes, nous ne pourrons pas mieux alors, que nous ne f\u00eemes dans le pass\u00e9, emp\u00eacher les capitulards et les traitres, de tenter de nous d\u00e9courager ou nous tendre des pi\u00e8ges. Mais peut-\u00eatre, si nous avons bien compris le fond des choses et si nous nous sommes pr\u00e9par\u00e9s pour cela, pourrons-nous nous pr\u00e9server des un et d\u00e9jouer les autres ?Je vous invites l\u00e0 \u00e0 une d\u00e9lib\u00e9ration de fond sur le contexte politique, les luttes sociales et sur le syndicalisme contemporain..Le pi\u00e8ge politique et institutionnel :Macron, et il ne s\u2019est pas priv\u00e9 de se gausser de nous a ce pr\u00e9texte, avait clairement affich\u00e9e la couleur. La r\u00e9forme des retraites serait le point d\u2019orgue du d\u00e9but de son nouveau quinquennat. \u00ab En me r\u00e9\u00e9lisant a-t-il argu\u00e9 vous avez valid\u00e9 mon programme. C\u2019est cela la \u00ab l\u00e9gitimit\u00e9 \u00bb d\u00e9mocratique et toutes vos manifestations de rue, que vous avez parfaitement le droit de faire par ailleurs, n\u2019y changeront rien car elles n\u2019ont aucune l\u00e9gitimit\u00e9 d\u00e9mocratique \u00bb.Alors certes, On ergote, nous ergotons, j\u2019ergote aussi. 1) Le choix \u00e9tant r\u00e9duit \u00e0 l\u2019\u00e9lection Pr\u00e9sidentielle, ceux qui ont vot\u00e9 pour lui n\u2019ont pas n\u00e9cessairement vot\u00e9 pour son programme, en tout cas pas tout son programme.  B)  Certains, et sans ceux-l\u00e0 il n\u2019eut pas \u00e9t\u00e9 \u00e9lu \u00bb, ont vot\u00e9, non pour son programme mais, pour barrer la route \u00e0 Marine Le Pen. C) Et m\u00eame dans ces conditions il ne doit son \u00e9lection qu\u2019a une minorit\u00e9 (25 % environ d\u2019\u00e9lecteurs), jetant plus qu\u2019un trouble sur sa \u00ab l\u00e9gitimit\u00e9 r\u00e9elle \u00bb.Celles-ci tien d\u2019avantage \u00e0 la r\u00e9solution des oppositions de ne pas la contester, qu\u2019\u00e0 sa r\u00e9alit\u00e9 factuelle.On ergote, mais certains, comme Fabien Roussel, secr\u00e9taire national du PCF, n\u2019ont pas chipot\u00e9, pas fait dans la dentelle si j\u2019ose m\u2019exprimer ainsi, qui ont clairement appel\u00e9 \u00e0 voter Macron au deuxi\u00e8me tour et en pleine connaissance de cause. Croyez-vous qu\u2019un tel engagement soit sans suite et sans cons\u00e9quence ? Croyez-vous que cela n\u2019a pas eu d\u2019incidences sur la strat\u00e9gie de lutte contre la r\u00e9forme des retraites adopt\u00e9e par le PCF ?\u2026.. Et par la CGT, il va sans dire, dont-on sait qu\u2019elle est encore de nos jours, largement domin\u00e9e par ce parti pourtant lui-m\u00eame devenu croupion. Par qu\u2019elle magie voudriez-vous que ceux qui ont appel\u00e9, il y a douze mois, \u00e0 voter Macron pour faire barrage \u00e0 Madame Le Pen s\u2019avisent \u00e0 pr\u00e9sent de d\u00e9stabiliser \u00ab le pr\u00e9sident de la R\u00e9publique \u00bb par la mobilisation sociale prenant ainsi le risque d\u2019ouvrir \u00e0 nouveau la voie \u00e0 \u00ab L\u2019extr\u00eame droite \u00bb comme ils disent ?La r\u00e9ussite de la r\u00e9forme des retraites est l\u2019engagement essentiel du contrat que Macron a (sign\u00e9) avec ses v\u00e9ritables employeurs de la haute finance, son \u00e9chec en cette affaire le disqualifierait \u00e0 leurs yeux. Au demeurant, en voulant passer en force, il en a fait une affaire personnelle, et son \u00e9chec finirait de le d\u00e9l\u00e9gitimer, ouvrant \u00e0 minima une crise politique, voire m\u00eame institutionnelle. Et il est vrai, ce n\u2019est pas niable, que dans ce cas, \u00e0 d\u00e9faut du jaillissement par la lutte d\u2019une alternative populaire, c\u2019est Madame Le Pen qui pourrait-\u00eatre la grande b\u00e9n\u00e9fici\u00e8re de la situation. D\u2019o\u00f9 il faut d\u00e9duire que ceux qui redoutent de courir ce risque ne peuvent pas vouloir non plus d\u2019une victoire \u00ab des salari\u00e9s \u00bb mettant en \u00e9chec la r\u00e9forme Macron\/Borne, qui serait une \u00ab victoire de la rue \u00bb contre la l\u00e9galit\u00e9 institutionnelle. Les luttes revendicatives rel\u00e8vent en th\u00e9orie de la confrontation pour la d\u00e9fense de leurs int\u00e9r\u00eats respectifs, entre patrons (employeurs) et salari\u00e9s. C\u2019est en cela qu\u2019elles sont \u00ab sociales \u00bb et non politiques.  Mais d\u00e8s lors qu\u2019il s\u2019agit de revendications globales, touchant toute la soci\u00e9t\u00e9, et relevant de la loi et de l\u2019intervention directe de l\u2019Etat, les luttes revendicatives ne sont plus une affaire entre les seuls employeurs et salari\u00e9s, elles acqui\u00e8rent la dimension d\u2019un probl\u00e8me de soci\u00e9t\u00e9 et deviennent ainsi des questions et des luttes politiques.En 1968, en 1995, la question du pouvoir \u00e9tait pos\u00e9e par le mouvement social (Jupp\u00e9 d\u00e9mission !). Car lorsqu\u2019un pouvoir promeut une r\u00e9forme dont la soci\u00e9t\u00e9 ne veut pas il n\u2019y a pas d\u2019autre issue possible que la capitulation du mouvement social ou la chute du gouvernement. Il a fallu quatorze ans, \u00ab l\u2019union de la gauche \u00bb et la ruse politique d\u2019un Mitterrand pour transformer la mobilisation sociale issue de 68 en perspective politique (L\u2019alternance de 81) et les jours de gr\u00e8ves en \u00e9lecteurs potentiels. Le cadre op\u00e9rationnel \u00e9tant alors constitu\u00e9 il ne fallut que deux ans \u00e0 \u00ab la Gauche plurielle \u00bb pour canaliser la mobilisation sociale de 95 et la transformer en (victoire ?) \u00e9lectorale aux l\u00e9gislatives de 97. C\u2019est dans cette niche \u00e9lectoraliste que le syndicalisme fran\u00e7ais contemporain a puis\u00e9 la l\u00e9gitimation de sa strat\u00e9gie collaborationniste. Depuis la premi\u00e8re alternance fondatrice de 81, il s\u2019arroge la mission de canaliser, maitriser, accompagner, temporiser puis enfin liquider, les mouvements sociaux afin que ceux-ci n\u2019acculent jamais le pouvoir politique \u00e0 la d\u00e9faite et n\u2019\u00e9branlent pas la stabilit\u00e9 institutionnelle. Une telle conduite ne peut-\u00eatre, bien entendue, que g\u00e9n\u00e9ratrice de frustrations, d\u2019incompr\u00e9hensions, de col\u00e8res. Qu\u2019importe, on transformera celles-ci en volont\u00e9 politique de \u00ab changement \u00bb on \u00e9vacuera les \u00ab aigreurs \u00bb populaires dans l\u2019esp\u00e9rance d\u2019une nouvelle alternance politique. Ainsi la perspective de \u00ab changement politique \u00bb devenait elle le compl\u00e9ment indispensable de la strat\u00e9gie syndicale. Ah oui, mais voil\u00e0 qu\u2019il y a un HIC \u00e0 pr\u00e9sent.En 2002 l\u2019\u00e9lection Pr\u00e9sidentielle venaient 5 ans apr\u00e8s la victoire de la gauche plurielle aux l\u00e9gislatives de 97, Cinq ann\u00e9e de gouvernement de \u00ab cohabitation \u00bb de Jospin sous la Pr\u00e9sidence de Jacques Chirac, et apr\u00e8s l\u2019adoption de la fameuse loi Aubry des 35 heures, la \u00ab perle \u00bb de cette l\u00e9gislature. Les repos compensateurs pensez un peu. Il ne faisait aucun doute que le candidat Lionel Jospin allait gagner ces \u00e9lections Haut la main, probablement m\u00eame d\u00e8s le premier Tour, d\u2019autant que Jacques Chirac le pr\u00e9sident sortant devait en d\u00e9coudre avec la volont\u00e9 d\u2019Edouard Balladur de lui \u00ab damer le pion \u00bb. Or, surprise, foin de l\u2019\u00e9lection de Jospin d\u00e8s le premier tour c\u2019est de son \u00e9limination qu\u2019il s\u2019est agi*, bout\u00e9 hors par Jean-Marie Le PenEh oui, les trahisons de \u00ab la Gauche \u00bb \u00e0 l\u2019\u00e9gard du mouvement populaire depuis 1983 (au moins) avaient produit leurs effets. Une large part de ses \u00e9lecteurs, particuli\u00e8rement des \u00e9lecteurs communistes s\u2019\u00e9taient tourn\u00e9s vers le vote F.N., Celui-ci toutefois n\u2019\u00e9tait encore qu\u2019un danger bien relatif. Il y a loin de 21 % ind\u00e9passable \u00e0 51 % n\u00e9cessaire. Mais ce qu\u2019il y avait de pire dans cette affaire s\u2019\u00e9tait l\u2019humiliation de Jospin et \u00e0 travers lui du PS et de toute \u00ab La Gauche \u00bb. Elle ne s\u2019en rel\u00e8verait pas. Si c\u2019est en 2017 avec \u2018l\u2019op\u00e9ration \u00ab en marche \u00bb de Macron, que le syst\u00e8me politique ant\u00e9rieur de l\u2019alternance a paru s\u2019effondrer, c\u2019est en v\u00e9rit\u00e9 en 2002 que sa faillite avait \u00e9t\u00e9 act\u00e9. Or cela allait avoir des cons\u00e9quences lourdes sur la suite. D\u00e8s lors le \u00ab barrage \u00e0 l\u2019extr\u00eame droite \u00bb (Le Pen) devint le cr\u00e9do de la politique traditionnelle fran\u00e7aise et plus sp\u00e9cifiquement de ce qui restait de la gauche.En 1981, 1988, 1995, 2002, il y avait des partis, des figures, auxquels on pouvait rattacher l\u2019esp\u00e9rance populaire de changements politiques et qui pouvaient constituer ainsi une issue de d\u00e9compression aux mobilisations sociales. Cela n\u2019existe plus depuis 2002.Alors certes me direz-vous il y a eu dans l\u2019intervalle l\u2019\u00e9lection \u00e0 la Pr\u00e9sidence du \u00ab socialiste \u00bb Fran\u00e7ois Hollande ? P\u00e2le personnage qui ne dut son \u00e9lection qu\u2019 \u00e0 l\u2019\u00e9limination de Dominique Strauss-Kahn d\u2019une part est \u00e0 l\u2019exasp\u00e9ration des fran\u00e7ais \u00e0 propos du quinquennat de Nicolas Sarkozy.A pr\u00e9sent, un homme pouvait incarner une certaine esp\u00e9rance politique, c\u2019\u00e9tait Jean-Luc M\u00e9lenchon, mais avec fort peu de chance de l\u2019emporter lors d\u2019un second tour s\u2019il y  \u00e9tait qualifi\u00e9. Une qualification de M\u00e9lenchon au second tour dans les contextes que l\u2019on a connu ce serait faite au d\u00e9triment de Macron et le sc\u00e9nario le plus probable dans ce cas eut \u00e9t\u00e9 un face \u00e0 face M\u00e9lenchon Le Pen. En pareil cas, beaucoup d\u2019\u00e9lecteurs de la droite traditionnelle mais aussi du PS voteraient Marine, et la perspective de sa possible victoire galvaniserai son \u00e9lectorat habituel. Les chances de succ\u00e8s de M\u00e9lenchon seraient r\u00e9duites ? C\u2019est ce que redoute le Parti communiste \u00e0 la sauce Fabien Roussel, et la raison pour laquelle il a choisi de \u00ab saborder \u00bb les chances de M\u00e9lenchon afin de ne pas mettre en p\u00e9ril celles de Macron. Macron \u00e9tant un meilleur candidat que M\u00e9lenchon contre Le Pen. Mais dans ces conditions il n\u2019y a plus d\u2019issue politique \u00e0 offrir \u00ab \u00e0 gauche aux \u00e9lecteurs, et pas d\u2019autres moyens d\u2019\u00e9viter la d\u00e9stabilisation du pouvoir politique par le mouvement social, que de lui tordre le cou et faire all\u00e9geance \u00e0 la politique du pouvoir.Ainsi, la conduite de la mobilisation sociale pour l\u2019annulation de la loi Macron\/Borne, a-t-elle consist\u00e9 en accompagnement et encadrement. Il s\u2019est agi de contenir la col\u00e8re et de \u00ab d\u00e9compresser \u00bb jusqu\u2019\u00e0 \u00e9puisement. L\u2019unit\u00e9 syndicale, les manifestations, la fausse radicalit\u00e9 des \u00ab blocages ponctuels, sans lendemain \u00bb, tout cela n\u2019\u00e9tait que soupapes de s\u00e9curit\u00e9, un moyen de l\u00e2cher de la vapeur.Au 6 juin Berger a dit \u00ab on a siffl\u00e9 la fin de la r\u00e9cr\u00e9ation et l\u2019intersyndicale a enchain\u00e9 ; \u00ab On va voir Borne, on passe \u00e0 autre chose. \u00bbPatrick Seignon. \u00ab lavoiedessansvoix.fr \u00bb. Dimanche 9 juillet 2023. (Publi\u00e9 mardi 11.07\/2023.)\u2022\tIls avaient tout simplement oubli\u00e9 que la loi Aubry \u00e7a n\u2019\u00e9tait pas que les repos compensateur, s \u00bb\u00e9tait aussi la \u00ab flexibilit\u00e9 du travail, des suppressions de \u00ab pause \u00bb et autres avantages dans certaines professions, un perte sur les salaires.<\/p>\n","protected":false},"excerpt":{"rendered":"<p>LES ORGANISATEURS DE D\u00c9FAITE(Bilan de la mobilisation sociale contre la loi retraite Macron\/Borne)Pr\u00e9ambule :Apr\u00e8s plusieurs mois de mobilisations gigantesque, avec [&hellip;]<\/p>\n","protected":false},"author":1,"featured_media":4011,"comment_status":"open","ping_status":"open","sticky":false,"template":"","format":"standard","meta":{"sfsi_plus_gutenberg_text_before_share":"","sfsi_plus_gutenberg_show_text_before_share":"","sfsi_plus_gutenberg_icon_type":"","sfsi_plus_gutenberg_icon_alignemt":"","sfsi_plus_gutenburg_max_per_row":"","site-sidebar-layout":"default","site-content-layout":"","ast-site-content-layout":"default","site-content-style":"default","site-sidebar-style":"default","ast-global-header-display":"","ast-banner-title-visibility":"","ast-main-header-display":"","ast-hfb-above-header-display":"","ast-hfb-below-header-display":"","ast-hfb-mobile-header-display":"","site-post-title":"","ast-breadcrumbs-content":"","ast-featured-img":"","footer-sml-layout":"","ast-disable-related-posts":"","theme-transparent-header-meta":"","adv-header-id-meta":"","stick-header-meta":"","header-above-stick-meta":"","header-main-stick-meta":"","header-below-stick-meta":"","astra-migrate-meta-layouts":"default","ast-page-background-enabled":"default","ast-page-background-meta":{"desktop":{"background-color":"var(--ast-global-color-4)","background-image":"","background-repeat":"repeat","background-position":"center center","background-size":"auto","background-attachment":"scroll","background-type":"","background-media":"","overlay-type":"","overlay-color":"","overlay-opacity":"","overlay-gradient":""},"tablet":{"background-color":"","background-image":"","background-repeat":"repeat","background-position":"center center","background-size":"auto","background-attachment":"scroll","background-type":"","background-media":"","overlay-type":"","overlay-color":"","overlay-opacity":"","overlay-gradient":""},"mobile":{"background-color":"","background-image":"","background-repeat":"repeat","background-position":"center center","background-size":"auto","background-attachment":"scroll","background-type":"","background-media":"","overlay-type":"","overlay-color":"","overlay-opacity":"","overlay-gradient":""}},"ast-content-background-meta":{"desktop":{"background-color":"var(--ast-global-color-5)","background-image":"","background-repeat":"repeat","background-position":"center center","background-size":"auto","background-attachment":"scroll","background-type":"","background-media":"","overlay-type":"","overlay-color":"","overlay-opacity":"","overlay-gradient":""},"tablet":{"background-color":"var(--ast-global-color-5)","background-image":"","background-repeat":"repeat","background-position":"center center","background-size":"auto","background-attachment":"scroll","background-type":"","background-media":"","overlay-type":"","overlay-color":"","overlay-opacity":"","overlay-gradient":""},"mobile":{"background-color":"var(--ast-global-color-5)","background-image":"","background-repeat":"repeat","background-position":"center center","background-size":"auto","background-attachment":"scroll","background-type":"","background-media":"","overlay-type":"","overlay-color":"","overlay-opacity":"","overlay-gradient":""}},"footnotes":""},"categories":[16],"tags":[],"class_list":["post-433","post","type-post","status-publish","format-standard","has-post-thumbnail","hentry","category-archives-cms"],"_links":{"self":[{"href":"https:\/\/lavoiedessansvoix.fr\/lavoie\/wp-json\/wp\/v2\/posts\/433","targetHints":{"allow":["GET"]}}],"collection":[{"href":"https:\/\/lavoiedessansvoix.fr\/lavoie\/wp-json\/wp\/v2\/posts"}],"about":[{"href":"https:\/\/lavoiedessansvoix.fr\/lavoie\/wp-json\/wp\/v2\/types\/post"}],"author":[{"embeddable":true,"href":"https:\/\/lavoiedessansvoix.fr\/lavoie\/wp-json\/wp\/v2\/users\/1"}],"replies":[{"embeddable":true,"href":"https:\/\/lavoiedessansvoix.fr\/lavoie\/wp-json\/wp\/v2\/comments?post=433"}],"version-history":[{"count":1,"href":"https:\/\/lavoiedessansvoix.fr\/lavoie\/wp-json\/wp\/v2\/posts\/433\/revisions"}],"predecessor-version":[{"id":2885,"href":"https:\/\/lavoiedessansvoix.fr\/lavoie\/wp-json\/wp\/v2\/posts\/433\/revisions\/2885"}],"wp:featuredmedia":[{"embeddable":true,"href":"https:\/\/lavoiedessansvoix.fr\/lavoie\/wp-json\/wp\/v2\/media\/4011"}],"wp:attachment":[{"href":"https:\/\/lavoiedessansvoix.fr\/lavoie\/wp-json\/wp\/v2\/media?parent=433"}],"wp:term":[{"taxonomy":"category","embeddable":true,"href":"https:\/\/lavoiedessansvoix.fr\/lavoie\/wp-json\/wp\/v2\/categories?post=433"},{"taxonomy":"post_tag","embeddable":true,"href":"https:\/\/lavoiedessansvoix.fr\/lavoie\/wp-json\/wp\/v2\/tags?post=433"}],"curies":[{"name":"wp","href":"https:\/\/api.w.org\/{rel}","templated":true}]}}