{"id":431,"date":"2023-07-18T06:40:00","date_gmt":"2023-07-18T04:40:00","guid":{"rendered":"https:\/\/lavoiedessansvoix.fr\/lavoie\/2023\/07\/18\/archive-adresse-a-mes-s-urs-et-freres-ukrainiens\/"},"modified":"2026-04-26T20:29:50","modified_gmt":"2026-04-26T18:29:50","slug":"archive-adresse-a-mes-s-urs-et-freres-ukrainiens","status":"publish","type":"post","link":"https:\/\/lavoiedessansvoix.fr\/lavoie\/2023\/07\/18\/archive-adresse-a-mes-s-urs-et-freres-ukrainiens\/","title":{"rendered":"ADRESSE A MES S\u0152URS ET FR\u00c8RES UKRAINIENS"},"content":{"rendered":"<p>\u2022\tADRESSE A MES S\u0152URS ET FR\u00c8RES UKRAINIENS\u2022\t 1 \u2013 La voix de la raison.\u2022\tTous les peuples sont fr\u00e8res. Je suis moi-m\u00eame \u00ab un fils du peuple \u00bb. Les peuples fr\u00e8res ukrainien et russe sont mes fr\u00e8res tout pareil. Je souffre de la trag\u00e9die qu\u2019ils vivent.\u2022\tC\u2019est \u00e0 mes s\u0153urs et fr\u00e8res ukrainiens que j\u2019adresse plus particuli\u00e8rement ce jour cette lettre path\u00e9tique.\u2022\tJe suis, ai-je dit, un fils du peuple c\u2019est-\u00e0-dire \u00ab rien \u00bb. Les peuples ne sont rien au sens des milliardaires qui poss\u00e8dent le monde, sinon des b\u00eates de somme pour l\u2019\u00e9conomie et de la chair \u00e0 canon pour \u00ab les jeux de la guerre \u00bb. Car la guerre pour ceux-l\u00e0 n\u2019est qu\u2019un amusement pervers (et lucratif), un peu comme ils jouent en bourse.\u2022\tJe sais bien que ma voix lilliputienne aura beaucoup de mal \u00e0 se faire entendre. D\u2019autant plus en ces temps de \u00ab propagande de guerre \u00bb de mensonge g\u00e9n\u00e9ralis\u00e9 et de censure. Quand mille ennemis des peuples, qui pullulent en pareille p\u00e9riode comme des cloportes, feront tout pour l\u2019\u00e9touffer.\u2022\tComme une bouteille \u00e0 la mer, c\u2019est tout de m\u00eame avec confiance que je jette cette lettre dans le flot du web. Car paradoxalement, malgr\u00e9 les emb\u00fbches, je suis s\u00fbr qu\u2019elle arrivera jusqu\u2019\u00e0 vous et qu\u2019elle parlera \u00e0 vos c\u0153urs. \u2022\tLes censeurs, les menteurs, les tricheurs, les profiteurs, tous les ennemis des peuples et de la libert\u00e9, qui voudront la prohiber, feront tant et si mal avec leur acharnement idiot qu\u2019ils obtiendront le r\u00e9sultat inverse. Ce sont eux-m\u00eames qui participeront \u00e0 la diffuser d\u2019avantage et la r\u00e9pandre plus loin. Il n\u2019est pas ais\u00e9 de faire taire la voix de la raison.\u2022\t2 \u2013 Le poids de l\u2019Histoire\u2022\tDe tout temps d\u00e9chir\u00e9e, partag\u00e9e, morcel\u00e9s, entre Pologne Autriche, Roumanie, Russie, selon les p\u00e9riodes. c\u2019est aux feux des  R\u00e9volutions Russo\/Ukrainienne de 1917\/18 que les territoires qui sont devenu l\u2019Ukraine contemporaine, ont \u00e9taient r\u00e9unies et soud\u00e9s. Et c\u2019est, paradoxalement, contre le courant nationaliste repr\u00e9sent\u00e9 alors par la Rada et Simon Petlioura que c\u2019est compos\u00e9 la nation ukrainienne moderne.\u2022\tPuis cette communion des destins de l\u2019Ukraine et de la Russie fut scell\u00e9e dans l\u2019horreur, les larmes, les d\u00e9vastations et des immenses souffrances apport\u00e9es par l\u2019invasion (Barbarossa) puis la retraite allemande d\u00e9vastatrice, lors de la deuxi\u00e8me guerre mondiale. \u2022\tPourtant des forces hostiles dont certaines \u0153uvraient dans l\u2019ombre, ont r\u00e9ussi \u00e0 faire s\u2019\u00e9charper vos deux peuples si intimement li\u00e9s par une histoire s\u00e9culaire et la communaut\u00e9 du sang et des larmes mais aussi de succ\u00e8s et de pages glorieuses.\u2022\tComment cela s\u2019est-il pu ?\u2026 \u2022\tIl existait dans votre pays, leg de cette Histoire agit\u00e9e, une extr\u00eame droite ind\u00e9pendantistes russophobe. Essentiellement venue des provinces de l\u2019ouest (Galicie, Volhynie,..) o\u00f9 elle fut de longtemps encourag\u00e9e et financ\u00e9e par la convoitise des puissances imp\u00e9rialistes (Autriche, Allemagne)  qui lorgnaient vos territoires. \u2022\tOn \u00e9voque quelque fois deux courtes p\u00e9riodes durant lesquelles l\u2019Ukraine aurait pr\u00e9c\u00e9demment acc\u00e9d\u00e9 \u00e0 l\u2019ind\u00e9pendance : Dans les bouleversements de la premi\u00e8re guerre mondiale et de la r\u00e9volution (1918\/19) et durant la seconde guerre mondiale (1941, quelques jours). Mais en v\u00e9rit\u00e9 il s\u2019\u00e9tait agi alors d\u2019ind\u00e9pendance proclam\u00e9e mais jamais v\u00e9ritablement effective, et au demeurant elles ne concern\u00e8rent qu\u2019une portion des territoires de l\u2019Ukraine telle qu\u2019elle apparait dans les fronti\u00e8res de 1991. De telle sorte qu\u2019on peut dire que l\u2019Ukraine n\u2019a jamais \u00e9t\u00e9 ind\u00e9pendante avant 1991. \u2022\tAvez-vous bien r\u00e9alis\u00e9, s\u0153urs et fr\u00e8res ukrainiens que cette Ukraine des fronti\u00e8res de 91 pour l\u2019int\u00e9grit\u00e9 territoriale de laquelle on vous engage \u00e0 tuer vos fr\u00e8res russes, vous la devez \u00e0 votre histoire commune, indissociable avec la Russie ?\u2022\tL\u2019ind\u00e9pendance de 1919 \u00e9tait un instrument de la lutte politique des forces r\u00e9actionnaires contre la r\u00e9volution en marche dont le souffle chaud \u00e9tait venu de Saint P\u00e9tersbourg. De la Russie certes, mais non pas au sens de la \u00ab Moscovie \u00bb et du nationalisme grand russe, mais au sens du peuple insurg\u00e9 de l\u2019Empire Russe tout entier dont celui de l\u2019Ukraine \u00e9tait partie. \u2022\tC\u2019est en fait l\u2019ex\u00e9cration de la bourgeoisie pour la r\u00e9volution sociale des ouvriers des paysans et des soldats qui explique d\u00e9j\u00e0 un peu la \u00ab russophobie du mouvement ind\u00e9pendantiste ukrainien d\u00e8s ses origines.\u2022\tLa deuxi\u00e8me p\u00e9riode \u00ab d\u2019ind\u00e9pendance \u00bb fut encore plus contestable. La dictature Stalinienne justifiait le d\u00e9samour des peuples pour le r\u00e9gime sovi\u00e9tique. Dans ce contexte la lutte pour l\u2019ind\u00e9pendance de l\u2019Ukraine prenait le sens d\u2019une lutte contre r\u00e9volutionnaire pour la dilapidation de l\u2019Union Sovi\u00e9tique. A cette fin, (mais justifiait-elle tous les moyens ?) les ind\u00e9pendantistes ukrainiens d\u2019alors n\u2019h\u00e9sit\u00e8rent pas \u00e0 commettre l\u2019irr\u00e9parable, un crime moral d\u2019abord en s\u2019alliant avec le r\u00e9gime nazi dans son agression contre l\u2019URSS, et des crimes de masses contre les communistes ukrainiens ; les juifs et les Polonais. Mais aussi une faute politique grossi\u00e8re en embarquant dans le mauvais train de l\u2019Histoire. Faute qu\u2019ils pay\u00e8rent d\u2019ailleurs quasi imm\u00e9diatement au prix fort. Stepan Bandera, \u00ab ce fin politique s\u2019il en est \u00bb, avait seulement commis la petite erreur que voil\u00e0, de m\u00e9connaitre la diff\u00e9rence qu\u2019il y a entre occupant et lib\u00e9rateur. Fallait-il \u00eatre na\u00eff et politiquement ignare. Il proclame l\u2019ind\u00e9pendance de l\u2019Ukraine le 30 juin 1941, Hitler le fit arr\u00eater, lui et son gouvernement, \u00e0 Lviv quelques jours apr\u00e8s. \u2022\tCe mouvement ind\u00e9pendantiste conduit par Bandera restera comme une tache ind\u00e9l\u00e9bile dans l\u2019Histoire \u00e9ternelle de l\u2019Ukraine, non seulement par les crimes immenses dont il s\u2019est rendu coupable (1 million de juifs, 120 000 polonais, et combien de communistes ?) qu\u2019aucune entreprise de r\u00e9\u00e9criture de l\u2019Histoire ne parviendra \u00e0 effacer, mais aussi, et surtout serai-je tent\u00e9 de dire, par sa stupidit\u00e9.\u2022\t\u2022\t3 &#8211; L\u2019instrumentalisation de l\u2019Histoire\u2022\tOr ce courant, exprimant une forme de contestation du r\u00e9gime sovi\u00e9tique-stalinien a pu ainsi perdurer jusqu\u2019\u00e0 la chute de l\u2019URSS et au-del\u00e0.  \u2022\tAvec l\u2019effondrement de l\u2019URSS et l\u2019ind\u00e9pendance de 1991, ce courant politique s\u2019est senti pouss\u00e9 des ailes port\u00e9 qu\u2019il \u00e9tait semble-t-il par le vent de l\u2019histoire et soutenu par les puissances occidentales. Par d\u00e9cret du 22 janvier 2010 le Pr\u00e9sident Viktor Iouchtchenko   \u00e9leva le g\u00e9nocidaire Stepan Bandera \u00e0 la dignit\u00e9 de H\u00e9ros d&rsquo;Ukraine. C\u2019est ainsi que le pass\u00e9, et pas sa page la plus glorieuse, ressurgissait comme une mal\u00e9diction dans le pr\u00e9sent de l\u2019Ukraine. Fid\u00e8le \u00e0 son inspirateur elle allait d\u2019ailleurs renouer rapidement aussi avec la tradition de balourdise politique qui parait \u00eatre la marque de fabrique de l\u2019ind\u00e9pendantisme ukrainien.\u2022\tL\u2019existence d\u2019un tel courant, bien vivace \u00e9tait en effet une aubaine pour la r\u00e9alisation des desseins cach\u00e9s et des convoitises r\u00e9surgentes de l\u2019imp\u00e9rialisme occidental. \u2022\tLa m\u00e9thode n\u2019est pas nouvelle, exploitant le conflit religieux entre Sunnites et Chiites, n\u2019avaient-ils pas tent\u00e9 de provoquer une guerre islamo fratricide entre arabes et Perses ? N\u2019avaient-ils pas enr\u00f4l\u00e9 les mouvements islamistes radicaux pour conduire une guerre par procuration contre les r\u00e9gimes la\u00efques arabes ? \u2022\tEn f\u00e9vrier 2014, les USA (et l\u2019UE) qui avaient pour projet son d\u00e9membrement, ont pouss\u00e9e au pouvoir cette extr\u00eame droite russophobe afin de mener contre la Russie, une guerre par procuration dont l\u2019Ukraine serait le bras arm\u00e9 et le peuple ukrainien la chair \u00e0 canon. \u2022\tAinsi, 80 ans plus tard, les h\u00e9ritiers politiques de Band\u00e9ra ont-ils commis la m\u00eame erreur que lui en se donnant \u00e0 l\u2019UE et \u00e0 l\u2019Otan au nom d\u2019une ind\u00e9pendance factice. S\u2019arracher \u00e0 l\u2019influence russe pour se donner \u00e0 la domination occidentale ? S\u2019arracher \u00e0 son berceau historique et culturel pour faire all\u00e9geance \u00e0 un nouvel empire, vendre son peuple comme chair \u00e0 canon pour la r\u00e9alisation des desseins m\u00e9galomaniaques de domination plan\u00e9taire de l\u2019Empire am\u00e9ricain. \u2022\tL\u00e9on Trotsky, figure de la R\u00e9volution de 1917 et fondateur de l\u2019Arm\u00e9e rouge \u00bb a \u00e9crit un jour de 1939 : \u00ab \u2026.la direction glisse aux mains des plus r\u00e9actionnaires des cliques ukrainiennes qui expriment leur \u00ab nationalisme \u00bb en cherchant \u00e0 vendre le peuple ukrainien \u00e0 l\u2019un ou l\u2019autre des imp\u00e9rialismes en \u00e9change d\u2019une promesse d\u2019ind\u00e9pendance fictive. \u00bb \u2022\tEn quoi serait-ce l\u2019ind\u00e9pendance de l\u2019Ukraine que cette inf\u00e9odation \u00e0 l\u2019UE, et n\u2019est-ce pas sa servitude assur\u00e9e \u00e0 l\u2019imp\u00e9rialisme am\u00e9ricain que son enr\u00f4lement dans l\u2019OTAN. ?\u2022\tD\u00e9cid\u00e9ment, ce courant politique ind\u00e9pendantiste russophobe, que ne partage pas il va sans dire, la majorit\u00e9 des ukrainiens, aura de tous temps \u00e9t\u00e9 pour la nation ukrainienne la pire des calamit\u00e9s et une souillure pour sa m\u00e9moire.\u2022\tPour exister dans l\u2019avenir l\u2019Ukraine doit se d\u00e9barrasser de l\u2019influence funeste de ce courant politique.\u2022\t\u2022\t4 &#8211; CETTE GUERRE QUE L\u2019ON VOUS FAIT FAIRE N\u2019EST PAS LA VOTRE.\u2022\tCertes, avec l\u2019intervention Russe du 24 f\u00e9vrier 2022, le conflit apparaissait au monde comme une affaire russo-ukrainienne. Mais tr\u00e8s rapidement il a laiss\u00e9 voir sa v\u00e9ritable nature, celle d\u2019une confrontation russo-am\u00e9ricaine. \u2022\tEn effet, avec ce que ses partisans, et les m\u00e9dias appel\u00e8rent \u00ab l\u2019euroma\u00efdan \u00bb les USA second\u00e9s par l\u2019UE ce sont empar\u00e9 de la nation ukrainienne et transform\u00e9 son peuple en simple esclave de leur volont\u00e9.\u2022\tIls ont une guerre \u00e0 faire contre la Russie. C\u2019est la leur, c\u2019est leurs affaires et celle de vos Oligarques archi corrompus et motiv\u00e9s uniquement par le profit et l\u2019enrichissement personnel. Ceux-l\u00e0 vous envoient \u00e0 la mort contre vos fr\u00e8res russes, cependant que les entreprises europ\u00e9ennes et am\u00e9ricaines du complexe militaro-industriel s\u2019engraissent avec la pourriture de vos cadavres, et alors que les entreprises occidentales du BTP, les cimenteries et les aci\u00e9ries lorgnes d\u00e9j\u00e0 les prodigieux profits de la future reconstruction lesquels seront d\u2019autant plus juteux que les destructions auront \u00e9t\u00e9 plus vastes.\u2022\tPeuple Ukrainien, cette guerre n\u2019est pas la tienne. Le conflit territorial n\u2019est qu\u2019un pr\u00e9texte et ton peuple n\u2019est concern\u00e9 qu\u2019au titre de \u00ab vile main d\u2019\u0153uvre \u00bb, pour servir les int\u00e9r\u00eats am\u00e9ricains.\u2022\tLa reconqu\u00eate des territoires perdus n\u2019est qu\u2019un leurre. Peuple ukrainien tu n\u2019en viendras pas \u00e0 bout, et si d\u2019aventure ils devaient \u00eatre repris \u00e0 la Russie ce ne serait pas au b\u00e9n\u00e9fice de l\u2019Ukraine mais \u00e0 celui de l\u2019imp\u00e9rialisme Am\u00e9ricain. Les USA voudrez bien s\u00fbr que la Crim\u00e9e revienne \u00e0 l\u2019Ukraine, oui mais \u00e0 \u00ab leur \u00bb Ukraine OTANIs\u00e9e et servile sous \u00ab le talon de fer \u00bb de l\u2019oncle Sam, afin d\u2019y installer des bases am\u00e9ricaines et de s\u2019emparer du contr\u00f4le de la mer noire \u00e0 la place de la Russie. Or se \u00ab r\u00eave am\u00e9ricain \u00bb d\u2019un nouveau genre et de l\u2019ordre du fantasme, irr\u00e9alisable car il s\u2019agit l\u00e0 d\u2019une question existentielle pour la Russie et la persistance de la volont\u00e9 occidentale de lui prendre la Crim\u00e9e pr\u00e9cipiterait de mani\u00e8re certaine le monde dans l\u2019Apocalypse. Mais pour l\u2019imm\u00e9diat, ce que veulent surtout les maitres am\u00e9ricains, ce n\u2019est peut-\u00eatre point tant prendre la Crim\u00e9e, c\u2019est nuire le plus possible \u00e0 la Russie en prolongeant cette guerre au prix de votre sang.\u2022\tAlors, mes s\u0153urs et fr\u00e8res, peuple Ukrainien, cesse de te soumettre \u00e0 la volont\u00e9 \u00e9trang\u00e8re de tes v\u00e9ritables assassins dont tes gouvernants actuels sont les complices. Refuse de mourir encore pour les int\u00e9r\u00eats de l\u2019imp\u00e9rialisme occidental, refuse de te faire mener \u00e0 l\u2019abattoir comme un troupeau de moutons. Insurges-toi!\u2022\t\u2022\t5 \u2013 CROSSES EN L\u2019AIR ET ROMPEZ LES RANGS\u2022\tLa Russie veut assurer sa propre s\u00e9curit\u00e9, Est-ce vraiment sans justification ? Apparemment pas si l\u2019on en croit (vous les entendez comme moi) les d\u00e9clarations et professions de foi fracassantes des responsables de l\u2019OTAN, des dirigeants am\u00e9ricains et europ\u00e9en et bien s\u00fbr des repr\u00e9sentants de votre propre gouvernement, qui affirment \u00e0 pr\u00e9sent ouvertement vouloir r\u00e9duire la Russie. De tels desseins conduisent \u00e0 la prolongation et \u00e0 l\u2019amplification du conflit au d\u00e9triment des peuples et en tout premier lieu du votre, tout droit vers une troisi\u00e8me guerre mondiale et avec le risque de d\u00e9rapage nucl\u00e9aire qui mettrait en p\u00e9ril l\u2019existence m\u00eame de l\u2019humanit\u00e9 toute enti\u00e8re. Comme nous, peuple ukrainien, tu ne veux pas de \u00e7a. Alors : \u2022\tL\u2019Ukraine elle peut vivre \u00ab ind\u00e9pendante et en paix \u00bb si elle refuse de se donner \u00e0 l\u2019imp\u00e9rialisme occidental, si elle consent \u00e0 prendre en compte les pr\u00e9occupations de s\u00e9curit\u00e9 strat\u00e9gique de la Russie en adoptant un statut de neutralit\u00e9.\u2022\tSi l\u2019Ukraine cesse de subordonner son destin aux int\u00e9r\u00eats occidentaux, et c\u2019est la seule v\u00e9ritable voie pour reprendre le contr\u00f4le de sa propre destin\u00e9e, si elle retrouve le seul chemin possible d\u2019une v\u00e9ritable ind\u00e9pendance (non factice) alors cette guerre qui n\u2019a pas de sens \u00e0 son sens cessera imm\u00e9diatement. \u2022\t\u2022\tUkraine, soul\u00e8ves toi !\u2022\t\u2022\tPatrick Seignon. \u00ab lavoiedessansvoix.fr \u00bb mardi 18 juillet 2023.\u2022\t\u2022<\/p>\n","protected":false},"excerpt":{"rendered":"<p>\u2022 ADRESSE A MES S\u0152URS ET FR\u00c8RES UKRAINIENS\u2022 1 \u2013 La voix de la raison.\u2022 Tous les peuples sont fr\u00e8res. [&hellip;]<\/p>\n","protected":false},"author":1,"featured_media":4009,"comment_status":"open","ping_status":"open","sticky":false,"template":"","format":"standard","meta":{"sfsi_plus_gutenberg_text_before_share":"","sfsi_plus_gutenberg_show_text_before_share":"","sfsi_plus_gutenberg_icon_type":"","sfsi_plus_gutenberg_icon_alignemt":"","sfsi_plus_gutenburg_max_per_row":"","site-sidebar-layout":"default","site-content-layout":"","ast-site-content-layout":"default","site-content-style":"default","site-sidebar-style":"default","ast-global-header-display":"","ast-banner-title-visibility":"","ast-main-header-display":"","ast-hfb-above-header-display":"","ast-hfb-below-header-display":"","ast-hfb-mobile-header-display":"","site-post-title":"","ast-breadcrumbs-content":"","ast-featured-img":"","footer-sml-layout":"","ast-disable-related-posts":"","theme-transparent-header-meta":"","adv-header-id-meta":"","stick-header-meta":"","header-above-stick-meta":"","header-main-stick-meta":"","header-below-stick-meta":"","astra-migrate-meta-layouts":"default","ast-page-background-enabled":"default","ast-page-background-meta":{"desktop":{"background-color":"var(--ast-global-color-4)","background-image":"","background-repeat":"repeat","background-position":"center center","background-size":"auto","background-attachment":"scroll","background-type":"","background-media":"","overlay-type":"","overlay-color":"","overlay-opacity":"","overlay-gradient":""},"tablet":{"background-color":"","background-image":"","background-repeat":"repeat","background-position":"center center","background-size":"auto","background-attachment":"scroll","background-type":"","background-media":"","overlay-type":"","overlay-color":"","overlay-opacity":"","overlay-gradient":""},"mobile":{"background-color":"","background-image":"","background-repeat":"repeat","background-position":"center center","background-size":"auto","background-attachment":"scroll","background-type":"","background-media":"","overlay-type":"","overlay-color":"","overlay-opacity":"","overlay-gradient":""}},"ast-content-background-meta":{"desktop":{"background-color":"var(--ast-global-color-5)","background-image":"","background-repeat":"repeat","background-position":"center center","background-size":"auto","background-attachment":"scroll","background-type":"","background-media":"","overlay-type":"","overlay-color":"","overlay-opacity":"","overlay-gradient":""},"tablet":{"background-color":"var(--ast-global-color-5)","background-image":"","background-repeat":"repeat","background-position":"center center","background-size":"auto","background-attachment":"scroll","background-type":"","background-media":"","overlay-type":"","overlay-color":"","overlay-opacity":"","overlay-gradient":""},"mobile":{"background-color":"var(--ast-global-color-5)","background-image":"","background-repeat":"repeat","background-position":"center center","background-size":"auto","background-attachment":"scroll","background-type":"","background-media":"","overlay-type":"","overlay-color":"","overlay-opacity":"","overlay-gradient":""}},"footnotes":""},"categories":[16],"tags":[],"class_list":["post-431","post","type-post","status-publish","format-standard","has-post-thumbnail","hentry","category-archives-cms"],"_links":{"self":[{"href":"https:\/\/lavoiedessansvoix.fr\/lavoie\/wp-json\/wp\/v2\/posts\/431","targetHints":{"allow":["GET"]}}],"collection":[{"href":"https:\/\/lavoiedessansvoix.fr\/lavoie\/wp-json\/wp\/v2\/posts"}],"about":[{"href":"https:\/\/lavoiedessansvoix.fr\/lavoie\/wp-json\/wp\/v2\/types\/post"}],"author":[{"embeddable":true,"href":"https:\/\/lavoiedessansvoix.fr\/lavoie\/wp-json\/wp\/v2\/users\/1"}],"replies":[{"embeddable":true,"href":"https:\/\/lavoiedessansvoix.fr\/lavoie\/wp-json\/wp\/v2\/comments?post=431"}],"version-history":[{"count":1,"href":"https:\/\/lavoiedessansvoix.fr\/lavoie\/wp-json\/wp\/v2\/posts\/431\/revisions"}],"predecessor-version":[{"id":2881,"href":"https:\/\/lavoiedessansvoix.fr\/lavoie\/wp-json\/wp\/v2\/posts\/431\/revisions\/2881"}],"wp:featuredmedia":[{"embeddable":true,"href":"https:\/\/lavoiedessansvoix.fr\/lavoie\/wp-json\/wp\/v2\/media\/4009"}],"wp:attachment":[{"href":"https:\/\/lavoiedessansvoix.fr\/lavoie\/wp-json\/wp\/v2\/media?parent=431"}],"wp:term":[{"taxonomy":"category","embeddable":true,"href":"https:\/\/lavoiedessansvoix.fr\/lavoie\/wp-json\/wp\/v2\/categories?post=431"},{"taxonomy":"post_tag","embeddable":true,"href":"https:\/\/lavoiedessansvoix.fr\/lavoie\/wp-json\/wp\/v2\/tags?post=431"}],"curies":[{"name":"wp","href":"https:\/\/api.w.org\/{rel}","templated":true}]}}