{"id":429,"date":"2023-08-04T03:51:00","date_gmt":"2023-08-04T01:51:00","guid":{"rendered":"https:\/\/lavoiedessansvoix.fr\/lavoie\/2023\/08\/04\/archive-il-faut-refonder-le-syndicalisme-de-lutte-de-classe-et-independant\/"},"modified":"2026-04-26T20:29:31","modified_gmt":"2026-04-26T18:29:31","slug":"archive-il-faut-refonder-le-syndicalisme-de-lutte-de-classe-et-independant","status":"publish","type":"post","link":"https:\/\/lavoiedessansvoix.fr\/lavoie\/2023\/08\/04\/archive-il-faut-refonder-le-syndicalisme-de-lutte-de-classe-et-independant\/","title":{"rendered":"IL FAUT REFONDER LE SYNDICALISME (De lutte, de classe et ind\u00e9pendant)"},"content":{"rendered":"<p>IL FAUT REFONDER LE SYNDICALISME(De lutte, de classe et ind\u00e9pendant)Nous avons \u00e9crit et publier (\u00ab Les organisateurs de d\u00e9faites \u00bb 11 juillet 2923) un premier article de bilan et d\u2019analyse de la vaste mobilisation populaire du printemps 2023 contre le projet r\u00e9actionnaire de liquidation des acquis sociaux intitul\u00e9 \u00ab r\u00e9forme \u00bb des retraites.Nous avons expliqu\u00e9 dans ce premier article par quelle perversion politique, les directions syndicales conf\u00e9d\u00e9rales se sont faites les complices du pouvoir macronien et comment sous couvert de manifestation massives et de pr\u00e9tendu blocages (blocages bisounours), elles n\u2019avaient en v\u00e9rit\u00e9 voulu qu\u2019accompagner le mouvement afin de le canaliser. Leur soucis \u00e9tant d\u2019\u00e9viter un embrasement social incontr\u00f4lable.Mais il convient aujourd\u2019hui d\u2019\u00e9clairer d\u2019une lumi\u00e8re plus crue les dessous de cette trahison historique.Chacun se souviens qu\u2019il s\u2019agissait de \u00ab r\u00e9forme des syst\u00e8mes de retraites \u00bb. Or Macron avait renonc\u00e9 \u00e0 son projet initial de \u00ab retraite par points \u00bb qui devait liquider le syst\u00e8me \u00ab par r\u00e9partition \u00bb fond\u00e9 sur la solidarit\u00e9 interg\u00e9n\u00e9rationnelle Or, la revendication du mouvement se focalisa contre le recul de 2 ans de l\u2019\u00e2ge limite de d\u00e9part (de 62 \u00e0 64 ans). Ce qui contenait d\u00e9j\u00e0 une trahison majeure de l\u2019esprit du mouvement contestataire puisque la revendication initiale de celui-ci \u00e9tait le retour \u00e0 l\u2019\u00e2ge de d\u00e9part \u00e0 60 ans.Mais s\u2019il ne s\u2019\u00e9tait agit vraiment que de la limite d\u2019\u00e2ge de d\u00e9part en quoi cette loi aurait-elle m\u00e9rit\u00e9 le qualificatif de \u00ab r\u00e9forme \u00bb ? S\u2019il ne s\u2019\u00e9tait agi que du recul de deux ans de l\u2019\u00e2ge limite de d\u00e9part, cela relevait d\u2019un simple \u00ab amendement \u00e0 la r\u00e9forme pr\u00e9c\u00e9dente de 2010 (Sarkozy\/Eric Woerth), et ne m\u00e9ritait en aucun cas le titre pr\u00e9tentieux de \u00ab r\u00e9forme \u00bbLa r\u00e9ponse \u00e0 cette question, pour ceux \u00e0 qui elle avait \u00e9chapp\u00e9e, vient d\u2019arriver ces jours-ci avec les d\u00e9crets d\u2019application portant liquidation des \u00ab r\u00e9gimes sp\u00e9ciaux de retraites \u00bb. Des dizaines de milliers de salari\u00e9s qui b\u00e9n\u00e9ficiaient de r\u00e9gimes de retraite particuliers li\u00e9s \u00e0 l\u2019histoire ou aux conditions sp\u00e9cifiques de leur profession ou \u00e0 l\u2019Histoire des luttes sociales, ramen\u00e9s au r\u00e9gime g\u00e9n\u00e9ral d\u2019un trait de crayon ; Des millions d\u2019euros ainsi r\u00e9cup\u00e9r\u00e9s par les patrons ou capt\u00e9 par le syst\u00e8me financier. Voil\u00e0 en quoi l\u2019Oukase (ce n\u2019est pas une loi elle n&rsquo;a pas \u00e9t\u00e9 vot\u00e9) Macron\/Borne m\u00e9rite son titre de \u00ab R\u00e9forme \u00bb m\u00eame si ce n\u2019est qu\u2019une r\u00e9forme r\u00e9gressive ou  \u00ab\u00a0contre-r\u00e9forme\u00a0\u00bb\u00bb. Or, vous en souviennes, focalis\u00e9 sur la seule question du recul de l\u2019\u00e2ge de d\u00e9part \u00e0 la retraite, plus personne ne parlait vraiment, depuis belle lurette, de la liquidation des r\u00e9gimes sp\u00e9ciaux. Ne peut-on pas en d\u00e9duire que la focalisation sur les 64 ans \u00e9tait d\u00e9j\u00e0 une mani\u00e8re de trahison \u00e0 l\u2019\u00e9gard des b\u00e9n\u00e9ficiaires des r\u00e9gimes sp\u00e9ciaux ? L\u2019intersyndicale aurait-elle voulu expr\u00e8s focaliser sur les 64 ans afin de faire oublier qu\u2019elle avait d\u00e9j\u00e0 vendu les r\u00e9gimes sp\u00e9ciaux ? La strat\u00e9gie de lutte : Unit\u00e9 de l\u2019intersyndicale, manifestation de masse, gr\u00e8ves circonscrites, blocages bisounours, conduisait de mani\u00e8re certaine dans une impasse. Mais ce n\u2019est pas \u00e0 l\u2019issue d\u2019un combat r\u00e9solu que l\u2019intersyndicale a \u00e9t\u00e9 accul\u00e9e \u00e0 la d\u00e9faite. \u00c7a n\u2019est pas du fait de contingences impr\u00e9visibles, d\u2019un rapport de force d\u00e9favorable : gouvernement plus fort ou contestation insuffisante ou insuffisamment d\u00e9termin\u00e9e. Ce n\u2019est pas par inadvertance que l\u2019intersyndicale a conduit le mouvement dans le mur qui ferme toujours le fond de l\u2019impasse. C\u2019est la cons\u00e9quence d\u2019un choix d\u00e9lib\u00e9r\u00e9. Ils n\u2019ont pas trahi par b\u00eatise ou couardise, ils l\u2019ont fait sciemment. Ces directions syndicales l\u00e0 ont agit comme des officines du pouvoir infiltr\u00e9es dans le mouvement syndical.On ne peut pas se limiter \u00e0 exiger que les directions syndicales se \u00ab r\u00e9forment \u00bb elles-m\u00eames, qu\u2019elles adoptent un cours nouveau, qu\u2019elles fassent la politique qu\u2019elles ne veulent pas faire.Le temps est venu des solutions radicales.Que doit-il en advenir ?Faut-il tourner le dos aux syndicats ?Certainement pas. Nous l\u2019avons d\u00e9j\u00e0 dit. Ce n\u2019est pas le principe syndical qui est en cause, mais l\u2019int\u00e9gration des directions syndicales conf\u00e9d\u00e9rales et de certaines f\u00e9d\u00e9rations au syst\u00e8me.Des syndicalistes int\u00e8gres doivent-ils se porter \u00e0 la direction des syndicats pour les changer de l\u2019int\u00e9rieur ? Certainement pas non plus. Il s\u2019agit d\u2019un syst\u00e8me et en l\u2019investissant on a tous les risques de se pervertir soi-m\u00eame.Faut-il cr\u00e9er un nouveau syndicat bien propre et bien int\u00e8gre. Absolument pas non plus ; \u00c7a ne ferait qu\u2019accroitre la division et d\u2019ailleurs cela a d\u00e9j\u00e0 \u00e9t\u00e9 fait il n\u2019y a pas si longtemps avec la cr\u00e9ation des SUD, pour un r\u00e9sultat, comme on le voit, peu probant en ce qui concerne l\u2019\u00e9volution du syndicalisme en France..Non !Ce qu\u2019il faut c\u2019est cr\u00e9er, souder, former, une opposition intersyndicale unitaire ; capable d\u2019impulser et d\u2019organiser elle-m\u00eame la lutte, au moins dans certains secteurs, et au moment opportun d\u2019organiser le d\u00e9bordement des consignes conf\u00e9d\u00e9rales. \u00c9ventuellement de s\u2019emparer alors des directions syndicales f\u00e9d\u00e9rales et conf\u00e9d\u00e9rales ; mais non pas comme des individus isol\u00e9s se croyant plus malins que la moyenne, mais comme les repr\u00e9sentants d\u2019une association, les ex\u00e9cuteurs d\u2019une volont\u00e9 collective. Un peu comme fit en son temps la VO (vie ouvri\u00e8re) des origines sous la direction de Pierre Monatte, qui \u00e9tait en v\u00e9rit\u00e9 la voie du syndicalisme r\u00e9volutionnaire de classe et ind\u00e9pendant et s\u2019opposa durant la premi\u00e8re guerre mondiale \u00e0 \u00ab l\u2019union Sacr\u00e9e \u00bb dans laquelle L\u00e9on Jouhaux avait compromis la CGT. Voil\u00e0 ce qui me parait-\u00eatre la t\u00e2che du moment, la mission \u00e0 laquelle doit s\u2019atteler, \u00e0 mon sens,  le collectif \u00ab Ne tournons pas la page \u00bb.Patrick Seignon. \u00ab lavoiedessansvoix.fr \u00bb. Vendredi 4 ao\u00fbt 2023.<\/p>\n","protected":false},"excerpt":{"rendered":"<p>IL FAUT REFONDER LE SYNDICALISME(De lutte, de classe et ind\u00e9pendant)Nous avons \u00e9crit et publier (\u00ab Les organisateurs de d\u00e9faites \u00bb [&hellip;]<\/p>\n","protected":false},"author":1,"featured_media":4007,"comment_status":"open","ping_status":"open","sticky":false,"template":"","format":"standard","meta":{"sfsi_plus_gutenberg_text_before_share":"","sfsi_plus_gutenberg_show_text_before_share":"","sfsi_plus_gutenberg_icon_type":"","sfsi_plus_gutenberg_icon_alignemt":"","sfsi_plus_gutenburg_max_per_row":"","site-sidebar-layout":"default","site-content-layout":"","ast-site-content-layout":"default","site-content-style":"default","site-sidebar-style":"default","ast-global-header-display":"","ast-banner-title-visibility":"","ast-main-header-display":"","ast-hfb-above-header-display":"","ast-hfb-below-header-display":"","ast-hfb-mobile-header-display":"","site-post-title":"","ast-breadcrumbs-content":"","ast-featured-img":"","footer-sml-layout":"","ast-disable-related-posts":"","theme-transparent-header-meta":"","adv-header-id-meta":"","stick-header-meta":"","header-above-stick-meta":"","header-main-stick-meta":"","header-below-stick-meta":"","astra-migrate-meta-layouts":"default","ast-page-background-enabled":"default","ast-page-background-meta":{"desktop":{"background-color":"var(--ast-global-color-4)","background-image":"","background-repeat":"repeat","background-position":"center center","background-size":"auto","background-attachment":"scroll","background-type":"","background-media":"","overlay-type":"","overlay-color":"","overlay-opacity":"","overlay-gradient":""},"tablet":{"background-color":"","background-image":"","background-repeat":"repeat","background-position":"center center","background-size":"auto","background-attachment":"scroll","background-type":"","background-media":"","overlay-type":"","overlay-color":"","overlay-opacity":"","overlay-gradient":""},"mobile":{"background-color":"","background-image":"","background-repeat":"repeat","background-position":"center center","background-size":"auto","background-attachment":"scroll","background-type":"","background-media":"","overlay-type":"","overlay-color":"","overlay-opacity":"","overlay-gradient":""}},"ast-content-background-meta":{"desktop":{"background-color":"var(--ast-global-color-5)","background-image":"","background-repeat":"repeat","background-position":"center center","background-size":"auto","background-attachment":"scroll","background-type":"","background-media":"","overlay-type":"","overlay-color":"","overlay-opacity":"","overlay-gradient":""},"tablet":{"background-color":"var(--ast-global-color-5)","background-image":"","background-repeat":"repeat","background-position":"center center","background-size":"auto","background-attachment":"scroll","background-type":"","background-media":"","overlay-type":"","overlay-color":"","overlay-opacity":"","overlay-gradient":""},"mobile":{"background-color":"var(--ast-global-color-5)","background-image":"","background-repeat":"repeat","background-position":"center center","background-size":"auto","background-attachment":"scroll","background-type":"","background-media":"","overlay-type":"","overlay-color":"","overlay-opacity":"","overlay-gradient":""}},"footnotes":""},"categories":[16],"tags":[],"class_list":["post-429","post","type-post","status-publish","format-standard","has-post-thumbnail","hentry","category-archives-cms"],"_links":{"self":[{"href":"https:\/\/lavoiedessansvoix.fr\/lavoie\/wp-json\/wp\/v2\/posts\/429","targetHints":{"allow":["GET"]}}],"collection":[{"href":"https:\/\/lavoiedessansvoix.fr\/lavoie\/wp-json\/wp\/v2\/posts"}],"about":[{"href":"https:\/\/lavoiedessansvoix.fr\/lavoie\/wp-json\/wp\/v2\/types\/post"}],"author":[{"embeddable":true,"href":"https:\/\/lavoiedessansvoix.fr\/lavoie\/wp-json\/wp\/v2\/users\/1"}],"replies":[{"embeddable":true,"href":"https:\/\/lavoiedessansvoix.fr\/lavoie\/wp-json\/wp\/v2\/comments?post=429"}],"version-history":[{"count":1,"href":"https:\/\/lavoiedessansvoix.fr\/lavoie\/wp-json\/wp\/v2\/posts\/429\/revisions"}],"predecessor-version":[{"id":2877,"href":"https:\/\/lavoiedessansvoix.fr\/lavoie\/wp-json\/wp\/v2\/posts\/429\/revisions\/2877"}],"wp:featuredmedia":[{"embeddable":true,"href":"https:\/\/lavoiedessansvoix.fr\/lavoie\/wp-json\/wp\/v2\/media\/4007"}],"wp:attachment":[{"href":"https:\/\/lavoiedessansvoix.fr\/lavoie\/wp-json\/wp\/v2\/media?parent=429"}],"wp:term":[{"taxonomy":"category","embeddable":true,"href":"https:\/\/lavoiedessansvoix.fr\/lavoie\/wp-json\/wp\/v2\/categories?post=429"},{"taxonomy":"post_tag","embeddable":true,"href":"https:\/\/lavoiedessansvoix.fr\/lavoie\/wp-json\/wp\/v2\/tags?post=429"}],"curies":[{"name":"wp","href":"https:\/\/api.w.org\/{rel}","templated":true}]}}