{"id":428,"date":"2023-08-19T11:58:00","date_gmt":"2023-08-19T09:58:00","guid":{"rendered":"https:\/\/lavoiedessansvoix.fr\/lavoie\/2023\/08\/19\/archive-la-quille-ne-tournons-pas-la-page\/"},"modified":"2026-04-26T20:29:23","modified_gmt":"2026-04-26T18:29:23","slug":"archive-la-quille-ne-tournons-pas-la-page","status":"publish","type":"post","link":"https:\/\/lavoiedessansvoix.fr\/lavoie\/2023\/08\/19\/archive-la-quille-ne-tournons-pas-la-page\/","title":{"rendered":"\u00ab LA QUILLE \u00bb \u00ab Ne tournons pas la page \u00bb"},"content":{"rendered":"<p>\u00ab LA QUILLE \u00bb\u00ab Ne tournons pas la page \u00bbIl y a d\u00e9j\u00e0 de nombreuses ann\u00e9es, du temps de \u00ab la r\u00e9forme Sarkozy des retraites, j\u2019avais \u00e9crit le texte de cette \u00ab chanson d\u00e9tourn\u00e9e \u00bb (\u00ab Le gorille \u00bb de Georges Brassens). C\u2019\u00e9tait pour mettre de la bonne humeur et de la gouaille, mais aussi pourquoi pas un brin de r\u00e9flexion, lors de la f\u00eate de d\u00e9part d\u2019un coll\u00e8gue ami et camarade de quelques \u00ab moissons \u00bb mon cadet. Elle n\u2019a \u00e0 ce jour, paradoxalement rien perdu de sa fraicheur, de son actualit\u00e9 ni de sa pertinence. Le temps lui a fait l\u2019effet qu\u2019il fait aux bons vins.Je vous l\u2019offre : A toutes celles et ceux qui se sont battu contre l\u2019oukase 2023, Macron\/Borne sur les retraites, et contre toutes les contres r\u00e9formes qui l\u2019ont pr\u00e9c\u00e9d\u00e9. A tous ceux qui sont destin\u00e9 \u00e0 souffrir des cons\u00e9quences d\u00e9sastreuses de ces agressions contre les droits des travailleurs. A tous ceux qui \u00ab ne tournent pas la page \u00bb et sont bien d\u00e9termin\u00e9s \u00e0 poursuivre le combat pour le retour \u00e0 la retraite \u00e0 soixante ans et la restauration des r\u00e9gimes sp\u00e9ciaux.A tous ceux-l\u00e0 j\u2019offre ce texte embl\u00e9matique.P.S., 19 ao\u00fbt 2023LA QUILLEC\u2019est \u00e0 travers l\u2019\u00e9troite grilleDe leurs int\u00e9r\u00eats bien sentisQue les patrons et leurs gorillesLe droit de glander nous d\u00e9ni.Avec impudence les comp\u00e8resDisent qu\u2019il faut travailler plusEux qui n\u2019ont jamais, bonne m\u00e8re,Rien fait qu\u2019de nous pomper le jus.Vive la quille !Ceux-l\u00e0 m\u00eame qui nagu\u00e8reBattaient la coulpe des \u00ab Egaux \u00bbVantent les vertus \u00e9galitairesTous les pauvres au m\u00eame niveau :Qu\u2019ils triment leur vie de gal\u00e8rePuisque de ramer c\u2019est leur sorsQuand ils cessent qu\u2019on les enterreLa retraite c\u2019est quand ils sont morts.\u2026 Vache de quille !Voil\u00e0 que le tran-tran moroseQue menait ce bel animalS\u2019arr\u00eate, on ne sait pourquoi, je supposeQu\u2019il arrivait au terminal.Yvon* en sortant de sa \u00ab loc \u00bbDit c\u2019est aujourd\u2019hui que j\u2019la prendsN\u2019parlait pas de cocher ce coqMais d\u2019la retraite, \u00e7a vous surprend.Vive la quilleLa tauli\u00e8re de cette m\u00e9nagerieCriait \u00e9perdue, non de non,C\u2019est assommant car ce pupilleN\u2019a pas quarante annuit\u00e9s tout de bon.Quand la mis\u00e8re et l\u2019indigenceSurent qu\u2019Yvon n\u2019\u00e9tait pas vieuxPlut\u00f4t qu\u2019d\u2019applaudir \u00e0 sa chance,Maugr\u00e9\u00e8rent les envieux,\u2026. Contre la quille.Qu\u2019on abolisse l\u2019exorbitantPrivil\u00e8ge de leur cong\u00e9n\u00e8re.Bollor\u00e9 prosp\u00e8re et s\u00e9antFaut qu\u2019il \u00e9marge son feudataire.Avec l\u2019argent de nos retraitesIl pourra offrir \u00e0 ButorL\u2019Titanic pour qu\u2019il se la p\u00e8teAvec les cales bourr\u00e9es d\u2019or.Vive la quille !Le partage de la mis\u00e8reC\u2019est ce que d\u2019autre ont baptis\u00e9,Le langage a bien des myst\u00e8res ;\u00ab Nouvelles solidarit\u00e9s \u00bb.Leurs coffres, leurs poches, leurs assiettes,Regorgent \u00e0 en d\u00e9gobiller,La pl\u00e8be se bat pour les miettes,Les riches peuvent festoyer.Vive la quille !S\u2019il para\u00eet que les bonnes chosesOnt \u00e9galement une fin, Les retraites comme les roses,Si l\u2019on court tout droit au sapin :Grand Dieu surtout pas de \u00ab Sarkose \u00bb,Surtout pas de trop de chagrinS\u2019il nous faut mourir d\u2019overdoseQue ce soit d\u2019amour et de vin.Vive la quille !Patrick Seignon9 novembre 2007.<\/p>\n","protected":false},"excerpt":{"rendered":"<p>\u00ab LA QUILLE \u00bb\u00ab Ne tournons pas la page \u00bbIl y a d\u00e9j\u00e0 de nombreuses ann\u00e9es, du temps de \u00ab [&hellip;]<\/p>\n","protected":false},"author":1,"featured_media":4006,"comment_status":"open","ping_status":"open","sticky":false,"template":"","format":"standard","meta":{"sfsi_plus_gutenberg_text_before_share":"","sfsi_plus_gutenberg_show_text_before_share":"","sfsi_plus_gutenberg_icon_type":"","sfsi_plus_gutenberg_icon_alignemt":"","sfsi_plus_gutenburg_max_per_row":"","site-sidebar-layout":"default","site-content-layout":"","ast-site-content-layout":"default","site-content-style":"default","site-sidebar-style":"default","ast-global-header-display":"","ast-banner-title-visibility":"","ast-main-header-display":"","ast-hfb-above-header-display":"","ast-hfb-below-header-display":"","ast-hfb-mobile-header-display":"","site-post-title":"","ast-breadcrumbs-content":"","ast-featured-img":"","footer-sml-layout":"","ast-disable-related-posts":"","theme-transparent-header-meta":"","adv-header-id-meta":"","stick-header-meta":"","header-above-stick-meta":"","header-main-stick-meta":"","header-below-stick-meta":"","astra-migrate-meta-layouts":"default","ast-page-background-enabled":"default","ast-page-background-meta":{"desktop":{"background-color":"var(--ast-global-color-4)","background-image":"","background-repeat":"repeat","background-position":"center center","background-size":"auto","background-attachment":"scroll","background-type":"","background-media":"","overlay-type":"","overlay-color":"","overlay-opacity":"","overlay-gradient":""},"tablet":{"background-color":"","background-image":"","background-repeat":"repeat","background-position":"center center","background-size":"auto","background-attachment":"scroll","background-type":"","background-media":"","overlay-type":"","overlay-color":"","overlay-opacity":"","overlay-gradient":""},"mobile":{"background-color":"","background-image":"","background-repeat":"repeat","background-position":"center center","background-size":"auto","background-attachment":"scroll","background-type":"","background-media":"","overlay-type":"","overlay-color":"","overlay-opacity":"","overlay-gradient":""}},"ast-content-background-meta":{"desktop":{"background-color":"var(--ast-global-color-5)","background-image":"","background-repeat":"repeat","background-position":"center center","background-size":"auto","background-attachment":"scroll","background-type":"","background-media":"","overlay-type":"","overlay-color":"","overlay-opacity":"","overlay-gradient":""},"tablet":{"background-color":"var(--ast-global-color-5)","background-image":"","background-repeat":"repeat","background-position":"center center","background-size":"auto","background-attachment":"scroll","background-type":"","background-media":"","overlay-type":"","overlay-color":"","overlay-opacity":"","overlay-gradient":""},"mobile":{"background-color":"var(--ast-global-color-5)","background-image":"","background-repeat":"repeat","background-position":"center center","background-size":"auto","background-attachment":"scroll","background-type":"","background-media":"","overlay-type":"","overlay-color":"","overlay-opacity":"","overlay-gradient":""}},"footnotes":""},"categories":[16],"tags":[],"class_list":["post-428","post","type-post","status-publish","format-standard","has-post-thumbnail","hentry","category-archives-cms"],"_links":{"self":[{"href":"https:\/\/lavoiedessansvoix.fr\/lavoie\/wp-json\/wp\/v2\/posts\/428","targetHints":{"allow":["GET"]}}],"collection":[{"href":"https:\/\/lavoiedessansvoix.fr\/lavoie\/wp-json\/wp\/v2\/posts"}],"about":[{"href":"https:\/\/lavoiedessansvoix.fr\/lavoie\/wp-json\/wp\/v2\/types\/post"}],"author":[{"embeddable":true,"href":"https:\/\/lavoiedessansvoix.fr\/lavoie\/wp-json\/wp\/v2\/users\/1"}],"replies":[{"embeddable":true,"href":"https:\/\/lavoiedessansvoix.fr\/lavoie\/wp-json\/wp\/v2\/comments?post=428"}],"version-history":[{"count":1,"href":"https:\/\/lavoiedessansvoix.fr\/lavoie\/wp-json\/wp\/v2\/posts\/428\/revisions"}],"predecessor-version":[{"id":2875,"href":"https:\/\/lavoiedessansvoix.fr\/lavoie\/wp-json\/wp\/v2\/posts\/428\/revisions\/2875"}],"wp:featuredmedia":[{"embeddable":true,"href":"https:\/\/lavoiedessansvoix.fr\/lavoie\/wp-json\/wp\/v2\/media\/4006"}],"wp:attachment":[{"href":"https:\/\/lavoiedessansvoix.fr\/lavoie\/wp-json\/wp\/v2\/media?parent=428"}],"wp:term":[{"taxonomy":"category","embeddable":true,"href":"https:\/\/lavoiedessansvoix.fr\/lavoie\/wp-json\/wp\/v2\/categories?post=428"},{"taxonomy":"post_tag","embeddable":true,"href":"https:\/\/lavoiedessansvoix.fr\/lavoie\/wp-json\/wp\/v2\/tags?post=428"}],"curies":[{"name":"wp","href":"https:\/\/api.w.org\/{rel}","templated":true}]}}