{"id":425,"date":"2023-09-19T04:19:00","date_gmt":"2023-09-19T02:19:00","guid":{"rendered":"https:\/\/lavoiedessansvoix.fr\/lavoie\/2023\/09\/19\/archive-comment-expliquer-l-insignifiance-de-la-mobilisation-anti-guerre-en-france\/"},"modified":"2026-04-26T20:28:55","modified_gmt":"2026-04-26T18:28:55","slug":"archive-comment-expliquer-l-insignifiance-de-la-mobilisation-anti-guerre-en-france","status":"publish","type":"post","link":"https:\/\/lavoiedessansvoix.fr\/lavoie\/2023\/09\/19\/archive-comment-expliquer-l-insignifiance-de-la-mobilisation-anti-guerre-en-france\/","title":{"rendered":"COMMENT EXPLIQUER L\u2019INSIGNIFIANCE DE LA MOBILISATION ANTI-GUERRE EN FRANCE ?"},"content":{"rendered":"<p>COMMENT EXPLIQUER L\u2019INSIGNIFIANCE DE LA MOBILISATION ANTI-GUERRE EN FRANCE ?Des \u00e9v\u00e8nements graves se d\u00e9roulent actuellement au centre de l\u2019Europe. Une guerre meurtri\u00e8re et destructrice, une surench\u00e8re guerri\u00e8re dangereuse qui pourrait d\u00e9g\u00e9n\u00e9rer en conflit mondial g\u00e9n\u00e9ralis\u00e9e voire en guerre nucl\u00e9aire. Or, pr\u00e9occup\u00e9e d\u2019emplois, de ch\u00f4mage, de pr\u00e9carit\u00e9, de retraites, de salaires et d\u2019inflation, ce qui est tout \u00e0 fait l\u00e9gitime par ailleurs, l\u2019opinion fran\u00e7aise semble rester impavide face au danger d\u2019apocalypse qui menace l\u2019humanit\u00e9.Il y a eu, des mobilisations significatives et m\u00eame parfois importantes, dans de nombreux pays europ\u00e9ens, contre la guerre en Ukraine, contre l\u2019escalade guerri\u00e8re, contre la fourniture d\u2019armements, pour une paix n\u00e9goci\u00e9e. Or la France \u00ab Pays des droits de l\u2019Homme \u00bb, patrie de Jean-Jaur\u00e8s, fait en la circonstance figure de mauvais \u00e9l\u00e8ve. Pourquoi ?Voil\u00e0 un questionnement qui n\u2019a pas \u00e9chapp\u00e9 \u00e0 Roland Nivet, secr\u00e9taire national et porte-parole du mouvement de la paix. Un questionnement dont il s\u2019est \u00e9panch\u00e9 \u00e0 plusieurs reprises dans ses interventions ces 15, 16 et 17 septembre \u00e0 la \u00ab F\u00eate de l\u2019Humanit\u00e9 \u00bb lors de plusieurs meetings consacr\u00e9s \u00e0 la guerre en Ukraine et \u00e0 l\u2019exigence de paix.Une chose l\u2019interpelle. Nous \u00e9tions des millions dit-il, mobilis\u00e9s contre la guerre en Irak, alors que la guerre actuelle en Ukraine ne mobilise que peu de monde chez nous. D\u2019o\u00f9 cela vient-il ?Que Monsieur Roland Nivet, j\u2019oserai dire \u00ab Camarade \u00bb, et vous autres amis lecteurs, veuillent excuser ce qui pourrait apparaitre fort immodeste de ma part, mais je poss\u00e8de la r\u00e9ponse \u00e0 ce questionnement.Je vous la livre :D\u00e9j\u00e0, lors de la \u00ab premi\u00e8re guerre \u00bb que l\u2019on appela du golfe, en 1991, malgr\u00e9 le contexte : invasion du Kowe\u00eft par l\u2019Irak et l\u2019ex\u00e9cration entretenue du personnage de Saddam Hussein, \u00ab  Ogre et dictateur \u00bb, il \u00e9tait apparu \u00e0 l\u2019Opinion que ces circonstances ne justifiaient en rien une agression imp\u00e9rialiste motiv\u00e9e en v\u00e9rit\u00e9 par la question du contr\u00f4le des sources d\u2019approvisionnement p\u00e9trolier et de motif g\u00e9ostrat\u00e9giques consistant \u00e0 r\u00e9duire toute puissance r\u00e9gionale afin d\u2019assurer la pr\u00e9\u00e9minence d\u2019Isra\u00ebl. Les choses \u00e9taient claires et le furent d\u2019avantages encore en 2003 quand Georges \u00ab dobeldiou \u00bb Busch, r\u00eavant d\u2019achever l\u2019\u0153uvre de son p\u00e8re entrepris sa croisade civilisationnelle contre ce Saladin contemporain qu\u2019\u00e9tait devenu Saddam Hussein, bien malgr\u00e9 lui. Les choses \u00e9taient claires dis-je, il s\u2019agissait d\u2019une agression imp\u00e9rialiste, n\u00e9ocoloniale, contre un \u00e9tat subalterne, et l\u2019opinion anti imp\u00e9rialiste et anticolonialiste y trouva ainsi toutes les bonnes raisons de s\u2019\u00e9mouvoir et de se mobiliser. Mais sur la question de la guerre en Ukraine les cartes ont \u00e9t\u00e9 brouill\u00e9es et le message fauss\u00e9.1)\tEn abandonnant le sovi\u00e9tisme la Russie est devenue un pays capitaliste, un imp\u00e9rialisme comme les autres. Il est ais\u00e9 d\u00e8s lors de renvoyer dos \u00e0 dos imp\u00e9rialismes am\u00e9ricain et Russe. Pas question de choisir entre l\u2019un et l\u2019autre. Voil\u00e0 donc un bon biais pour valider la propagande occidentale de diabolisation de Poutine et du r\u00e9gime politique russe. Voil\u00e0 \u00e0 point nomm\u00e9 un artifice facile pour s\u2019absoudre de l\u2019obligation de combattre son propre imp\u00e9rialisme. Alors certes on en fait la critique tout de m\u00eame, pour donner le change. Mais qu\u2019importe, celle-ci est inop\u00e9rante. D\u00e8s lors que l\u2019adversaire est r\u00e9put\u00e9 coupable et tout aussi pervers. On a, \u00e0 ce stade, sans s\u2019en apercevoir peut-\u00eatre, adopt\u00e9 le point de vue de son propre imp\u00e9rialisme. 2)\tLa datation du d\u00e9clenchement du conflit au 24 f\u00e9vrier 2022, et la d\u00e9signation qui en r\u00e9sulte de la Russie comme \u00ab agresseur, au sens du droit international, a pour effet d\u2019occulter les \u00e9v\u00e8nements ant\u00e9rieurs sciemment perp\u00e9tr\u00e9s par les occidentaux pour conduire \u00e0 la guerre, et qui, par-del\u00e0 les discours \u00e9mollients sur la paix et ses blanches colombes en g\u00e9n\u00e9ral, valide la rh\u00e9torique va-t\u2019en guerre. Ne faut-il pas punir le m\u00e9chant (imp\u00e9rialiste, dictateur et sanguinaire) ?3)\tLa Russie lan\u00e7ant une op\u00e9ration militaire \u00e0 l\u2019int\u00e9rieur des fronti\u00e8res de l\u2019Ukraine, le conflit a \u00e9t\u00e9 d\u2019abord per\u00e7u comme le r\u00e9sultat du seul diff\u00e9rend russo-ukrainien. Malgr\u00e9 l\u2019implication massive de l\u2019Occident dans cette guerre qui n\u2019aurait pu durer sans cela (soutien financier, logistique et militaire) certains s\u2019obstinent encore, presque deux ans plus tard, \u00e0 ne vouloir voir qu\u2019une guerre russo-ukrainienne, l\u00e0 o\u00f9 se joue en v\u00e9rit\u00e9, sur le sol ukrainien et au m\u00e9pris du peuple ukrainien, une confrontation russo-am\u00e9ricaine.En quelque sorte, Si l\u2019on veut \u00e9tablir des parall\u00e8les entre les mobilisations populaires contre la guerre d\u2019Irak et celle d\u2019Ukraine, il faut convenir de ceci : Qu\u2019importe la nature du r\u00e9gime russe et la personnalit\u00e9 du Pr\u00e9sident Poutine, rien ne justifie et ne justifiera jamais les manigances agressives de l\u2019imp\u00e9rialisme am\u00e9ricains qui a inscrit \u00e0 l\u2019ordre du jour de sa politique internationale le d\u00e9membrement de la Russie et le pillage de ses richesses.Durant huit ann\u00e9es (2014 \u00e0 2022) l\u2019Occident \u00e0 arm\u00e9 et pr\u00e9par\u00e9 militairement l\u2019Ukraine pour faire de celle-ci l\u2019instrument de son agression contre la Russie. La meilleure d\u00e9fense dit-on c\u2019est l\u2019attaque. L\u2019Ukraine et ses mentors pr\u00e9paraient une offensive massive sur le Donbass. Poutine n\u2019a pas attendu qu\u2019une pluie de feu s\u2019abatte sur ces territoires et ces populations. Il a pr\u00e9venu l\u2019attaque en attaquant d\u2019abord. Cela ne change rien \u00e0 la configuration des choses. L\u2019agression vient de l\u2019Occident, des desseins d\u2019h\u00e9g\u00e9monie plan\u00e9taire de l\u2019Imp\u00e9rialisme Am\u00e9ricain. C\u2019est pour l\u2019heure celui-ci qu\u2019il convient de stopper. C\u2019est \u00e0 celui-ci que les peuples mobilis\u00e9s se doivent de faire \u00e9chec et mat. C\u2019est \u00e0 celui-ci, \u00e0 notre propre imp\u00e9rialisme que nous devons infliger une d\u00e9faite car, la lutte contre la guerre imp\u00e9rialiste commence par la lutte pour la d\u00e9faite de son propre imp\u00e9rialisme.Contraindre l\u2019imp\u00e9rialisme Occidental (Am\u00e9ricain) \u00e0 n\u00e9gocier un accord de paix et de s\u00e9curit\u00e9 collective avec la Russie, voil\u00e0 la d\u00e9faite qu\u2019il convient de lui imposer.Voil\u00e0 l\u2019objectif, voil\u00e0 la clarification n\u00e9cessaire, voil\u00e0 la base sur laquelle on pourrait escompter construire, en France (et dans le monde) un vaste et puissant mouvement anti-guerre.Patrick Seignon. \u00ab lavoiedessansvoix.fr \u00bb. Lundi 18 septembre 2023. (Publi\u00e9 mardi 19\/9\/2023)<\/p>\n","protected":false},"excerpt":{"rendered":"<p>COMMENT EXPLIQUER L\u2019INSIGNIFIANCE DE LA MOBILISATION ANTI-GUERRE EN FRANCE ?Des \u00e9v\u00e8nements graves se d\u00e9roulent actuellement au centre de l\u2019Europe. Une [&hellip;]<\/p>\n","protected":false},"author":1,"featured_media":4003,"comment_status":"open","ping_status":"open","sticky":false,"template":"","format":"standard","meta":{"sfsi_plus_gutenberg_text_before_share":"","sfsi_plus_gutenberg_show_text_before_share":"","sfsi_plus_gutenberg_icon_type":"","sfsi_plus_gutenberg_icon_alignemt":"","sfsi_plus_gutenburg_max_per_row":"","site-sidebar-layout":"default","site-content-layout":"","ast-site-content-layout":"default","site-content-style":"default","site-sidebar-style":"default","ast-global-header-display":"","ast-banner-title-visibility":"","ast-main-header-display":"","ast-hfb-above-header-display":"","ast-hfb-below-header-display":"","ast-hfb-mobile-header-display":"","site-post-title":"","ast-breadcrumbs-content":"","ast-featured-img":"","footer-sml-layout":"","ast-disable-related-posts":"","theme-transparent-header-meta":"","adv-header-id-meta":"","stick-header-meta":"","header-above-stick-meta":"","header-main-stick-meta":"","header-below-stick-meta":"","astra-migrate-meta-layouts":"default","ast-page-background-enabled":"default","ast-page-background-meta":{"desktop":{"background-color":"var(--ast-global-color-4)","background-image":"","background-repeat":"repeat","background-position":"center center","background-size":"auto","background-attachment":"scroll","background-type":"","background-media":"","overlay-type":"","overlay-color":"","overlay-opacity":"","overlay-gradient":""},"tablet":{"background-color":"","background-image":"","background-repeat":"repeat","background-position":"center center","background-size":"auto","background-attachment":"scroll","background-type":"","background-media":"","overlay-type":"","overlay-color":"","overlay-opacity":"","overlay-gradient":""},"mobile":{"background-color":"","background-image":"","background-repeat":"repeat","background-position":"center center","background-size":"auto","background-attachment":"scroll","background-type":"","background-media":"","overlay-type":"","overlay-color":"","overlay-opacity":"","overlay-gradient":""}},"ast-content-background-meta":{"desktop":{"background-color":"var(--ast-global-color-5)","background-image":"","background-repeat":"repeat","background-position":"center center","background-size":"auto","background-attachment":"scroll","background-type":"","background-media":"","overlay-type":"","overlay-color":"","overlay-opacity":"","overlay-gradient":""},"tablet":{"background-color":"var(--ast-global-color-5)","background-image":"","background-repeat":"repeat","background-position":"center center","background-size":"auto","background-attachment":"scroll","background-type":"","background-media":"","overlay-type":"","overlay-color":"","overlay-opacity":"","overlay-gradient":""},"mobile":{"background-color":"var(--ast-global-color-5)","background-image":"","background-repeat":"repeat","background-position":"center center","background-size":"auto","background-attachment":"scroll","background-type":"","background-media":"","overlay-type":"","overlay-color":"","overlay-opacity":"","overlay-gradient":""}},"footnotes":""},"categories":[16],"tags":[],"class_list":["post-425","post","type-post","status-publish","format-standard","has-post-thumbnail","hentry","category-archives-cms"],"_links":{"self":[{"href":"https:\/\/lavoiedessansvoix.fr\/lavoie\/wp-json\/wp\/v2\/posts\/425","targetHints":{"allow":["GET"]}}],"collection":[{"href":"https:\/\/lavoiedessansvoix.fr\/lavoie\/wp-json\/wp\/v2\/posts"}],"about":[{"href":"https:\/\/lavoiedessansvoix.fr\/lavoie\/wp-json\/wp\/v2\/types\/post"}],"author":[{"embeddable":true,"href":"https:\/\/lavoiedessansvoix.fr\/lavoie\/wp-json\/wp\/v2\/users\/1"}],"replies":[{"embeddable":true,"href":"https:\/\/lavoiedessansvoix.fr\/lavoie\/wp-json\/wp\/v2\/comments?post=425"}],"version-history":[{"count":1,"href":"https:\/\/lavoiedessansvoix.fr\/lavoie\/wp-json\/wp\/v2\/posts\/425\/revisions"}],"predecessor-version":[{"id":2869,"href":"https:\/\/lavoiedessansvoix.fr\/lavoie\/wp-json\/wp\/v2\/posts\/425\/revisions\/2869"}],"wp:featuredmedia":[{"embeddable":true,"href":"https:\/\/lavoiedessansvoix.fr\/lavoie\/wp-json\/wp\/v2\/media\/4003"}],"wp:attachment":[{"href":"https:\/\/lavoiedessansvoix.fr\/lavoie\/wp-json\/wp\/v2\/media?parent=425"}],"wp:term":[{"taxonomy":"category","embeddable":true,"href":"https:\/\/lavoiedessansvoix.fr\/lavoie\/wp-json\/wp\/v2\/categories?post=425"},{"taxonomy":"post_tag","embeddable":true,"href":"https:\/\/lavoiedessansvoix.fr\/lavoie\/wp-json\/wp\/v2\/tags?post=425"}],"curies":[{"name":"wp","href":"https:\/\/api.w.org\/{rel}","templated":true}]}}