{"id":423,"date":"2023-10-13T03:23:00","date_gmt":"2023-10-13T01:23:00","guid":{"rendered":"https:\/\/lavoiedessansvoix.fr\/lavoie\/2023\/10\/13\/archive-les-gradations-de-l-horreur\/"},"modified":"2026-04-26T20:28:28","modified_gmt":"2026-04-26T18:28:28","slug":"archive-les-gradations-de-l-horreur","status":"publish","type":"post","link":"https:\/\/lavoiedessansvoix.fr\/lavoie\/2023\/10\/13\/archive-les-gradations-de-l-horreur\/","title":{"rendered":"LES GRADATIONS DE L\u2019HORREUR ?"},"content":{"rendered":"<p>LES GRADATIONS DE L\u2019HORREUR ?Oui, nous voil\u00e0 rendu dans l\u2019horreur absolue. Oh, non point tant \u00e0 cause de l\u2019attaque palestinienne contre les populations civile d\u2019Isra\u00ebl ni m\u00eame \u00e0 cause de la riposte barbare de l\u2019Etat h\u00e9breu, mais\u00e0 cause de la doxa pro-isra\u00e9lienne impos\u00e9e \u00e0 l\u2019opinion publique occidentale comme un dogme intangible. A cause du parti pris de l\u2019\u00c9tat et de la meute m\u00e9diatique pour l\u2019un des bellig\u00e9rants. A cause du deux poids deux mesures dans les jugements et les \u00e9motions. A cause du mensonge honteux qu\u2019un tel d\u00e9s\u00e9quilibre constitue et g\u00e9n\u00e8re. A cause des haines plus grandes encore qu\u2019une telle injustice doit n\u00e9cessairement engendrer.Oui nous voil\u00e0 rendu dans l\u2019horreur du banditisme d\u2019\u00c9tat, de la dictature de la pens\u00e9e unique, de la Barbarie intellectuelle.La Hamas a port\u00e9 une attaque sanglante en territoire Isra\u00e9lien occasionnant un grand nombre de victimes civiles. C\u2019est horrible, du point de vue des conventions c\u2019est sans nul doute un crime de guerre. Mais les chiens imp\u00e9rialistes qui hurlent \u00e0 la mort aujourd\u2019hui et justifient ou appellent m\u00eame \u00e0 la plus terrible des vengeances isra\u00e9liennes, ont-ils affich\u00e9s tant d\u2019\u00e9motion pour les dizaines de milliers de victimes civiles palestinienne des actions militaires terroristes multiples de l\u2019\u00c9tat h\u00e9breu depuis plusieurs d\u00e9cennies ? Ce sont-ils jamais \u00e9mus des multiples crimes de guerre perp\u00e9tr\u00e9s par Tsahal contre les populations palestiniennes ? (Bombardement de zone civiles, destructions d\u2019habitations, assassinats cibl\u00e9s, etc.)Je n\u2019ai pas \u00e0 ma disposition tous les bilans chiffr\u00e9s des victimes palestiniennes des exactions multiples de Tsahal (l\u2019arm\u00e9e isra\u00e9lienne). Dans le contexte actuel d\u2019hyst\u00e9rie m\u00e9diatique, quand Wikip\u00e9dia est devenu un simple auxiliaire technique de la doxa pro-isra\u00e9lienne, la recherche de ses donn\u00e9es est rendue difficile pour le citoyen lambda. Mais nous les trouverons et nous les publierons. Je me limiterai \u00e0 publier ici pour l\u2019instant un bilan tr\u00e8s, tr\u00e8s partiel, puisqu\u2019il ne couvre que la p\u00e9riode de 2008 \u00e0 2020, mais d\u00e9j\u00e0 fort illustratif. \u00ab Le Bureau des Nations unies pour la coordination des affaires humanitaires (OCHA) recense les victimes du conflit depuis 2008. Les donn\u00e9es montrent qu&rsquo;il a caus\u00e9 la mort de 5 600 Palestiniens entre 2008 et 2020, tandis que 115 000 ont \u00e9t\u00e9 bless\u00e9s. Du c\u00f4t\u00e9 isra\u00e9lien, on recense 250 victimes sur la m\u00eame p\u00e9riode et plus de 5 600 bless\u00e9s. \u00bb (Stiatista)Certes nous d\u00e9plorons la situation d\u2019extr\u00eame violence o\u00f9 les choses sont rendues. Certes nous d\u00e9plorons les victimes civiles de part et d\u2019autre. Mais nous le r\u00e9affirmons, et nul ne nous fera taire, pas m\u00eame monsieur Darmanin qui interdit les manifestations de soutien au peuple palestinien (mais pas celles en soutien \u00e0 Isra\u00ebl), la lutte du peuple palestinien pour la reconnaissance de ses droits nationaux est et reste, , une lutte juste et justifi\u00e9e qui m\u00e9rite et conserve notre soutien ind\u00e9fectible malgr\u00e9 les circonstances actuelles.Patrick Seignon. \u00ab lavoiedessansvoix.fr \u00bb. Vendredi 13 octobre 2023.<\/p>\n","protected":false},"excerpt":{"rendered":"<p>LES GRADATIONS DE L\u2019HORREUR ?Oui, nous voil\u00e0 rendu dans l\u2019horreur absolue. Oh, non point tant \u00e0 cause de l\u2019attaque palestinienne [&hellip;]<\/p>\n","protected":false},"author":1,"featured_media":4001,"comment_status":"open","ping_status":"open","sticky":false,"template":"","format":"standard","meta":{"sfsi_plus_gutenberg_text_before_share":"","sfsi_plus_gutenberg_show_text_before_share":"","sfsi_plus_gutenberg_icon_type":"","sfsi_plus_gutenberg_icon_alignemt":"","sfsi_plus_gutenburg_max_per_row":"","site-sidebar-layout":"default","site-content-layout":"","ast-site-content-layout":"default","site-content-style":"default","site-sidebar-style":"default","ast-global-header-display":"","ast-banner-title-visibility":"","ast-main-header-display":"","ast-hfb-above-header-display":"","ast-hfb-below-header-display":"","ast-hfb-mobile-header-display":"","site-post-title":"","ast-breadcrumbs-content":"","ast-featured-img":"","footer-sml-layout":"","ast-disable-related-posts":"","theme-transparent-header-meta":"","adv-header-id-meta":"","stick-header-meta":"","header-above-stick-meta":"","header-main-stick-meta":"","header-below-stick-meta":"","astra-migrate-meta-layouts":"default","ast-page-background-enabled":"default","ast-page-background-meta":{"desktop":{"background-color":"var(--ast-global-color-4)","background-image":"","background-repeat":"repeat","background-position":"center center","background-size":"auto","background-attachment":"scroll","background-type":"","background-media":"","overlay-type":"","overlay-color":"","overlay-opacity":"","overlay-gradient":""},"tablet":{"background-color":"","background-image":"","background-repeat":"repeat","background-position":"center center","background-size":"auto","background-attachment":"scroll","background-type":"","background-media":"","overlay-type":"","overlay-color":"","overlay-opacity":"","overlay-gradient":""},"mobile":{"background-color":"","background-image":"","background-repeat":"repeat","background-position":"center center","background-size":"auto","background-attachment":"scroll","background-type":"","background-media":"","overlay-type":"","overlay-color":"","overlay-opacity":"","overlay-gradient":""}},"ast-content-background-meta":{"desktop":{"background-color":"var(--ast-global-color-5)","background-image":"","background-repeat":"repeat","background-position":"center center","background-size":"auto","background-attachment":"scroll","background-type":"","background-media":"","overlay-type":"","overlay-color":"","overlay-opacity":"","overlay-gradient":""},"tablet":{"background-color":"var(--ast-global-color-5)","background-image":"","background-repeat":"repeat","background-position":"center center","background-size":"auto","background-attachment":"scroll","background-type":"","background-media":"","overlay-type":"","overlay-color":"","overlay-opacity":"","overlay-gradient":""},"mobile":{"background-color":"var(--ast-global-color-5)","background-image":"","background-repeat":"repeat","background-position":"center center","background-size":"auto","background-attachment":"scroll","background-type":"","background-media":"","overlay-type":"","overlay-color":"","overlay-opacity":"","overlay-gradient":""}},"footnotes":""},"categories":[16],"tags":[],"class_list":["post-423","post","type-post","status-publish","format-standard","has-post-thumbnail","hentry","category-archives-cms"],"_links":{"self":[{"href":"https:\/\/lavoiedessansvoix.fr\/lavoie\/wp-json\/wp\/v2\/posts\/423","targetHints":{"allow":["GET"]}}],"collection":[{"href":"https:\/\/lavoiedessansvoix.fr\/lavoie\/wp-json\/wp\/v2\/posts"}],"about":[{"href":"https:\/\/lavoiedessansvoix.fr\/lavoie\/wp-json\/wp\/v2\/types\/post"}],"author":[{"embeddable":true,"href":"https:\/\/lavoiedessansvoix.fr\/lavoie\/wp-json\/wp\/v2\/users\/1"}],"replies":[{"embeddable":true,"href":"https:\/\/lavoiedessansvoix.fr\/lavoie\/wp-json\/wp\/v2\/comments?post=423"}],"version-history":[{"count":1,"href":"https:\/\/lavoiedessansvoix.fr\/lavoie\/wp-json\/wp\/v2\/posts\/423\/revisions"}],"predecessor-version":[{"id":2865,"href":"https:\/\/lavoiedessansvoix.fr\/lavoie\/wp-json\/wp\/v2\/posts\/423\/revisions\/2865"}],"wp:featuredmedia":[{"embeddable":true,"href":"https:\/\/lavoiedessansvoix.fr\/lavoie\/wp-json\/wp\/v2\/media\/4001"}],"wp:attachment":[{"href":"https:\/\/lavoiedessansvoix.fr\/lavoie\/wp-json\/wp\/v2\/media?parent=423"}],"wp:term":[{"taxonomy":"category","embeddable":true,"href":"https:\/\/lavoiedessansvoix.fr\/lavoie\/wp-json\/wp\/v2\/categories?post=423"},{"taxonomy":"post_tag","embeddable":true,"href":"https:\/\/lavoiedessansvoix.fr\/lavoie\/wp-json\/wp\/v2\/tags?post=423"}],"curies":[{"name":"wp","href":"https:\/\/api.w.org\/{rel}","templated":true}]}}