{"id":418,"date":"2023-10-20T08:12:00","date_gmt":"2023-10-20T06:12:00","guid":{"rendered":"https:\/\/lavoiedessansvoix.fr\/lavoie\/2023\/10\/20\/archive-je-porte-plainte-contre-monsieur-patrice-latron-prefet-d-indre-et-loire\/"},"modified":"2026-04-26T20:27:41","modified_gmt":"2026-04-26T18:27:41","slug":"archive-je-porte-plainte-contre-monsieur-patrice-latron-prefet-d-indre-et-loire","status":"publish","type":"post","link":"https:\/\/lavoiedessansvoix.fr\/lavoie\/2023\/10\/20\/archive-je-porte-plainte-contre-monsieur-patrice-latron-prefet-d-indre-et-loire\/","title":{"rendered":"Je porte plainte contre Monsieur Patrice Latron Pr\u00e9fet d&rsquo;Indre et Loire."},"content":{"rendered":"<p>IJe porte plainte contre Monsieur Patrice Latron Pr\u00e9fet d&rsquo;Indre et Loire.1 \u2013 Pour abus de pouvoir. Le droit de manifester \u00e9tant un droit r\u00e9publicain imprescriptible. Personne, pas m\u00eame le Ministre de l\u2019int\u00e9rieur, ni le Pr\u00e9sident de la r\u00e9publique, ni bien s\u00fbr un pr\u00e9fet n\u2019est en droit ; sauf \u00e0 choir dans l\u2019arbitraire, de s\u2019opposer \u00e0 l\u2019exercice de ce droit citoyen.2 \u2013 Pour injure publique \u00e0 l\u2019endroit des organisations qui ont appel\u00e9 \u00e0 manifester et des citoyens d\u2019Indre et Loire qui souhaitent le faire. Car qualifier \u00ab d\u2019atteinte \u00e0 la dignit\u00e9 humaine \u00bb une mobilisation populaire qui veut pr\u00e9venir le massacre d\u2019une population civile, constitue bien une injure \u00e0 la conscience.3 \u2013Pour complicit\u00e9 de \u00ab\u00a0crimes de guerre\u00a0\u00bb et de \u00ab\u00a0crimes contre l&rsquo;Humanit\u00e9\u00a0\u00bb. Car vouloir faire taire les soutiens \u00e0 la cause palestinienne c&rsquo;est n\u00e9cessairement une mani\u00e8re de soutenir la cause de l\u2019\u00c9tat Isra\u00e9lien, c&rsquo;est se solidariser avec une arm\u00e9e de massacreurs, se rendre complice des crimes de guerre et contre l\u2019humanit\u00e9, dont celle-ci se souille.Patrick Seignon. \u00ab lavoiedessansvoix .fr \u00bb. Vendredi 20 octobre 2023.<\/p>\n","protected":false},"excerpt":{"rendered":"<p>IJe porte plainte contre Monsieur Patrice Latron Pr\u00e9fet d&rsquo;Indre et Loire.1 \u2013 Pour abus de pouvoir. Le droit de manifester [&hellip;]<\/p>\n","protected":false},"author":1,"featured_media":3996,"comment_status":"open","ping_status":"open","sticky":false,"template":"","format":"standard","meta":{"sfsi_plus_gutenberg_text_before_share":"","sfsi_plus_gutenberg_show_text_before_share":"","sfsi_plus_gutenberg_icon_type":"","sfsi_plus_gutenberg_icon_alignemt":"","sfsi_plus_gutenburg_max_per_row":"","site-sidebar-layout":"default","site-content-layout":"","ast-site-content-layout":"default","site-content-style":"default","site-sidebar-style":"default","ast-global-header-display":"","ast-banner-title-visibility":"","ast-main-header-display":"","ast-hfb-above-header-display":"","ast-hfb-below-header-display":"","ast-hfb-mobile-header-display":"","site-post-title":"","ast-breadcrumbs-content":"","ast-featured-img":"","footer-sml-layout":"","ast-disable-related-posts":"","theme-transparent-header-meta":"","adv-header-id-meta":"","stick-header-meta":"","header-above-stick-meta":"","header-main-stick-meta":"","header-below-stick-meta":"","astra-migrate-meta-layouts":"default","ast-page-background-enabled":"default","ast-page-background-meta":{"desktop":{"background-color":"var(--ast-global-color-4)","background-image":"","background-repeat":"repeat","background-position":"center center","background-size":"auto","background-attachment":"scroll","background-type":"","background-media":"","overlay-type":"","overlay-color":"","overlay-opacity":"","overlay-gradient":""},"tablet":{"background-color":"","background-image":"","background-repeat":"repeat","background-position":"center center","background-size":"auto","background-attachment":"scroll","background-type":"","background-media":"","overlay-type":"","overlay-color":"","overlay-opacity":"","overlay-gradient":""},"mobile":{"background-color":"","background-image":"","background-repeat":"repeat","background-position":"center center","background-size":"auto","background-attachment":"scroll","background-type":"","background-media":"","overlay-type":"","overlay-color":"","overlay-opacity":"","overlay-gradient":""}},"ast-content-background-meta":{"desktop":{"background-color":"var(--ast-global-color-5)","background-image":"","background-repeat":"repeat","background-position":"center center","background-size":"auto","background-attachment":"scroll","background-type":"","background-media":"","overlay-type":"","overlay-color":"","overlay-opacity":"","overlay-gradient":""},"tablet":{"background-color":"var(--ast-global-color-5)","background-image":"","background-repeat":"repeat","background-position":"center center","background-size":"auto","background-attachment":"scroll","background-type":"","background-media":"","overlay-type":"","overlay-color":"","overlay-opacity":"","overlay-gradient":""},"mobile":{"background-color":"var(--ast-global-color-5)","background-image":"","background-repeat":"repeat","background-position":"center center","background-size":"auto","background-attachment":"scroll","background-type":"","background-media":"","overlay-type":"","overlay-color":"","overlay-opacity":"","overlay-gradient":""}},"footnotes":""},"categories":[16],"tags":[],"class_list":["post-418","post","type-post","status-publish","format-standard","has-post-thumbnail","hentry","category-archives-cms"],"_links":{"self":[{"href":"https:\/\/lavoiedessansvoix.fr\/lavoie\/wp-json\/wp\/v2\/posts\/418","targetHints":{"allow":["GET"]}}],"collection":[{"href":"https:\/\/lavoiedessansvoix.fr\/lavoie\/wp-json\/wp\/v2\/posts"}],"about":[{"href":"https:\/\/lavoiedessansvoix.fr\/lavoie\/wp-json\/wp\/v2\/types\/post"}],"author":[{"embeddable":true,"href":"https:\/\/lavoiedessansvoix.fr\/lavoie\/wp-json\/wp\/v2\/users\/1"}],"replies":[{"embeddable":true,"href":"https:\/\/lavoiedessansvoix.fr\/lavoie\/wp-json\/wp\/v2\/comments?post=418"}],"version-history":[{"count":1,"href":"https:\/\/lavoiedessansvoix.fr\/lavoie\/wp-json\/wp\/v2\/posts\/418\/revisions"}],"predecessor-version":[{"id":2855,"href":"https:\/\/lavoiedessansvoix.fr\/lavoie\/wp-json\/wp\/v2\/posts\/418\/revisions\/2855"}],"wp:featuredmedia":[{"embeddable":true,"href":"https:\/\/lavoiedessansvoix.fr\/lavoie\/wp-json\/wp\/v2\/media\/3996"}],"wp:attachment":[{"href":"https:\/\/lavoiedessansvoix.fr\/lavoie\/wp-json\/wp\/v2\/media?parent=418"}],"wp:term":[{"taxonomy":"category","embeddable":true,"href":"https:\/\/lavoiedessansvoix.fr\/lavoie\/wp-json\/wp\/v2\/categories?post=418"},{"taxonomy":"post_tag","embeddable":true,"href":"https:\/\/lavoiedessansvoix.fr\/lavoie\/wp-json\/wp\/v2\/tags?post=418"}],"curies":[{"name":"wp","href":"https:\/\/api.w.org\/{rel}","templated":true}]}}