{"id":416,"date":"2023-10-26T18:02:00","date_gmt":"2023-10-26T16:02:00","guid":{"rendered":"https:\/\/lavoiedessansvoix.fr\/lavoie\/2023\/10\/26\/archive-l-ignoble-arrete-prefectoral-de-monsieur-latron\/"},"modified":"2026-04-26T20:27:25","modified_gmt":"2026-04-26T18:27:25","slug":"archive-l-ignoble-arrete-prefectoral-de-monsieur-latron","status":"publish","type":"post","link":"https:\/\/lavoiedessansvoix.fr\/lavoie\/2023\/10\/26\/archive-l-ignoble-arrete-prefectoral-de-monsieur-latron\/","title":{"rendered":"L\u2019IGNOBLE ARR\u00caT\u00c9 PR\u00c9FECTORAL  DE MONSIEUR LATRON"},"content":{"rendered":"<p>L\u2019IGNOBLE ARR\u00caT\u00c9 PR\u00c9FECTORAL DE MONSIEUR LATRONPour interdire la manifestation du vendredi 20 octobre \u00e0 Tours, en d\u00e9fense du peuple palestinien, monsieur Latron s\u2019\u00e9tait fendu d\u2019un arr\u00eat\u00e9 plus succinct mais non moins ignominieux, puisqu\u2019il qualifiait d\u00e9j\u00e0 la volont\u00e9 de faire cesser \u00ab le crime contre l\u2019Humanit\u00e9 \u00bb perp\u00e9tr\u00e9 \u00e0 Gaza par l\u2019Etat Isra\u00e9lien, \u00ab d\u2019atteinte \u00e0 la dignit\u00e9 humaine \u00bb.Afin d\u2019interdire la manifestation \u00e0 laquelle nous appelons samedi 28, le m\u00eame monsieur Latron se fend cette fois d\u2019un nouvel arr\u00eat\u00e9 tout aussi exhaustif qu\u2019ignoble dans ses attendus.Pr\u00e9fet, en charge de veiller au maintien de l\u2019ordre, il pouvait se limiter \u00e0 justifier son interdiction injustifiable par les \u00ab risques de troubles \u00e0 l\u2019ordre public \u00bb que cette manifestation pourrait engendrer, m\u00eame si chacun sait qu\u2019un tel pr\u00e9texte n\u2019en est qu\u2019un mauvais pour s\u2019opposer au libre exercice constitutionnel du droit d\u2019expression et de manifestation des citoyens.Mais monsieur Latron ne s\u2019en tient pas \u00e0 cela. Il justifie longuement sa d\u00e9cision par une description tendancieuse des faits et du contexte politique caract\u00e9ris\u00e9 \u00e0 son sens par l\u2019atrocit\u00e9 des crimes perp\u00e9tr\u00e9 par le Hamas contre des citoyens isra\u00e9liens en omettant de dire d\u2019une part qu\u2019un crime n\u2019en justifie pas un pire, et d\u2019autre part que les crimes de guerre et contre l\u2019humanit\u00e9 perp\u00e9tr\u00e9 depuis 76 ans par l\u2019Etat Isra\u00e9lien contre le peuple palestinien d\u00e9passe sans commune mesure toutes les atrocit\u00e9s dont le Hamas s\u2019est rendu coupable. Au nombre desquelles le blocus de Gaza qui dure depuis 16 ans.Monsieur Latron ne craint pas de recourir \u00e0 des arguments ignobles et calomnieux lorsqu\u2019il affirme que notre manifestation appel\u00e9 sous le mot d\u2019ordre de \u00ab l\u2019Arr\u00eat du massacre \u00e0 Gaza \u00bb  et l\u2019exigence d\u2019un cessez le feu est une manifestation de soutien \u00e0 une organisation terroriste. Je cite : \u00ab Consid\u00e9rant \u2026\u2026 qu\u2019une telle manifestation a pour objet, directement ou indirectement, de soutenir le Hamas, organisation reconnue comme terroriste par l\u2019Union europ\u00e9enne, \u00bbMonsieur Latron a outrepass\u00e9 l\u00e0 les comp\u00e9tences de sa fonction De telle mani\u00e8re que son arr\u00eat\u00e9 ne rel\u00e8ve plus des consid\u00e9rations de s\u00e9curit\u00e9 et d\u2019ordre, auxquels il faisait r\u00e9f\u00e9rence en pr\u00e9alable, mais d\u2019un parti pris id\u00e9ologique, extr\u00eamement partial, dans le d\u00e9bat public o\u00f9 il s\u2019immisce \u00e0 tort. D\u00e8s lors il apparait que les v\u00e9ritables raisons de cette interdiction sont la volont\u00e9 d\u2019entrave \u00e0 la libre conscience qui est le pr\u00e9alable de la libert\u00e9 de pens\u00e9e d\u2019expression et de manifestationL\u2019arr\u00eat\u00e9 de monsieur Latron n\u2019est donc pas la d\u00e9cision d\u2019un pr\u00e9fet de la R\u00e9publique mais l\u2019oukase d\u2019un vilain petit fonctionnaire d\u2019une Satrapie. Ce qui n\u2019est pas respectable ne doit pas \u00eatre respect\u00e9.Patrick Seignon. \u00ab lavoiedessanvoix.fr \u00bb. Jeudi 26 octobre 2923.<\/p>\n","protected":false},"excerpt":{"rendered":"<p>L\u2019IGNOBLE ARR\u00caT\u00c9 PR\u00c9FECTORAL DE MONSIEUR LATRONPour interdire la manifestation du vendredi 20 octobre \u00e0 Tours, en d\u00e9fense du peuple palestinien, [&hellip;]<\/p>\n","protected":false},"author":1,"featured_media":3994,"comment_status":"open","ping_status":"open","sticky":false,"template":"","format":"standard","meta":{"sfsi_plus_gutenberg_text_before_share":"","sfsi_plus_gutenberg_show_text_before_share":"","sfsi_plus_gutenberg_icon_type":"","sfsi_plus_gutenberg_icon_alignemt":"","sfsi_plus_gutenburg_max_per_row":"","site-sidebar-layout":"default","site-content-layout":"","ast-site-content-layout":"default","site-content-style":"default","site-sidebar-style":"default","ast-global-header-display":"","ast-banner-title-visibility":"","ast-main-header-display":"","ast-hfb-above-header-display":"","ast-hfb-below-header-display":"","ast-hfb-mobile-header-display":"","site-post-title":"","ast-breadcrumbs-content":"","ast-featured-img":"","footer-sml-layout":"","ast-disable-related-posts":"","theme-transparent-header-meta":"","adv-header-id-meta":"","stick-header-meta":"","header-above-stick-meta":"","header-main-stick-meta":"","header-below-stick-meta":"","astra-migrate-meta-layouts":"default","ast-page-background-enabled":"default","ast-page-background-meta":{"desktop":{"background-color":"var(--ast-global-color-4)","background-image":"","background-repeat":"repeat","background-position":"center center","background-size":"auto","background-attachment":"scroll","background-type":"","background-media":"","overlay-type":"","overlay-color":"","overlay-opacity":"","overlay-gradient":""},"tablet":{"background-color":"","background-image":"","background-repeat":"repeat","background-position":"center center","background-size":"auto","background-attachment":"scroll","background-type":"","background-media":"","overlay-type":"","overlay-color":"","overlay-opacity":"","overlay-gradient":""},"mobile":{"background-color":"","background-image":"","background-repeat":"repeat","background-position":"center center","background-size":"auto","background-attachment":"scroll","background-type":"","background-media":"","overlay-type":"","overlay-color":"","overlay-opacity":"","overlay-gradient":""}},"ast-content-background-meta":{"desktop":{"background-color":"var(--ast-global-color-5)","background-image":"","background-repeat":"repeat","background-position":"center center","background-size":"auto","background-attachment":"scroll","background-type":"","background-media":"","overlay-type":"","overlay-color":"","overlay-opacity":"","overlay-gradient":""},"tablet":{"background-color":"var(--ast-global-color-5)","background-image":"","background-repeat":"repeat","background-position":"center center","background-size":"auto","background-attachment":"scroll","background-type":"","background-media":"","overlay-type":"","overlay-color":"","overlay-opacity":"","overlay-gradient":""},"mobile":{"background-color":"var(--ast-global-color-5)","background-image":"","background-repeat":"repeat","background-position":"center center","background-size":"auto","background-attachment":"scroll","background-type":"","background-media":"","overlay-type":"","overlay-color":"","overlay-opacity":"","overlay-gradient":""}},"footnotes":""},"categories":[16],"tags":[],"class_list":["post-416","post","type-post","status-publish","format-standard","has-post-thumbnail","hentry","category-archives-cms"],"_links":{"self":[{"href":"https:\/\/lavoiedessansvoix.fr\/lavoie\/wp-json\/wp\/v2\/posts\/416","targetHints":{"allow":["GET"]}}],"collection":[{"href":"https:\/\/lavoiedessansvoix.fr\/lavoie\/wp-json\/wp\/v2\/posts"}],"about":[{"href":"https:\/\/lavoiedessansvoix.fr\/lavoie\/wp-json\/wp\/v2\/types\/post"}],"author":[{"embeddable":true,"href":"https:\/\/lavoiedessansvoix.fr\/lavoie\/wp-json\/wp\/v2\/users\/1"}],"replies":[{"embeddable":true,"href":"https:\/\/lavoiedessansvoix.fr\/lavoie\/wp-json\/wp\/v2\/comments?post=416"}],"version-history":[{"count":1,"href":"https:\/\/lavoiedessansvoix.fr\/lavoie\/wp-json\/wp\/v2\/posts\/416\/revisions"}],"predecessor-version":[{"id":2851,"href":"https:\/\/lavoiedessansvoix.fr\/lavoie\/wp-json\/wp\/v2\/posts\/416\/revisions\/2851"}],"wp:featuredmedia":[{"embeddable":true,"href":"https:\/\/lavoiedessansvoix.fr\/lavoie\/wp-json\/wp\/v2\/media\/3994"}],"wp:attachment":[{"href":"https:\/\/lavoiedessansvoix.fr\/lavoie\/wp-json\/wp\/v2\/media?parent=416"}],"wp:term":[{"taxonomy":"category","embeddable":true,"href":"https:\/\/lavoiedessansvoix.fr\/lavoie\/wp-json\/wp\/v2\/categories?post=416"},{"taxonomy":"post_tag","embeddable":true,"href":"https:\/\/lavoiedessansvoix.fr\/lavoie\/wp-json\/wp\/v2\/tags?post=416"}],"curies":[{"name":"wp","href":"https:\/\/api.w.org\/{rel}","templated":true}]}}